{"id":846,"date":"2020-03-15T07:52:48","date_gmt":"2020-03-15T07:52:48","guid":{"rendered":"https:\/\/www.ztz.rkc.si\/?p=846"},"modified":"2020-03-23T15:23:14","modified_gmt":"2020-03-23T15:23:14","slug":"svete-mase-na-daljavo","status":"publish","type":"post","link":"https:\/\/www.ztz.rkc.si\/index.php\/2020\/03\/15\/svete-mase-na-daljavo\/","title":{"rendered":"Svete ma\u0161e na daljavo"},"content":{"rendered":"<p><span style=\"font-family: arial, helvetica, sans-serif; font-size: 14pt; color: #ff0000;\"><strong>Seznam mo\u017enosti udele\u017ebe pri sv. ma\u0161i na daljavo v \u010dasu epidemije koronavirusa in izrednih ukrepov, preberite v dana\u0161njih oznanilih oziroma na tej strani.<\/strong><\/span><\/p>\n<p><span style=\"font-family: arial, helvetica, sans-serif; font-size: 14pt;\">Vir: Dru\u017eina, 12. 3. 2020 | <a href=\"https:\/\/www.druzina.si\/ICD\/spletnastran.nsf\/avtor\/ana-rupar?Open\">Ana Rupar<\/a><\/span><\/p>\n<p class=\"lead\"><span style=\"font-family: arial, helvetica, sans-serif; font-size: 14pt;\">Seznam mo\u017enosti udele\u017ebe pri sv. ma\u0161i na daljavo v \u010dasu epidemije koronavirusa in izrednih ukrepov.<\/span><\/p>\n<div class=\"article-content\"><span style=\"font-family: arial, helvetica, sans-serif; font-size: 14pt;\">V izogib \u0161irjenja novega koronavirusa in za ohranjanje zdravja prebivalstva so slovenski \u0161kofje odlo\u010dili, da so do nadaljnjega <b>odpovedane vse svete ma\u0161e<\/b>, podeljevanje zakramentov, zakramentalov, ljudske pobo\u017enosti, \u017eupnijska praznovanja in drugi dogodki ter vsa sre\u010danja.<img loading=\"lazy\" decoding=\"async\" src=\"https:\/\/www.druzina.si\/ICD\/spletnastran.nsf\/09e7857d008d6023c1257b4a0046689b\/8f3e4e5523455795c1258529003f0852\/Vsebina\/0.22A?OpenElement&amp;FieldElemFormat=jpg\" width=\"650\" height=\"400\" \/><\/span><br \/>\n<span style=\"font-family: arial, helvetica, sans-serif; font-size: 14pt;\"><i>Sv. ma\u0161e na spletu \u017ee predvajajo nekatere \u017eupnije, denimo \u017eupnija Koseze.<\/i><i> <\/i><i>Foto: zajem zaslona<\/i><\/span><span style=\"font-family: arial, helvetica, sans-serif; font-size: 14pt;\"><b>Svete ma\u0161e na daljavo<\/b><\/span><span style=\"font-family: arial, helvetica, sans-serif; font-size: 14pt;\">Pri sveti ma\u0161i lahko v tem izrednem \u010dasu sodelujemo na daljavo. Mo\u017enosti je veliko:<\/span><\/p>\n<p><span style=\"font-family: arial, helvetica, sans-serif; font-size: 14pt;\"><a href=\"https:\/\/radio.ognjisce.si\/\"><b>Radio Ognji\u0161\u010de<\/b><\/a><\/span><\/p>\n<ul>\n<li>\n<ul>\u00a0: neposredni prenos vsak dan ob 19. uri, v nedeljo ob 10. uri,<\/ul>\n<\/li>\n<\/ul>\n<p><span style=\"font-family: arial, helvetica, sans-serif; font-size: 14pt;\">&#8211; <a href=\"https:\/\/www.exodus.si\/\"><b>TV Exodus<\/b><\/a>: predvajanje vsak dan ob 6., 12., 18. uri in ob polno\u010di, vsako nedeljo neposredni prenos iz Bazilike Matere Usmiljenja v Mariboru ob 8.30,<\/span><\/p>\n<p><span style=\"font-family: arial, helvetica, sans-serif; font-size: 14pt;\">&#8211; <b>TV Slovenija<\/b>: neposredni prenos na <a href=\"https:\/\/4d.rtvslo.si\/zivo\/tvs2\"><b>drugem programu<\/b><\/a> v nedeljo ob 10. uri (to nedeljo bo prenos iz mariborske stolnice),<\/span><\/p>\n<p><span style=\"font-family: arial, helvetica, sans-serif; font-size: 14pt;\">&#8211; Portal Pridi.com, <a href=\"https:\/\/www.pridi.com\/sveta-masa-v-zivo\/\"><b>prenos iz \u017eupnijske cerkve Marije Bo\u017eje Matere v Kosezah<\/b><\/a>: ob delavnikih ob 7. in 18.30 uri (ob petkih je pol ure pred ma\u0161o tudi prenos kri\u017eevega pota), ob nedeljah od 8. in 10. uri,<\/span><\/p>\n<p><span style=\"font-family: arial, helvetica, sans-serif; font-size: 14pt;\">&#8211; Kapucini Ljubljana \u2013 \u0160tepanja <a href=\"https:\/\/zupnija-stepanja-vas.rkc.si\/prenos\/?fbclid=IwAR1x7BN0HpD-rcc_nw6HARcFcrmDNSDxXjkr7CfHDqAT-M5VsDHjreupzPY\"><b>video prenos na spletu<\/b><\/a>: ob delavnikih ob 19. uri, ob nedeljah ob 8., 9.15 in 10.30 uri,<\/span><\/p>\n<p><span style=\"font-family: arial, helvetica, sans-serif; font-size: 14pt;\">&#8211; Kapucini \u0160kofja Loka <a href=\"https:\/\/oblak.kapucini.si\/cerkev.php\"><b>imajo prenos na spletu<\/b><\/a>: od ponedeljka do petka ob 8. uri, ob nedeljah ob 8., 11. in 18. uri,<\/span><\/p>\n<p><span style=\"font-family: arial, helvetica, sans-serif; font-size: 14pt;\">&#8211; <a href=\"https:\/\/www.bazilika.info\/?page_id=996\"><b>Bazilika Matere Usmiljenja v Mariboru<\/b><\/a>: vsak dan ob 9. in 19 uri,<\/span><\/p>\n<p><span style=\"font-family: arial, helvetica, sans-serif; font-size: 14pt;\">&#8211; \u017dupnija Srednja vas v Bohinju na <a href=\"https:\/\/www.facebook.com\/Zupnikm\"><b>facebook strani \u017eupnika Martina Goloba<\/b><\/a> vsak dan ob 19. uri,<\/span><\/p>\n<p><span style=\"font-family: arial, helvetica, sans-serif; font-size: 14pt;\">&#8211; \u017dupnija Sora na <a href=\"https:\/\/www.facebook.com\/zupnijasora\"><b>facebook strani \u017eupnije<\/b><\/a> ob nedeljah ob 9.30,<\/span><\/p>\n<p><span style=\"font-family: arial, helvetica, sans-serif; font-size: 14pt;\">&#8211; \u017dupnija Mozirje na <a href=\"https:\/\/www.youtube.com\/channel\/UC3rrQcJZnARkMA2rBL6QvZw\"><b>YouTube kanalu \u017eupnije<\/b><\/a>: od ponedeljka do sobote ob 19. uri, ob nedeljah ob 10. uri (\u017eupnik Sandi KOren ima vsak dan postni nagovor v pripravi na \u017eupnijski misijon).<\/span><\/p>\n<p><span style=\"font-family: arial, helvetica, sans-serif; font-size: 14pt;\">Pri tem smo povabljeni, da starej\u0161im, ki sami z novim tehnologijami ne znajo toliko postopati, pomagamo in omogo\u010dimo, da bodo tudi oni lahko na daljavo sodelovali pri bogoslu\u017ejih.Sv. ma\u0161e na spletu \u017ee predvajajo tudi nekatere druge \u017eupnije. Seznam sproti dopolnjujemo in vas vabimo, da nam informacije o spletnih prenosih svetih ma\u0161 posredujete na <b>ana.rupar@druzina.si<\/b>.<\/span><\/p>\n<p><span style=\"font-family: arial, helvetica, sans-serif; font-size: 14pt;\"><i>Ma\u0161na besedila z Bo\u017ejo besedo za vsak dan lahko prebirate tudi v reviji Magnificat. Foto: Tatjana Splichal<\/i><\/span><\/p>\n<p><span style=\"font-family: arial, helvetica, sans-serif; font-size: 14pt;\"><b>Dnevna Bo\u017eja beseda<\/b><\/span><\/p>\n<p><span style=\"font-family: arial, helvetica, sans-serif; font-size: 14pt;\">Ko ne moremo prisostvovati pri sveti ma\u0161i evharisti\u010dno lahko \u017eivimo tudi s prebiranjem in premi\u0161ljevanjem <a href=\"https:\/\/hozana.si\/\"><b>dnevne Bo\u017eje besede, ki jo lahko najdemo na spletu<\/b><\/a> ali pa si na svoj mobilni telefon nalo\u017eimo <a href=\"https:\/\/play.google.com\/store\/apps\/details?id=com.sirma.mobile.bible.android&amp;hl=sl\"><b>aplikacijo Sveto pismo<\/b><\/a>.<\/span><\/p>\n<p><span style=\"font-family: arial, helvetica, sans-serif; font-size: 14pt;\">Ma\u0161na besedila z Bo\u017ejo besedo za vsak dan lahko prebirate tudi v <a href=\"http:\/\/www.druzina.si\/ICD\/spletnastran.nsf\/revija\/magnificat?Open\"><b>molitveno-bogoslu\u017eni reviji Magnificat<\/b><\/a>, ki je lahko z vami tudi z jutranjo in ve\u010derno molitvijo, vsakodnevno meditacijo in \u017eivljenjepisom svetnika.<\/span><\/p>\n<p><span style=\"font-family: arial, helvetica, sans-serif; font-size: 14pt;\"><b>Ko ne moremo prejeti obhajila<\/b><\/span><\/p>\n<p><span style=\"font-family: arial, helvetica, sans-serif; font-size: 14pt;\">Kadar nismo osebno prisotni pri sveti ma\u0161i in ne moremo prejeti obhajila, lahko uporabimo <a href=\"http:\/\/www.druzina.si\/ICD\/spletnastran.nsf\/clanek\/kako-prejemamo-duhovno-obhajilo?Open\"><b>duhovno obhajilo<\/b><\/a>. To je mogo\u010dna molitev, ki jo preredko uporabljamo. Duhovno obhajilo je lahko razli\u010dno, sv. Janez Marija VIanney je neko\u010d rekel: \u00bbKo ne moremo iti v cerkev, se obrnimo k tabernaklju. Noben zid nas ne more lo\u010diti od dobrega Boga.\u00ab<\/span><\/p>\n<p><span style=\"font-family: arial, helvetica, sans-serif; font-size: 14pt;\">Kako lahko \u017eivimo evharisti\u010dno, tudi takrat ko osebno ne moremo biti pri ma\u0161i, najdete tudi v \u010dlanku Aleteie.si z naslovom <a href=\"https:\/\/si.aleteia.org\/2019\/10\/01\/si-zelite-iti-vsak-dan-k-masi-pa-preprosto-ne-morete\/\"><b><i>Si \u017eelite iti vsak dan k ma\u0161i, pa preprosto ne morete?<\/i><\/b><\/a><\/span><\/p>\n<\/div>\n","protected":false},"excerpt":{"rendered":"<p>Seznam mo\u017enosti udele\u017ebe pri sv. ma\u0161i na daljavo v \u010dasu epidemije koronavirusa in izrednih ukrepov, preberite v dana\u0161njih oznanilih oziroma na tej strani. Vir: Dru\u017eina, 12. 3. 2020 | Ana Rupar Seznam mo\u017enosti udele\u017ebe pri sv. ma\u0161i na daljavo v \u010dasu epidemije koronavirusa in izrednih ukrepov. V izogib \u0161irjenja novega koronavirusa in za ohranjanje zdravja <a class=\"read-more\" href=\"https:\/\/www.ztz.rkc.si\/index.php\/2020\/03\/15\/svete-mase-na-daljavo\/\">Preberi ve\u010d<\/a><\/p>\n","protected":false},"author":2,"featured_media":839,"comment_status":"open","ping_status":"open","sticky":false,"template":"","format":"standard","meta":{"footnotes":""},"categories":[1],"tags":[],"class_list":["post-846","post","type-post","status-publish","format-standard","has-post-thumbnail","hentry","category-uncategorized"],"_links":{"self":[{"href":"https:\/\/www.ztz.rkc.si\/index.php\/wp-json\/wp\/v2\/posts\/846","targetHints":{"allow":["GET"]}}],"collection":[{"href":"https:\/\/www.ztz.rkc.si\/index.php\/wp-json\/wp\/v2\/posts"}],"about":[{"href":"https:\/\/www.ztz.rkc.si\/index.php\/wp-json\/wp\/v2\/types\/post"}],"author":[{"embeddable":true,"href":"https:\/\/www.ztz.rkc.si\/index.php\/wp-json\/wp\/v2\/users\/2"}],"replies":[{"embeddable":true,"href":"https:\/\/www.ztz.rkc.si\/index.php\/wp-json\/wp\/v2\/comments?post=846"}],"version-history":[{"count":2,"href":"https:\/\/www.ztz.rkc.si\/index.php\/wp-json\/wp\/v2\/posts\/846\/revisions"}],"predecessor-version":[{"id":859,"href":"https:\/\/www.ztz.rkc.si\/index.php\/wp-json\/wp\/v2\/posts\/846\/revisions\/859"}],"wp:featuredmedia":[{"embeddable":true,"href":"https:\/\/www.ztz.rkc.si\/index.php\/wp-json\/wp\/v2\/media\/839"}],"wp:attachment":[{"href":"https:\/\/www.ztz.rkc.si\/index.php\/wp-json\/wp\/v2\/media?parent=846"}],"wp:term":[{"taxonomy":"category","embeddable":true,"href":"https:\/\/www.ztz.rkc.si\/index.php\/wp-json\/wp\/v2\/categories?post=846"},{"taxonomy":"post_tag","embeddable":true,"href":"https:\/\/www.ztz.rkc.si\/index.php\/wp-json\/wp\/v2\/tags?post=846"}],"curies":[{"name":"wp","href":"https:\/\/api.w.org\/{rel}","templated":true}]}}