{"id":825,"date":"2020-03-13T14:19:09","date_gmt":"2020-03-13T14:19:09","guid":{"rendered":"https:\/\/www.ztz.rkc.si\/?p=825"},"modified":"2020-03-13T14:21:54","modified_gmt":"2020-03-13T14:21:54","slug":"izredna-navodila-slovenskih-skofov-za-preprecevanje-sirjenja-koronavirusa-covid-19-odpoved-svetih-mas-do-preklica","status":"publish","type":"post","link":"https:\/\/www.ztz.rkc.si\/index.php\/2020\/03\/13\/izredna-navodila-slovenskih-skofov-za-preprecevanje-sirjenja-koronavirusa-covid-19-odpoved-svetih-mas-do-preklica\/","title":{"rendered":"Izredna navodila slovenskih \u0161kofov za prepre\u010devanje \u0161irjenja koronavirusa COVID-19: odpoved svetih ma\u0161 do preklica"},"content":{"rendered":"<p><span style=\"font-size: 18pt; color: #ff0000;\"><strong><span style=\"font-family: arial, helvetica, sans-serif;\">Slovenski \u0161kofje spremljajo ukrepe dr\u017eave na podro\u010dju prepre\u010devanja virusnih oku\u017eb in \u0161irjenja koronavirusa COVID-19. Glede na zaostrene razmere, po posvetu s strokovnjaki in z \u017eeljo, da se za\u0161\u010diti zdravje in \u017eivljenja vernikov, \u0161kofje dolo\u010dajo izredne ukrepe, ki stopijo v veljavo v petek, 13. marca 2020, ob 00.00 in trajajo do preklica.<\/span><\/strong><\/span><\/p>\n<div>\n<p><span style=\"font-family: arial, helvetica, sans-serif; font-size: 14pt;\"><strong>1. V izogib \u0161irjenju koronavirusa COVID-19 in za ohranjanje zdravja prebivalstva, so do nadaljnjega odpovedane vse svete ma\u0161e, podeljevanje zakramentov, zakramentalov, ljudske pobo\u017enosti, \u017eupnijska praznovanja in drugi dogodki ter vsa sre\u010danja.<\/strong><\/span><\/p>\n<p><span style=\"font-family: arial, helvetica, sans-serif; font-size: 14pt;\">2. Duhovniki darujejo svete ma\u0161e po sprejetih namenih izklju\u010dno zasebno, brez prisotnosti vernikov. Soma\u0161evanje duhovnikov in skupno obhajanje ni dovoljeno.<\/span><\/p>\n<p><span style=\"font-family: arial, helvetica, sans-serif; font-size: 14pt;\">3. Svete ma\u0161e in kri\u017eevi poti ter druge oblike pobo\u017enosti na prostem niso dovoljeni.<\/span><\/p>\n<p><span style=\"font-family: arial, helvetica, sans-serif; font-size: 14pt;\">4. \u0160kofje ordinariji do preklica podeljujejo slovenskim katoli\u010danom spregled od dol\u017enosti udele\u017ebe pri nedeljski sveti ma\u0161i. Verniki naj nadomestijo odsotnost od svetega bogoslu\u017eja z molitvijo, postom, dobrimi deli, prebiranjem Bo\u017eje besede, spremljanjem svete ma\u0161e po radiu, TV oziroma spletu ter s prejemom duhovnega obhajila. (priloga \u0161t. 1).<\/span><\/p>\n<p><span style=\"font-family: arial, helvetica, sans-serif; font-size: 14pt;\">5. \u017dupniki\u00a0na vrata cerkva pritrdijo obvestilo, na katerem naj bo napisano: \u00bbSvete ma\u0161e so do nadaljnjega odpovedane. Mo\u017ena je osebna molitev zdravih vernikov pod pogojem, da v cerkvi\/kapeli ni ve\u010d kot 10 oseb in so med seboj oddaljene vsaj 1,5 metra.\u00ab<\/span><\/p>\n<p><span style=\"font-family: arial, helvetica, sans-serif; font-size: 14pt;\">6. Kjer je to mogo\u010de, so lahko cerkve v \u010dasu epidemije odprte izklju\u010dno pod naslednjimi pogoji:<\/span><\/p>\n<p><span style=\"font-family: arial, helvetica, sans-serif; font-size: 14pt;\">a) Cerkve so odprte samo za osebno molitev zdravih vernikov brez simptomov akutne plju\u010dne bolezni.<\/span><br \/>\n<span style=\"font-family: arial, helvetica, sans-serif; font-size: 14pt;\">b) Isto\u010dasno je lahko v cerkvi najve\u010d 10 oseb, med katerimi mora biti vsaj 1,5 metra razdalje.<\/span><br \/>\n<span style=\"font-family: arial, helvetica, sans-serif; font-size: 14pt;\">c) Cerkev, ki je odprta za vernike, je treba vsaj dvakrat na dan o\u010distiti z razku\u017eilnimi sredstvi (kljuke vrat, klopi itd.).<\/span><br \/>\n<span style=\"font-family: arial, helvetica, sans-serif; font-size: 14pt;\">\u010d) Vernikom mora biti v cerkvi na voljo razku\u017eilno sredstvo za roke.<\/span><\/p>\n<p><span style=\"font-family: arial, helvetica, sans-serif; font-size: 14pt;\">7. Spovedovanje je odlo\u017eeno za nedolo\u010den \u010das.<\/span><\/p>\n<p><span style=\"font-family: arial, helvetica, sans-serif; font-size: 14pt;\">8. Dovoljeni so cerkveni pogrebi ob strogem upo\u0161tevanju navodil dr\u017eavnih ustanov. Pogreb se opravi brez pogrebne svete ma\u0161e in samo z najo\u017ejimi sorodniki. Pogrebna sveta ma\u0161a bo lahko darovana po preklicu tega navodila.<\/span><\/p>\n<p><span style=\"font-family: arial, helvetica, sans-serif; font-size: 14pt;\">9. V smrtni nevarnosti je dovoljeno podeljevanje bolni\u0161kega maziljenja ob upo\u0161tevanju, da sta duhovnik in bolnik ustrezno za\u0161\u010ditena.<\/span><\/p>\n<p><span style=\"font-family: arial, helvetica, sans-serif; font-size: 14pt;\">10. Podeljevanje zakramenta svetega krsta in poroke se prelo\u017ei.<\/span><\/p>\n<p><span style=\"font-family: arial, helvetica, sans-serif; font-size: 14pt;\">11. Bolni\u0161ki duhovniki in duhovniki, ki oskrbujejo domove za ostarele in druge podobne ustanove, morajo upo\u0161tevati navodila omenjenih ustanov za prepre\u010devanje oku\u017eb.<\/span><\/p>\n<p><span style=\"font-family: arial, helvetica, sans-serif; font-size: 14pt;\">12.\u00a0<strong>Do preklica po \u017eupnijah ni verouka in drugih oblik izobra\u017eevanja ter \u017eupnijskih sre\u010danj.\u00a0<\/strong><strong>Kateheti naj star\u0161e prosijo, da manjkajo\u010do snov predelajo skupaj s svojimi otroki.<\/strong><\/span><\/p>\n<p><span style=\"font-family: arial, helvetica, sans-serif; font-size: 14pt;\">13. \u0160kofijske in \u017eupnijske pisarne, cerkveni arhivi ter drugi cerkveni uradi ostanejo do nadaljnjega zaprti. Verniki se lahko na \u017eupnijske urade obrnejo samo po telefonu oziroma e-po\u0161ti.<\/span><\/p>\n<p><span style=\"font-family: arial, helvetica, sans-serif; font-size: 14pt;\">14. Katoli\u0161ki vrtci, \u0161ole in druge izobra\u017eevalne ter karitativne ustanove morajo slediti navodilom\u00a0<em>Nacionalnega in\u0161tituta za javno zdravje<\/em>\u00a0in\u00a0<em>Ministrstva za zdravje RS<\/em>.<\/span><\/p>\n<p><span style=\"font-family: arial, helvetica, sans-serif; font-size: 14pt;\">15. V samostanih naj redovnice in redovniki omejijo izhode ter stike z zunanjimi obiskovalci. V samostanskih kapelah naj izpraznijo kropilnike z blagoslovljeno vodo.<\/span><\/p>\n<p><span style=\"font-family: arial, helvetica, sans-serif; font-size: 14pt;\"><strong>16. Vsi verniki (\u0161e zlasti starej\u0161i) naj se preventivno samoizolirajo ter posvetijo \u010das molitvi za zdravje bolnikov, zdravstvenega osebja in \u010dim prej\u0161nji konec epidemije.<\/strong><\/span><\/p>\n<p><span style=\"font-family: arial, helvetica, sans-serif; font-size: 14pt;\"><strong>17. \u0160kofje vabimo vse vernike, duhovnike, redovnice, redovnike ter katoli\u0161ka lai\u0161ka gibanja, da v zahtevnem \u010dasu epidemije okrepijo molitev za zdravje in blagoslov na\u0161ega naroda.\u00a0<\/strong><\/span><\/p>\n<p><span style=\"font-family: arial, helvetica, sans-serif; font-size: 14pt;\">Duhovnike in druge pastoralne delavce lepo prosimo, da navodila natisnejo in objavijo v \u017eupnijskih listih, na oglasnih deskah oziroma na spletnih straneh ter z upo\u0161tevanjem na\u0161tetih ukrepov pomagajo pri prepre\u010devanju \u0161irjenja virusnih oku\u017eb.<\/span><\/p>\n<p><span style=\"font-family: arial, helvetica, sans-serif; font-size: 14pt;\"><em>Navodilo so sprejeli \u0161kofje na dopisni seji Slovenske \u0161kofovske konference, ki je potekala 12. marca 2020.<\/em><\/span><\/p>\n<p>&nbsp;<\/p>\n<\/div>\n<p><span style=\"font-family: arial, helvetica, sans-serif; font-size: 14pt;\">Msgr. Stanislav Zore, ljubljanski nad\u0161kof metropolit in predsednik S\u0160K<\/span><\/p>\n<p><span style=\"font-family: arial, helvetica, sans-serif; font-size: 14pt;\">Msgr. Alojzij Cvikl, mariborski nad\u0161kof metropolit in podpredsednik S\u0160K<\/span><\/p>\n<p><span style=\"font-family: arial, helvetica, sans-serif; font-size: 14pt;\">Msgr. dr. Jurij Bizjak, koprski \u0161kof<\/span><\/p>\n<p><span style=\"font-family: arial, helvetica, sans-serif; font-size: 14pt;\">Msgr. dr. Peter \u0160tumpf, murskosobo\u0161ki \u0161kof<\/span><\/p>\n<p><span style=\"font-family: arial, helvetica, sans-serif; font-size: 14pt;\">Msgr. Andrej Glavan, novome\u0161ki \u0161kof<\/span><\/p>\n<p><span style=\"font-family: arial, helvetica, sans-serif; font-size: 14pt;\">Gospod Rok Metli\u010dar, \u0161kofijski upravitelj \u0160kofije Celje<\/span><\/p>\n<p><span style=\"font-family: arial, helvetica, sans-serif; font-size: 14pt;\"><a href=\"https:\/\/katoliska-cerkev.si\/media\/datoteke\/2020\/20200313%20-%203%20Navodilo%20S%C5%A0K%20-%20odpoved%20ma%C5%A1%20FINAL.pdf\" target=\"_blank\" rel=\"noopener noreferrer\"><strong>IZREDNA NAVODILA<\/strong><\/a><\/span><\/p>\n<hr \/>\n<p><span style=\"font-family: arial, helvetica, sans-serif; font-size: 14pt;\"><a href=\"https:\/\/katoliska-cerkev.si\/media\/datoteke\/2020\/20200313%20-%203%20Navodilo%20S%C5%A0K%20-%20Dodatek%201%20Duh%20obhajilo%20FINAL.pdf\" target=\"_blank\" rel=\"noopener noreferrer\"><strong>Dodatek \u0161t. 1:<\/strong><\/a><\/span><\/p>\n<p><span style=\"font-family: arial, helvetica, sans-serif; font-size: 14pt;\"><strong>Kako prejemamo duhovno obhajilo?<\/strong><\/span><\/p>\n<p><span style=\"font-family: arial, helvetica, sans-serif; font-size: 14pt;\"><em>\u0160kofje ordinariji do preklica podeljujejo slovenskim katoli\u010danom spregled od dol\u017enosti udele\u017ebe pri nedeljski sveti ma\u0161i. Verniki naj nadomestijo odsotnost od svetega bogoslu\u017eja z molitvijo, postom, dobrimi deli, prebiranjem Bo\u017eje besede, spremljanjem svete ma\u0161e po radiu, TV oziroma spletu ter s prejemom duhovnega obhajila.<\/em><\/span><\/p>\n<p><span style=\"font-family: arial, helvetica, sans-serif; font-size: 14pt;\">\u010ce nikakor ni mogo\u010de, da bi sodelovali pri sveti ma\u0161i in prejeli sveto obhajilo, je primerno, da ga prejmemo v duhovni obliki.<\/span><\/p>\n<p><span style=\"font-family: arial, helvetica, sans-serif; font-size: 14pt;\">Mo\u017ena in priporo\u010dena oblika:<\/span><\/p>\n<p><span style=\"font-family: arial, helvetica, sans-serif; font-size: 14pt;\">1) Na mirnem kraju se umirimo in se nato pokri\u017eamo.<\/span><\/p>\n<p><span style=\"font-family: arial, helvetica, sans-serif; font-size: 14pt;\">2) Zavemo se Bo\u017eje navzo\u010dnosti in obudimo ter zmolimo kesanje.<\/span><\/p>\n<p><span style=\"font-family: arial, helvetica, sans-serif; font-size: 14pt;\">3) Preberemo evangelij dneva.<\/span><\/p>\n<p><span style=\"font-family: arial, helvetica, sans-serif; font-size: 14pt;\">4) Nekaj \u010dasa premi\u0161ljujemo ob Bo\u017eji besedi (bodite pozorni na to, kaj vam govori in kak\u0161ne ob\u010dutke prebuja v vas).<\/span><\/p>\n<p><span style=\"font-family: arial, helvetica, sans-serif; font-size: 14pt;\">5) Zmolimo veroizpoved.<\/span><\/p>\n<p><span style=\"font-family: arial, helvetica, sans-serif; font-size: 14pt;\">6) Sledi duhovno obhajilo.<\/span><\/p>\n<p><span style=\"font-family: arial, helvetica, sans-serif; font-size: 14pt;\">Jezus, verjamem, da si navzo\u010d v Najsvetej\u0161em zakramentu. Zahvaljujem se Ti za Tvojo ljubezen do mene, ki si mi jo izkazal s svojo smrtjo na kri\u017eu. \u017delim Te ljubiti bolj kakor vse drugo, predvsem pa Te \u017eelim sprejeti v svojo du\u0161o. Ker Te ne morem prejeti zakramentalno, Te prosim, da pride\u0161 k meni duhovno: prosim Te, da vstopi\u0161 v moje srce in prebiva\u0161 v njem.<\/span><\/p>\n<p><span style=\"font-family: arial, helvetica, sans-serif; font-size: 14pt;\">(Kratek premor, da se pove\u017eemo z Jezusom \u2026)<\/span><\/p>\n<p><span style=\"font-family: arial, helvetica, sans-serif; font-size: 14pt;\">Hvala, Jezus, za to duhovno obhajilo, hvala za Tvoj objem, hvala za to duhovno zdru\u017eitev s Teboj. Ne dovoli, da bi se lo\u010dil od Tebe, ampak mi pomagaj, da ostanem v Tebi.<\/span><\/p>\n<p><span style=\"font-family: arial, helvetica, sans-serif; font-size: 14pt;\">6) Molitev kon\u010damo z znamenjem kri\u017ea.<\/span><\/p>\n<p>&nbsp;<\/p>\n<p><span style=\"font-family: arial, helvetica, sans-serif; font-size: 14pt;\"><em>Msgr. dr. Marjan Turn\u0161ek<\/em><\/span><\/p>\n<hr \/>\n<p><span style=\"font-family: arial, helvetica, sans-serif; font-size: 14pt;\"><strong>Dodatek \u0161t. 2:<\/strong><\/span><\/p>\n<p><span style=\"font-family: arial, helvetica, sans-serif; font-size: 14pt;\"><a href=\"https:\/\/katoliska-cerkev.si\/media\/datoteke\/2020\/20200313%20-%203%20Navodilo%20S%C5%A0K%20-%20Dodatek%202%20Vabilo%20k%20molitvi%20FINAL.pdf\" target=\"_blank\" rel=\"noopener noreferrer\"><strong>Vabilo k molitvi v \u010dasu epidemije koronavirusa COVID-9<\/strong><\/a><\/span><\/p>\n<p><span style=\"font-family: arial, helvetica, sans-serif; font-size: 14pt;\">V \u010dasu epidemije \u0161kofje vabijo vse duhovnike, redovnike, redovnice in vernike, da molijo naslednjo molitev:<\/span><\/p>\n<p><span style=\"font-family: arial, helvetica, sans-serif; font-size: 14pt;\"><strong>Molitev za zdravje v \u010dasu epidemije koronavirusa COVID-19<\/strong><\/span><\/p>\n<p><span style=\"font-family: arial, helvetica, sans-serif; font-size: 14pt;\">O\u010de usmiljenja in tola\u017ebe,<\/span><br \/>\n<span style=\"font-family: arial, helvetica, sans-serif; font-size: 14pt;\">tvoj Sin Jezus Kristus<\/span><br \/>\n<span style=\"font-family: arial, helvetica, sans-serif; font-size: 14pt;\">nam je s kri\u017eem pokazal vrednost trpljenja.<\/span><br \/>\n<span style=\"font-family: arial, helvetica, sans-serif; font-size: 14pt;\">Pomagaj na\u0161im bratom in sestram,<\/span><br \/>\n<span style=\"font-family: arial, helvetica, sans-serif; font-size: 14pt;\">ki \u017ee nosijo kri\u017e bolezni in so preizku\u0161ani.<\/span><br \/>\n<span style=\"font-family: arial, helvetica, sans-serif; font-size: 14pt;\">Nakloni jim izbolj\u0161anje zdravja,<\/span><br \/>\n<span style=\"font-family: arial, helvetica, sans-serif; font-size: 14pt;\">njihovim svojcem pa pogum in zaupanje.<\/span><br \/>\n<span style=\"font-family: arial, helvetica, sans-serif; font-size: 14pt;\">Vsem zdravstvenim delavcem daj mo\u010d in zdravje,<\/span><br \/>\n<span style=\"font-family: arial, helvetica, sans-serif; font-size: 14pt;\">da bodo vztrajali v ljubezni do bolnikov,<\/span><br \/>\n<span style=\"font-family: arial, helvetica, sans-serif; font-size: 14pt;\">raziskovalcem pa, da bodo \u010dim prej odkrili uspe\u0161no zdravilo.<\/span><br \/>\n<span style=\"font-family: arial, helvetica, sans-serif; font-size: 14pt;\">Nam in vsemu svetu daj svoj blagoslov,<\/span><br \/>\n<span style=\"font-family: arial, helvetica, sans-serif; font-size: 14pt;\">da bomo re\u0161eni bolezni<\/span><br \/>\n<span style=\"font-family: arial, helvetica, sans-serif; font-size: 14pt;\">in se ti bomo mogli s tvojo Cerkvijo zahvaljevati.<\/span><br \/>\n<span style=\"font-family: arial, helvetica, sans-serif; font-size: 14pt;\">Amen.<\/span><\/p>\n<p><span style=\"font-family: arial, helvetica, sans-serif; font-size: 14pt;\">Sv. Marija, zdravje bolnikov \u2013 prosi za nas.<\/span><br \/>\n<span style=\"font-family: arial, helvetica, sans-serif; font-size: 14pt;\">Sv. Rok, zavetnik zoper ku\u017ene bolezni \u2013 prosi za nas.<\/span><br \/>\n<span style=\"font-family: arial, helvetica, sans-serif; font-size: 14pt;\">Vsi bo\u017eji svetniki in svetnice \u2013 prosite za nas.<\/span><\/p>\n<p><span style=\"font-family: arial, helvetica, sans-serif; font-size: 14pt;\"><strong>Duhovniki pri svetih ma\u0161ah,<\/strong> ki jih obhajajo zasebno, brez udele\u017ebe vernikov, pri pro\u0161njah za vse potrebe dodajo tri pro\u0161nje:<\/span><\/p>\n<p><span style=\"font-family: arial, helvetica, sans-serif; font-size: 14pt;\">1. Gospod Jezus Kristus, usmili se vseh obolelih s koronavirusom Covid-19 in drugih bolnikov v na\u0161i domovini in njihovih svojcev.<\/span><br \/>\n<span style=\"font-family: arial, helvetica, sans-serif; font-size: 14pt;\">2. Gospod Jezus Kristus, podpiraj vse zdravstvene delavce, da bodo skrbeli za bolnike in jim pomagali.<\/span><br \/>\n<span style=\"font-family: arial, helvetica, sans-serif; font-size: 14pt;\">3. Gospod Jezus Kristus, prosimo te za dr\u017eavne voditelje in njihove sodelavce, da bodo v teh te\u017ekih \u010dasih modro in odgovorno vodili svoje ljudstvo.<\/span><\/p>\n","protected":false},"excerpt":{"rendered":"<p>Slovenski \u0161kofje spremljajo ukrepe dr\u017eave na podro\u010dju prepre\u010devanja virusnih oku\u017eb in \u0161irjenja koronavirusa COVID-19. Glede na zaostrene razmere, po posvetu s strokovnjaki in z \u017eeljo, da se za\u0161\u010diti zdravje in \u017eivljenja vernikov, \u0161kofje dolo\u010dajo izredne ukrepe, ki stopijo v veljavo v petek, 13. marca 2020, ob 00.00 in trajajo do preklica. 1. V izogib \u0161irjenju <a class=\"read-more\" href=\"https:\/\/www.ztz.rkc.si\/index.php\/2020\/03\/13\/izredna-navodila-slovenskih-skofov-za-preprecevanje-sirjenja-koronavirusa-covid-19-odpoved-svetih-mas-do-preklica\/\">Preberi ve\u010d<\/a><\/p>\n","protected":false},"author":2,"featured_media":826,"comment_status":"open","ping_status":"open","sticky":false,"template":"","format":"standard","meta":{"footnotes":""},"categories":[1],"tags":[],"class_list":["post-825","post","type-post","status-publish","format-standard","has-post-thumbnail","hentry","category-uncategorized"],"_links":{"self":[{"href":"https:\/\/www.ztz.rkc.si\/index.php\/wp-json\/wp\/v2\/posts\/825","targetHints":{"allow":["GET"]}}],"collection":[{"href":"https:\/\/www.ztz.rkc.si\/index.php\/wp-json\/wp\/v2\/posts"}],"about":[{"href":"https:\/\/www.ztz.rkc.si\/index.php\/wp-json\/wp\/v2\/types\/post"}],"author":[{"embeddable":true,"href":"https:\/\/www.ztz.rkc.si\/index.php\/wp-json\/wp\/v2\/users\/2"}],"replies":[{"embeddable":true,"href":"https:\/\/www.ztz.rkc.si\/index.php\/wp-json\/wp\/v2\/comments?post=825"}],"version-history":[{"count":4,"href":"https:\/\/www.ztz.rkc.si\/index.php\/wp-json\/wp\/v2\/posts\/825\/revisions"}],"predecessor-version":[{"id":830,"href":"https:\/\/www.ztz.rkc.si\/index.php\/wp-json\/wp\/v2\/posts\/825\/revisions\/830"}],"wp:featuredmedia":[{"embeddable":true,"href":"https:\/\/www.ztz.rkc.si\/index.php\/wp-json\/wp\/v2\/media\/826"}],"wp:attachment":[{"href":"https:\/\/www.ztz.rkc.si\/index.php\/wp-json\/wp\/v2\/media?parent=825"}],"wp:term":[{"taxonomy":"category","embeddable":true,"href":"https:\/\/www.ztz.rkc.si\/index.php\/wp-json\/wp\/v2\/categories?post=825"},{"taxonomy":"post_tag","embeddable":true,"href":"https:\/\/www.ztz.rkc.si\/index.php\/wp-json\/wp\/v2\/tags?post=825"}],"curies":[{"name":"wp","href":"https:\/\/api.w.org\/{rel}","templated":true}]}}