{"id":797,"date":"2020-02-09T11:05:07","date_gmt":"2020-02-09T11:05:07","guid":{"rendered":"https:\/\/www.ztz.rkc.si\/?p=797"},"modified":"2020-02-09T11:28:16","modified_gmt":"2020-02-09T11:28:16","slug":"pripravljamo-se-na-izbiro-novega-zps-ja","status":"publish","type":"post","link":"https:\/\/www.ztz.rkc.si\/index.php\/2020\/02\/09\/pripravljamo-se-na-izbiro-novega-zps-ja\/","title":{"rendered":"PRIPRAVLJAMO SE NA IZBIRO NOVEGA \u017dPS-ja"},"content":{"rendered":"<p><span style=\"font-family: arial, helvetica, sans-serif; font-size: 14pt;\">Komisija za izbiro se bo v Trnju zbrala v Me\u017enariji v torek, 11.2. ob 19h, v Zagorju v \u017eupni\u0161\u010du pa v \u010detrtek, 13.2. tudi ob 19h. \u010clane komisije prosim, da se gotovo udele\u017eite sestanka. Vse \u017eupljane pa prosim, da molite za modro izbiro \u010dlanov \u017eupnijskega pastoralnega sveta. Posebna molitev je napisana spodaj. Tisti, ki imate ra\u010dunalnik in tiskalnik, si jo lahko natisnete za vse \u010dlane svoje dru\u017eine, da jo boste lahko skupno molili.<\/span><\/p>\n<p style=\"text-align: center;\"><span style=\"font-family: arial, helvetica, sans-serif; font-size: 14pt;\"><strong>MOLITEV ZA MODRO IZBIRO <\/strong><\/span><\/p>\n<p style=\"text-align: center;\"><span style=\"font-family: arial, helvetica, sans-serif; font-size: 14pt;\"><strong>\u010cLANOV \u017dUPNIJSKEGA PASTORALNEGA SVETA<\/strong><\/span><\/p>\n<p><span style=\"font-family: arial, helvetica, sans-serif; font-size: 14pt;\">Dobri Bog,pred nami je za na\u0161o \u017eupnijo pomemben dogodek,dan, ko bomo izbirali \u010dlane \u017eupnijskega pastoralnega sveta. Pomagaj nam, da bomo v svojih bratih in sestrah po navdihu Svetega Duha prepoznali tiste,ki bodo to nalogo v na\u0161i \u017eupniji opravljali najbolje in jo bodo sprejeli z odprtim srcem in odgovornostjo. Pomagaj nam, da jim bomo tudi vsi ostali \u017eupljani pri tem odgovornem delu, vsak po svojih mo\u010deh, pomagali s svojimi darovi, in bomo tako skupaj skrbeli za bogato \u017eivljenje na\u0161e \u017eupnije.<\/span><\/p>\n","protected":false},"excerpt":{"rendered":"<p>Komisija za izbiro se bo v Trnju zbrala v Me\u017enariji v torek, 11.2. ob 19h, v Zagorju v \u017eupni\u0161\u010du pa v \u010detrtek, 13.2. tudi ob 19h. \u010clane komisije prosim, da se gotovo udele\u017eite sestanka. Vse \u017eupljane pa prosim, da molite za modro izbiro \u010dlanov \u017eupnijskega pastoralnega sveta. Posebna molitev je napisana spodaj. Tisti, ki imate <a class=\"read-more\" href=\"https:\/\/www.ztz.rkc.si\/index.php\/2020\/02\/09\/pripravljamo-se-na-izbiro-novega-zps-ja\/\">Preberi ve\u010d<\/a><\/p>\n","protected":false},"author":2,"featured_media":129,"comment_status":"open","ping_status":"open","sticky":false,"template":"","format":"standard","meta":{"footnotes":""},"categories":[1],"tags":[],"class_list":["post-797","post","type-post","status-publish","format-standard","has-post-thumbnail","hentry","category-uncategorized"],"_links":{"self":[{"href":"https:\/\/www.ztz.rkc.si\/index.php\/wp-json\/wp\/v2\/posts\/797","targetHints":{"allow":["GET"]}}],"collection":[{"href":"https:\/\/www.ztz.rkc.si\/index.php\/wp-json\/wp\/v2\/posts"}],"about":[{"href":"https:\/\/www.ztz.rkc.si\/index.php\/wp-json\/wp\/v2\/types\/post"}],"author":[{"embeddable":true,"href":"https:\/\/www.ztz.rkc.si\/index.php\/wp-json\/wp\/v2\/users\/2"}],"replies":[{"embeddable":true,"href":"https:\/\/www.ztz.rkc.si\/index.php\/wp-json\/wp\/v2\/comments?post=797"}],"version-history":[{"count":3,"href":"https:\/\/www.ztz.rkc.si\/index.php\/wp-json\/wp\/v2\/posts\/797\/revisions"}],"predecessor-version":[{"id":800,"href":"https:\/\/www.ztz.rkc.si\/index.php\/wp-json\/wp\/v2\/posts\/797\/revisions\/800"}],"wp:featuredmedia":[{"embeddable":true,"href":"https:\/\/www.ztz.rkc.si\/index.php\/wp-json\/wp\/v2\/media\/129"}],"wp:attachment":[{"href":"https:\/\/www.ztz.rkc.si\/index.php\/wp-json\/wp\/v2\/media?parent=797"}],"wp:term":[{"taxonomy":"category","embeddable":true,"href":"https:\/\/www.ztz.rkc.si\/index.php\/wp-json\/wp\/v2\/categories?post=797"},{"taxonomy":"post_tag","embeddable":true,"href":"https:\/\/www.ztz.rkc.si\/index.php\/wp-json\/wp\/v2\/tags?post=797"}],"curies":[{"name":"wp","href":"https:\/\/api.w.org\/{rel}","templated":true}]}}