{"id":765,"date":"2020-01-08T08:13:33","date_gmt":"2020-01-08T08:13:33","guid":{"rendered":"https:\/\/www.ztz.rkc.si\/?p=765"},"modified":"2020-01-08T08:13:33","modified_gmt":"2020-01-08T08:13:33","slug":"koledovanje-v-zupnijah-trnje-in-zagorje","status":"publish","type":"post","link":"https:\/\/www.ztz.rkc.si\/index.php\/2020\/01\/08\/koledovanje-v-zupnijah-trnje-in-zagorje\/","title":{"rendered":"Koledovanje v \u017eupnijah Trnje in Zagorje"},"content":{"rendered":"<p><span style=\"font-family: arial, helvetica, sans-serif; font-size: 14pt;\">Leto\u0161nji praznik Gospodovega razgla\u0161enja oz. praznik svetih treh kraljev je bil za skupino kolednikov iz \u017eupnij Trnje in Zagorje \u0161e posebej nepozaben. Prvi\u010d po 15ih letih, ko smo v na\u0161ih \u017eupnijah (ponovno) uvedli koledovanje kot Trikraljevsko akcijo, v kateri zbiramo sredstva za na\u0161e misijonarje po svetu, se nam je ponudila prilo\u017enost, da smo koledovali ne le po doma\u010dih vaseh, ampak tudi pri najvi\u0161njih predstavnikih dr\u017eave in Cerkve v Ljubljani.<\/span><\/p>\n<p><span style=\"font-family: arial, helvetica, sans-serif; font-size: 14pt;\">Priprave na ta izjemen dogodek so se za\u010dele \u017ee v mesecu novembru, ko smo za\u010deli vaditi pesmi, pripravljati obleke, vaditi besedilo \u2026 hvale\u017eni g. \u017eupniku Niku \u0160trancarju, ki nam je omogo\u010dil to do\u017eivetje.<\/span><\/p>\n<p><span style=\"font-family: arial, helvetica, sans-serif; font-size: 14pt;\">Generalko na\u0161ega nastopa smo premierno izvedli na bo\u017ei\u010dnem koncertu na Jur\u0161\u010dah, 4. januarja. V ponedeljek, 6. januarja, pa je \u0161lo zares. Sprejeli so nas na Misijonskem sredi\u0161\u010du Slovenije, ki so glavni organizatorji tega dogodka ter nas popeljali na pot. Najprej smo v predsedni\u0161ki pala\u010di s pesmijo in vo\u0161\u010dilom obiskali predsednika vlade g. Marjana \u0160arca in predsednika Republike Slovenije g. Boruta Pahorja. Nato je sledil obisk nuncija (t.j. pape\u017eevega poslanca v Sloveniji) g. nad\u0161kofa msgr. Jean-Marie Speicha ter nad\u0161kofije, kjer nas je sprejel g. nad\u0161kof msgr. Stanislav Zore. Sledil je \u0161e obisk dr\u017eavnega zbora in njegovega predsednika g. Dejana \u017didana. Kot zadnji pa so nas sprejeli na katoli\u0161ki zalo\u017ebi Dru\u017eina ter na sede\u017eu Slovenske Karitas.<\/span><\/p>\n<p><span style=\"font-family: arial, helvetica, sans-serif; font-size: 14pt;\">Vsi omenjeni so bili izredno veseli na\u0161ega obiska, predvsem sporo\u010dila miru, ki ga \u0161irijo sv. trije kralji, saj je ravno v teh dneh v medijih veliko sli\u0161ati o mednarodnem nemiru. Vsi so tudi z veseljem darovali za na\u0161e misijonarje. Dan je bil naporen, a nepozaben. Zbrali smo toliko lepih vtisov, da nas bodo razveseljevali \u0161e celo leto 2020.<\/span><\/p>\n<p><span style=\"font-family: arial, helvetica, sans-serif; font-size: 14pt;\">\u00a0Obenem tudi vam vo\u0161\u010dimo z besedemi iz na\u0161ega koledovanja:<\/span><\/p>\n<p><span style=\"font-family: arial, helvetica, sans-serif; font-size: 14pt;\"><em>\u201cMi pa prina\u0161amo vam blagoslov, naj sre\u010da napolni rodni va\u0161 krov, <\/em><\/span><\/p>\n<p><span style=\"font-family: arial, helvetica, sans-serif; font-size: 14pt;\"><em>zdravje, pogum naj vas se dr\u017ei, to v novem vam letu \u017eelimo prav vsi.\u201d<\/em><\/span><\/p>\n<p>&nbsp;<\/p>\n<p><span style=\"font-family: arial, helvetica, sans-serif; font-size: 14pt;\">(Skupina kolednikov iz \u017eupnij Trnje in Zagorje)<\/span><\/p>\n<p>&nbsp;<\/p>\n<p><span style=\"font-family: arial, helvetica, sans-serif; font-size: 14pt;\"><img loading=\"lazy\" decoding=\"async\" class=\"alignnone size-large wp-image-767\" src=\"https:\/\/www.ztz.rkc.si\/wp-content\/uploads\/2020\/01\/koledniki-pri-nad\u0161kofu-Stanislavu-Zoretu-1024x593.jpg\" alt=\"\" width=\"1024\" height=\"593\" srcset=\"https:\/\/www.ztz.rkc.si\/wp-content\/uploads\/2020\/01\/koledniki-pri-nad\u0161kofu-Stanislavu-Zoretu-1024x593.jpg 1024w, https:\/\/www.ztz.rkc.si\/wp-content\/uploads\/2020\/01\/koledniki-pri-nad\u0161kofu-Stanislavu-Zoretu-300x174.jpg 300w, https:\/\/www.ztz.rkc.si\/wp-content\/uploads\/2020\/01\/koledniki-pri-nad\u0161kofu-Stanislavu-Zoretu-768x445.jpg 768w, https:\/\/www.ztz.rkc.si\/wp-content\/uploads\/2020\/01\/koledniki-pri-nad\u0161kofu-Stanislavu-Zoretu-1536x889.jpg 1536w, https:\/\/www.ztz.rkc.si\/wp-content\/uploads\/2020\/01\/koledniki-pri-nad\u0161kofu-Stanislavu-Zoretu-2048x1185.jpg 2048w\" sizes=\"auto, (max-width: 1024px) 100vw, 1024px\" \/><\/span><\/p>\n<p><span style=\"font-family: arial, helvetica, sans-serif; font-size: 14pt;\">Koledniki pri nad\u0161kofu in metropolitu Stanislavu Zoretu<\/span><\/p>\n<p>&nbsp;<\/p>\n<p><span style=\"font-family: arial, helvetica, sans-serif; font-size: 14pt;\"><img loading=\"lazy\" decoding=\"async\" class=\"alignnone size-large wp-image-768\" src=\"https:\/\/www.ztz.rkc.si\/wp-content\/uploads\/2020\/01\/koledniki-pri-Borutu-Pahorju-1024x691.jpg\" alt=\"\" width=\"1024\" height=\"691\" srcset=\"https:\/\/www.ztz.rkc.si\/wp-content\/uploads\/2020\/01\/koledniki-pri-Borutu-Pahorju-1024x691.jpg 1024w, https:\/\/www.ztz.rkc.si\/wp-content\/uploads\/2020\/01\/koledniki-pri-Borutu-Pahorju-300x202.jpg 300w, https:\/\/www.ztz.rkc.si\/wp-content\/uploads\/2020\/01\/koledniki-pri-Borutu-Pahorju-768x518.jpg 768w, https:\/\/www.ztz.rkc.si\/wp-content\/uploads\/2020\/01\/koledniki-pri-Borutu-Pahorju-1536x1037.jpg 1536w, https:\/\/www.ztz.rkc.si\/wp-content\/uploads\/2020\/01\/koledniki-pri-Borutu-Pahorju-2048x1382.jpg 2048w\" sizes=\"auto, (max-width: 1024px) 100vw, 1024px\" \/><\/span><\/p>\n<p><span style=\"font-family: arial, helvetica, sans-serif; font-size: 14pt;\">Koledniki pri predsedniku republike Borutu Pahorju<\/span><\/p>\n<p>&nbsp;<\/p>\n<p><span style=\"font-family: arial, helvetica, sans-serif; font-size: 14pt;\"><img loading=\"lazy\" decoding=\"async\" class=\"alignnone size-large wp-image-766\" src=\"https:\/\/www.ztz.rkc.si\/wp-content\/uploads\/2020\/01\/koledniki-pri-Marjanu-\u0160arcu-1024x621.jpg\" alt=\"\" width=\"1024\" height=\"621\" srcset=\"https:\/\/www.ztz.rkc.si\/wp-content\/uploads\/2020\/01\/koledniki-pri-Marjanu-\u0160arcu-1024x621.jpg 1024w, https:\/\/www.ztz.rkc.si\/wp-content\/uploads\/2020\/01\/koledniki-pri-Marjanu-\u0160arcu-300x182.jpg 300w, https:\/\/www.ztz.rkc.si\/wp-content\/uploads\/2020\/01\/koledniki-pri-Marjanu-\u0160arcu-768x465.jpg 768w, https:\/\/www.ztz.rkc.si\/wp-content\/uploads\/2020\/01\/koledniki-pri-Marjanu-\u0160arcu-1536x931.jpg 1536w, https:\/\/www.ztz.rkc.si\/wp-content\/uploads\/2020\/01\/koledniki-pri-Marjanu-\u0160arcu-2048x1241.jpg 2048w\" sizes=\"auto, (max-width: 1024px) 100vw, 1024px\" \/><\/span><\/p>\n<p><span style=\"font-family: arial, helvetica, sans-serif; font-size: 14pt;\">Koledniki pri predsedniku vlade Marjanu \u0160arcu<\/span><\/p>\n<p>&nbsp;<\/p>\n<p><span style=\"font-family: arial, helvetica, sans-serif; font-size: 14pt;\"><img loading=\"lazy\" decoding=\"async\" class=\"alignnone size-large wp-image-769\" src=\"https:\/\/www.ztz.rkc.si\/wp-content\/uploads\/2020\/01\/koledniki-pri-Dejanu-\u017didanu-1024x569.jpg\" alt=\"\" width=\"1024\" height=\"569\" srcset=\"https:\/\/www.ztz.rkc.si\/wp-content\/uploads\/2020\/01\/koledniki-pri-Dejanu-\u017didanu-1024x569.jpg 1024w, https:\/\/www.ztz.rkc.si\/wp-content\/uploads\/2020\/01\/koledniki-pri-Dejanu-\u017didanu-300x167.jpg 300w, https:\/\/www.ztz.rkc.si\/wp-content\/uploads\/2020\/01\/koledniki-pri-Dejanu-\u017didanu-768x427.jpg 768w, https:\/\/www.ztz.rkc.si\/wp-content\/uploads\/2020\/01\/koledniki-pri-Dejanu-\u017didanu-1536x853.jpg 1536w, https:\/\/www.ztz.rkc.si\/wp-content\/uploads\/2020\/01\/koledniki-pri-Dejanu-\u017didanu-2048x1138.jpg 2048w\" sizes=\"auto, (max-width: 1024px) 100vw, 1024px\" \/><\/span><\/p>\n<p><span style=\"font-family: arial, helvetica, sans-serif; font-size: 14pt;\">Koledniki pri predsedniku dr\u017eavnega zbora Dejanu \u017didanu<\/span><\/p>\n","protected":false},"excerpt":{"rendered":"<p>Leto\u0161nji praznik Gospodovega razgla\u0161enja oz. praznik svetih treh kraljev je bil za skupino kolednikov iz \u017eupnij Trnje in Zagorje \u0161e posebej nepozaben. Prvi\u010d po 15ih letih, ko smo v na\u0161ih \u017eupnijah (ponovno) uvedli koledovanje kot Trikraljevsko akcijo, v kateri zbiramo sredstva za na\u0161e misijonarje po svetu, se nam je ponudila prilo\u017enost, da smo koledovali ne <a class=\"read-more\" href=\"https:\/\/www.ztz.rkc.si\/index.php\/2020\/01\/08\/koledovanje-v-zupnijah-trnje-in-zagorje\/\">Preberi ve\u010d<\/a><\/p>\n","protected":false},"author":2,"featured_media":767,"comment_status":"open","ping_status":"open","sticky":false,"template":"","format":"standard","meta":{"footnotes":""},"categories":[1],"tags":[],"class_list":["post-765","post","type-post","status-publish","format-standard","has-post-thumbnail","hentry","category-uncategorized"],"_links":{"self":[{"href":"https:\/\/www.ztz.rkc.si\/index.php\/wp-json\/wp\/v2\/posts\/765","targetHints":{"allow":["GET"]}}],"collection":[{"href":"https:\/\/www.ztz.rkc.si\/index.php\/wp-json\/wp\/v2\/posts"}],"about":[{"href":"https:\/\/www.ztz.rkc.si\/index.php\/wp-json\/wp\/v2\/types\/post"}],"author":[{"embeddable":true,"href":"https:\/\/www.ztz.rkc.si\/index.php\/wp-json\/wp\/v2\/users\/2"}],"replies":[{"embeddable":true,"href":"https:\/\/www.ztz.rkc.si\/index.php\/wp-json\/wp\/v2\/comments?post=765"}],"version-history":[{"count":1,"href":"https:\/\/www.ztz.rkc.si\/index.php\/wp-json\/wp\/v2\/posts\/765\/revisions"}],"predecessor-version":[{"id":770,"href":"https:\/\/www.ztz.rkc.si\/index.php\/wp-json\/wp\/v2\/posts\/765\/revisions\/770"}],"wp:featuredmedia":[{"embeddable":true,"href":"https:\/\/www.ztz.rkc.si\/index.php\/wp-json\/wp\/v2\/media\/767"}],"wp:attachment":[{"href":"https:\/\/www.ztz.rkc.si\/index.php\/wp-json\/wp\/v2\/media?parent=765"}],"wp:term":[{"taxonomy":"category","embeddable":true,"href":"https:\/\/www.ztz.rkc.si\/index.php\/wp-json\/wp\/v2\/categories?post=765"},{"taxonomy":"post_tag","embeddable":true,"href":"https:\/\/www.ztz.rkc.si\/index.php\/wp-json\/wp\/v2\/tags?post=765"}],"curies":[{"name":"wp","href":"https:\/\/api.w.org\/{rel}","templated":true}]}}