{"id":530,"date":"2019-03-31T07:26:25","date_gmt":"2019-03-31T07:26:25","guid":{"rendered":"https:\/\/www.ztz.rkc.si\/?p=530"},"modified":"2019-03-31T07:26:49","modified_gmt":"2019-03-31T07:26:49","slug":"4-postna-nedelja-kdaj-sem-zares-srecen","status":"publish","type":"post","link":"https:\/\/www.ztz.rkc.si\/index.php\/2019\/03\/31\/4-postna-nedelja-kdaj-sem-zares-srecen\/","title":{"rendered":"4. postna nedelja &#8211; Kdaj sem zares sre\u010den?"},"content":{"rendered":"<p lang=\"sl-SI\" align=\"justify\"><span style=\"font-family: arial, helvetica, sans-serif; font-size: 14pt;\">Evangeljska prilika nama spregovori o usmiljenem O\u010detu in dveh izgubljenih sinovih. Z molkom in z besedami vsak od treh likov poka\u017ee svoje glavne zna\u010dilnosti. Mlaj\u0161i brat je opisan z besedami: \u00bbO\u010de, daj mi dele\u017e premo\u017eenja, ki mi pripada\u00ab in \u00bb\u0161el je vase \u2026\u00ab. Starej\u0161i sin se predstavi z besedami: \u00bbGlej, toliko let ti slu\u017eim in nikoli nisem prestopil tvojega ukaza, pa mi \u0161e nikoli nisi dal kozli\u010da, da bi se poveselil s svojimi prijatelji\u00ab ter \u00bbrazjezil se je in ni hotel vstopiti\u00ab. O\u010de pa pove vse o sebi z besedami: \u00bbKo je bil \u0161e dale\u010d, ga je o\u010de zagledal in se ga usmilil; pritekel je, ga objel in poljubil\u00ab in \u00bbveselimo se\u00ab, \u00bbvzradostiti in poveseliti pa se je bilo treba, ker je bil ta, tvoj brat, mrtev in je o\u017e\u00edvel, ker je bil izgubljen in je najden\u00ab.<\/span><\/p>\n<p lang=\"sl-SI\" align=\"justify\"><span style=\"font-family: arial, helvetica, sans-serif; font-size: 14pt;\">Ker je ta prilika \u017eiva, ostaja odprta tudi zate in zame. Lahko si postaviva dve vpra\u0161anji.<\/span><\/p>\n<p lang=\"sl-SI\" align=\"justify\"><span style=\"font-family: arial, helvetica, sans-serif; font-size: 14pt;\">Prvo vpra\u0161anje: \u010ce je skrivnost sre\u010de obeh sinov v tem, da sta v so\u017eitju z o\u010detom, kak\u0161en odnos imata v resnici do O\u010deta? Mlaj\u0161i sin je ob\u010destvo z o\u010detom zani\u010deval in ga prekinil. Starej\u0161i sin, za katerega se zdi, da je bil v ob\u010destvu z o\u010detom, pa tega ob\u010destva ni nikdar u\u017eival, ga prav zato tudi zani\u010duje. Oba zgre\u0161ita svojo sre\u010do. A o\u010de kljub temu oba sprejema in za oba pozorno skrbi. Mlaj\u0161emu sinu, ki se skesan vra\u010da, te\u010de nasproti in ga objame. Da bi prepri\u010dal starej\u0161ega sina, stopi do njega in ga vabi na svoje praznovanje.<\/span><\/p>\n<p lang=\"sl-SI\" align=\"justify\"><span style=\"font-family: arial, helvetica, sans-serif; font-size: 14pt;\">Drugo vpra\u0161anje se ti\u010de tega, kar oba brata \u010dutita drug do drugega in do o\u010deta: Kaj bi se zgodilo, \u010de bi se skesani mlaj\u0161i sin po vrnitvi razjezil zaradi dr\u017ee starej\u0161ega brata, ki ni mogel sprejeti, da je o\u010de lepo ravnal z njim? \u010ce bi mlaj\u0161i sin zahteval razumevanje tudi od starej\u0161ega brata, njegovo kesanje v odnosu do o\u010deta ne bi bilo iskreno. Ali bi starej\u0161i sin, \u010de bi bil solidaren z o\u010detovim veseljem nad mlaj\u0161im sinom, lahko \u0161e kaj zahteval zase? O\u010ditno je, da se starej\u0161i sin v \u010dasu odsotnosti mlaj\u0161ega brata ni nikdar sre\u010dal z o\u010detom. Nikdar ni rekel o\u010detu: \u00bbUpajva, da se bo mlaj\u0161i vrnil in da se mu ne bo zgodilo ni\u010d nepopravljivo te\u017ekega.\u00ab<\/span><\/p>\n<p lang=\"sl-SI\" align=\"justify\"><span style=\"font-family: arial, helvetica, sans-serif; font-size: 14pt;\">Kaj torej ta prilika pomeni zate in zame? Ali nama ne pravi, naj bova solidarna z O\u010detom, z njegovo skrbjo do vsakega sina ali h\u010dere, da bova lahko u\u017eivala tudi njegovo radost in veselje? So\u017eitje in ob\u010destvo z O\u010detom je skrivnost sre\u010de njegovih sinov in h\u010dera.<\/span><\/p>\n<p lang=\"sl-SI\" align=\"justify\"><span style=\"font-family: arial, helvetica, sans-serif; font-size: 14pt;\">Sveti Pavel razgla\u0161a, da je skrivnost cerkve v spravi. Re\u010di ho\u010de, da je temeljno \u010dlovekovo izkustvo sprejemanje Bo\u017ejega odpu\u0161\u010danja v Kristusu. To izkustvo omogo\u010da in utemeljuje novo \u010dlove\u0161kost, ki nama je podarjena v Kristusu. Vse najino \u017eivljenje je zajeto v to napetost, da bi v skupnem so\u017eitju in delitvi vsem in na vse raz\u0161irila prejeto odpu\u0161\u010danje. Le na tak na\u010din lahko do\u017eiviva solidarnost s tem, kar \u010duti Bog, in sva dejansko z njim v so\u017eitju in ob\u010destvu, ne da bi za to zahtevala nekaj zase in terjala od njega. V tem je skrivnost sre\u010de Bo\u017ejih otrok, ki imajo drug drugega za brata in sestro, ker jim je skupna O\u010detova skrb in veselje do vsakega posebej.<\/span><\/p>\n<p lang=\"sl-SI\" align=\"justify\"><span style=\"font-family: arial, helvetica, sans-serif; font-size: 14pt;\">Sre\u010de ob\u010destva z O\u010detom ne moreva oku\u0161ati, \u010de nisva do\u017eivela njegovega odpu\u0161\u010danja, \u010de nisva do\u017eivela, da se vsakemu izmed nas sam podarja kot milost in nam tako omogo\u010da, da sva sposobna solidarnosti z njegovimi \u010dustvi ter to skrivnost deliva z vsemi. Zato tudi za tvoje in moje srce velja: \u00bbTistim, ki i\u0161\u010dejo Gospoda, ne manjka ni\u010d dobrega. Isk\u00e1l sem Gospoda in me je usli\u0161al, vseh mojih strahov me je re\u0161il. Glejte nanj in boste \u017eareli od veselja, va\u0161i obrazi naj ne zardevajo.\u00ab<\/span><\/p>\n<p lang=\"sl-SI\" align=\"justify\"><span style=\"font-family: arial, helvetica, sans-serif; font-size: 14pt;\">p. Dr Vili Lov\u0161e<\/span><\/p>\n","protected":false},"excerpt":{"rendered":"<p>Evangeljska prilika nama spregovori o usmiljenem O\u010detu in dveh izgubljenih sinovih. Z molkom in z besedami vsak od treh likov poka\u017ee svoje glavne zna\u010dilnosti. Mlaj\u0161i brat je opisan z besedami: \u00bbO\u010de, daj mi dele\u017e premo\u017eenja, ki mi pripada\u00ab in \u00bb\u0161el je vase \u2026\u00ab. Starej\u0161i sin se predstavi z besedami: \u00bbGlej, toliko let ti slu\u017eim in <a class=\"read-more\" href=\"https:\/\/www.ztz.rkc.si\/index.php\/2019\/03\/31\/4-postna-nedelja-kdaj-sem-zares-srecen\/\">Preberi ve\u010d<\/a><\/p>\n","protected":false},"author":2,"featured_media":129,"comment_status":"open","ping_status":"open","sticky":false,"template":"","format":"standard","meta":{"footnotes":""},"categories":[1],"tags":[],"class_list":["post-530","post","type-post","status-publish","format-standard","has-post-thumbnail","hentry","category-uncategorized"],"_links":{"self":[{"href":"https:\/\/www.ztz.rkc.si\/index.php\/wp-json\/wp\/v2\/posts\/530","targetHints":{"allow":["GET"]}}],"collection":[{"href":"https:\/\/www.ztz.rkc.si\/index.php\/wp-json\/wp\/v2\/posts"}],"about":[{"href":"https:\/\/www.ztz.rkc.si\/index.php\/wp-json\/wp\/v2\/types\/post"}],"author":[{"embeddable":true,"href":"https:\/\/www.ztz.rkc.si\/index.php\/wp-json\/wp\/v2\/users\/2"}],"replies":[{"embeddable":true,"href":"https:\/\/www.ztz.rkc.si\/index.php\/wp-json\/wp\/v2\/comments?post=530"}],"version-history":[{"count":1,"href":"https:\/\/www.ztz.rkc.si\/index.php\/wp-json\/wp\/v2\/posts\/530\/revisions"}],"predecessor-version":[{"id":531,"href":"https:\/\/www.ztz.rkc.si\/index.php\/wp-json\/wp\/v2\/posts\/530\/revisions\/531"}],"wp:featuredmedia":[{"embeddable":true,"href":"https:\/\/www.ztz.rkc.si\/index.php\/wp-json\/wp\/v2\/media\/129"}],"wp:attachment":[{"href":"https:\/\/www.ztz.rkc.si\/index.php\/wp-json\/wp\/v2\/media?parent=530"}],"wp:term":[{"taxonomy":"category","embeddable":true,"href":"https:\/\/www.ztz.rkc.si\/index.php\/wp-json\/wp\/v2\/categories?post=530"},{"taxonomy":"post_tag","embeddable":true,"href":"https:\/\/www.ztz.rkc.si\/index.php\/wp-json\/wp\/v2\/tags?post=530"}],"curies":[{"name":"wp","href":"https:\/\/api.w.org\/{rel}","templated":true}]}}