{"id":2093,"date":"2023-04-23T20:09:10","date_gmt":"2023-04-23T18:09:10","guid":{"rendered":"https:\/\/www.ztz.rkc.si\/?p=2093"},"modified":"2023-04-23T20:09:10","modified_gmt":"2023-04-23T18:09:10","slug":"sveti-oce-francisek-nudite-celostno-oskrbo-bolnikom-in-njihovim-druzinam","status":"publish","type":"post","link":"https:\/\/www.ztz.rkc.si\/index.php\/2023\/04\/23\/sveti-oce-francisek-nudite-celostno-oskrbo-bolnikom-in-njihovim-druzinam\/","title":{"rendered":"Sveti o\u010de Fran\u010di\u0161ek: Nudite celostno oskrbo bolnikom in njihovim dru\u017einam"},"content":{"rendered":"<p><span style=\"font-size: 14pt;\">Sveti o\u010de je v \u010detrtek, 13. aprila 2023, v avdienco sprejel <em>Zdru\u017eenje verskih socialnih in zdravstvenih ustanov<\/em> (ARIS). Poudaril je, da je zdravstvo kr\u0161\u010danskega zna\u010daja dol\u017eno braniti pravico do oskrbe zlasti naj\u0161ibkej\u0161ih dru\u017ebenih skupin. Ustanove je povabil, naj se medsebojno povezujejo ter zagotavljajo celostno oskrbo bolnikov, ki so jim zaupani.<\/span><\/p>\n<p><span style=\"font-size: 14pt;\">\u00bbVesel sem, da se lahko sre\u010dam z va\u0161im Zdru\u017eenjem, ki deluje na podro\u010dju upravljanja zdravstvenih struktur kr\u0161\u010danskega zna\u010daja, ki bi jih lahko primerjali z gosti\u0161\u010dem dobrega Samarijana (prim. Lk 10,25-37), kjer bolniki lahko prejmejo &#8220;olje tola\u017ebe in vino upanja&#8221;.<a href=\"https:\/\/www.vaticannews.va\/sl\/papez\/news\/2023-04\/sveti-oce-nudite-celostno-oskrbo-bolnikom-in-njihovim-druzinam.html#sdfootnote1sym\" target=\"_blank\" rel=\"noopener\">1<\/a>Izra\u017eam hvale\u017enost za dobro, ki je bilo storjeno v \u0161tevilnih zdravstvenih ustanovah v Italiji, in jih spodbujam, naj nadaljujejo z vztrajnostjo in domi\u0161ljijo dejavne ljubezni, ki je lastna \u0161tevilnim ustanoviteljem, ki so z njimi za\u010deli.<\/span><\/p>\n<p><span style=\"font-size: 14pt;\">Kr\u0161\u010dansko zdravstvo v Italiji ima lepo in ve\u010dstoletno zgodovino. Cerkev je z zdravstveno oskrbo veliko storila, da bi prisluhnila revnim, \u0161ibkim in zapu\u0161\u010denim prebivalcem dru\u017ebe. Na tem podro\u010dju ni manjkalo verodostojnih pri\u010devalcev, ki so znali prepoznati in slu\u017eiti bolnemu in trpe\u010demu Kristusu do popolne podaritve samih sebe, tudi z \u017ertvovanjem svojega \u017eivljenja. Pomislimo na svetega Kamila de Lellisa, sveto Jo\u017eefino Vannini, svetega Jo\u017eefa Moscatija, sveto Avgu\u0161tino Pietrantoni in mnoge druge. Hvale\u017eni za preteklost se zato \u010dutimo poklicani, da z dejavno zavzetostjo in prero\u0161kim duhom \u017eivimo v sedanjosti. V zdravstvenem sektorju so lahko bolj kot drugod, v\u010dasih na zelo o\u010diten na\u010din, vidne bole\u010de posledice kulture odmetavanja. Kadar bolna oseba ni postavljena v sredi\u0161\u010de in ni upo\u0161tevana v svojem dostojanstvu, se oblikujejo dr\u017ee, ki lahko vodijo celo v \u0161pekulacije o nesre\u010dah drugih,<a href=\"https:\/\/www.vaticannews.va\/sl\/papez\/news\/2023-04\/sveti-oce-nudite-celostno-oskrbo-bolnikom-in-njihovim-druzinam.html#sdfootnote2sym\" target=\"_blank\" rel=\"noopener\">2<\/a>\u00a0na kar moramo biti pozorni.\u00ab<\/span><\/p>\n<p><span style=\"font-size: 14pt;\">Sveti o\u010de se je v nadaljevanju nagovora zaustavil ob naslednjem vpra\u0161anju: kak\u0161na je naloga zdravstvenih ustanov kr\u0161\u010danskega zna\u010daja v italijanskem kontekstu, kjer obstaja nacionalna zdravstvena slu\u017eba, ki je po svoji poklicanosti univerzalna in naj bi zato skrbela za vse? \u00bbDa bi odgovorili na to vpra\u0161anje, je potrebno ponovno obnoviti temeljno karizmo katoli\u0161kega zdravstva in jo aplicirati v tej novi zgodovinski situaciji. Pri tem pa se zavedamo, da je danes zaradi razli\u010dnih razlogov vse te\u017eje ohranjati obstoje\u010de strukture. Potrebno se je podati na poti razlo\u010devanja in sprejemati pogumne odlo\u010ditve, pri \u010demer se moramo zavedati, da je na\u0161a poklicanost biti tam, kjer so potrebe. Kot Cerkev smo poklicani odgovoriti predvsem na zdravstvene potrebe najrevnej\u0161ih, izklju\u010denih in tistih, katerih potrebe zaradi ekonomskih ali kulturnih razlogov niso upo\u0161tevane\u00ab.<\/span><\/p>\n<p><span style=\"font-size: 14pt;\">Pape\u017e je ob tem spomnil, da je tudi v Italiji veliko ljudi, ki zaradi pomanjkanja sredstev ne morejo pla\u010dati zdravstvenih storitev. Poleg tega so problem izredno dolge \u010dakalne dobe, tudi za nujne preglede. \u00bbPove\u010duje se potreba po pobolni\u0161ni\u010dni oskrbi, saj bolni\u0161nice odpu\u0161\u010dajo bolnike v kratkem \u010dasu in dajejo prednost zdravljenju akutnej\u0161ih faz bolezni in ne zdravljenju kroni\u010dnih patologij: te postajajo, zlasti za ostarele, resen problem tudi z ekonomskega vidika, pri \u010demer obstaja tveganje, da se daje prednost na\u010dinom delovanja, ki ne spo\u0161tujejo dostojanstva osebe. &#8230; Vsaka oseba ima pravico do zdravil. \u010ce mora starej\u0161a oseba jemati ve\u010dje \u0161tevilo zdravil in zaradi var\u010devanja z denarjem ali iz drugega razloga teh zdravil ne dobi, je to prikrita in postopna evtanazija, ker ne dobijo tistega, kar potrebujejo za zdravljenje\u00ab.<\/span><\/p>\n<p><span style=\"font-size: 14pt;\">\u00bbZdravstvo kr\u0161\u010danskega zna\u010daja je dol\u017eno braniti pravico do oskrbe zlasti naj\u0161ibkej\u0161ih dru\u017ebenih skupin in dajati prednost krajem, kjer ljudje najbolj trpijo in kjer je zanje najmanj poskrbljeno, tudi \u010de to morda zahteva prilagoditev obstoje\u010dih storitev novim razmeram. Vsaka bolna oseba je po definiciji krhka, uboga, potrebna pomo\u010di; v\u010dasih so tisti, ki so bogati, bolj osamljeni in zapu\u0161\u010deni kot tisti, ki so revni. Vendar je jasno, da imajo danes tisti, ki imajo denar, druga\u010dne mo\u017enosti dostopa do oskrbe kot revnej\u0161i. Ko pomislimo na veliko \u0161tevilo kongregacij, ki so nastale v razli\u010dnih zgodovinskih obdobjih s pogumnimi karizmami, se vpra\u0161ajmo: kaj bi ti ustanovitelji in ustanoviteljice storili danes?\u00ab<\/span><\/p>\n<p><span style=\"font-size: 14pt;\">\u00bbPoslanstvo katoli\u0161kih bolni\u0161nic je predvsem skrbeti za tiste, ki jih zdravstvena ekonomija in dolo\u010dena sodobna kultura zavra\u010data. To je bila prerokba \u0161tevilnih zdravstvenih ustanov kr\u0161\u010danskega zna\u010daja, za\u010den\u0161i z nastankom samih bolni\u0161nic, ki so bile ustanovljene prav zato, da bi skrbele za tiste, ki se jih nih\u010de ni hotel dotakniti. Naj bo to tudi danes va\u0161e pri\u010devanje, skupaj s kompetentnim in jasnim upravljanjem, ki je sposobno zdru\u017eevati raziskave, inovacije, predanost poslednjim in celosten pogled\u00ab.<\/span><\/p>\n<p><span style=\"font-size: 14pt;\">Sveti o\u010de je nato zbranim dejal, da je stvarnost kompleksna in se bodo z njo lahko soo\u010dili na primeren na\u010din le, \u010de bodo zdravstvene ustanove verskega zna\u010daja zbrale pogum in se povezale v mre\u017eo; se izognile vsakr\u0161nemu duhu tekmovalnosti, zdru\u017eile znanje in vire ter morda ustanovile nove pravne subjekte, s katerimi bodo lahko pomagale zlasti manj\u0161im stvarnostim. \u00bbNe bojte se hoditi po novih poteh, tvegajte. Tvegajte in tako prepre\u010dite, da bi morali na\u0161e bolni\u0161nice samo iz ekonomskih razlogov prodati \u2013 to je velika nevarnost in je zelo aktualna, posebej tukaj v Rimu, lahko vam po\u0161ljem seznam \u2013 in bila na ta na\u010din izbrisana dedi\u0161\u010dina, ki so jo dolgo ohranjale in bogatile \u0161tevilne \u017ertve. Prav z namenom uresni\u010devanja teh dveh nujnih ciljev in na pro\u0161njo samih zdravstvenih ustanov katoli\u0161kega zna\u010daja je decembra 2015 nastala\u00a0<em>Pape\u0161ka komisija za dejavnosti na zdravstvenem podro\u010dju javnih pravnih oseb v\u00a0<\/em>Cerkvi. Vabim vas k dejavnemu in konstruktivnemu sodelovanju z njo\u00ab.<\/span><\/p>\n<p><span style=\"font-size: 14pt;\">\u00bbOb koncu bi vam rad priporo\u010dil, da ljudi, ki jih sprejemate v svojih ustanovah, spremljajte s celostno oskrbo, ki ne zanemarja duhovne in verske pomo\u010di bolnikom, njihovim dru\u017einam in zdravstvenim delavcem. Tudi v tem bi morale biti kr\u0161\u010danske zdravstvene ustanove zgled. Ne gre le za nudenje zakramentalne pastoralne oskrbe, temve\u010d za celovito pozornost do osebe. Nih\u010de se v bolezni ne sme \u010dutiti osamljenega! Nasprotno, vsakogar je treba podpirati pri njegovih vpra\u0161anjih o smislu in mu pomagati, da s kr\u0161\u010danskim upanjem prehodi v\u010dasih dolgo in naporno pot bolezni.<\/span><\/p>\n<p><span style=\"font-size: 14pt;\">Dragi bratje in sestre, ohranjajte karizmo svojih ustanoviteljev. Ne toliko zato, da bi posnemali njihova dejanja, ampak da bi sprejeli njihovega duha; ne toliko zato, da bi branili preteklost, ampak da bi gradili sedanjost in prihodnost, v kateri boste s svojo prisotnostjo oznanjali Bo\u017ejo bli\u017eino bolnim, zlasti tistim, ki so najbolj prikraj\u0161ani in odrinjeni na rob zaradi logike dobi\u010dka. Naj vas spremlja Devica Marija. Iz srca blagoslavljam vas in va\u0161e delo. Prosim, ne pozabite moliti zame. Hvala.\u00ab<\/span><\/p>\n<hr \/>\n<p><span style=\"font-size: 14pt;\"><a href=\"https:\/\/www.vaticannews.va\/sl\/papez\/news\/2023-04\/sveti-oce-nudite-celostno-oskrbo-bolnikom-in-njihovim-druzinam.html#sdfootnote1anc\" target=\"_blank\" rel=\"noopener\">1<\/a><em>Rimski misal<\/em>, Navadni hvalospev VIII.<\/span><br \/>\n<span style=\"font-size: 14pt;\"><a href=\"https:\/\/www.vaticannews.va\/sl\/papez\/news\/2023-04\/sveti-oce-nudite-celostno-oskrbo-bolnikom-in-njihovim-druzinam.html#sdfootnote2anc\" target=\"_blank\" rel=\"noopener\">2<\/a>Prim.\u00a0<em><a href=\"http:\/\/www.archivioradiovaticana.va\/storico\/2017\/02\/10\/pape%C5%BE_fran%C4%8Di%C5%A1ek_bolne_osebe_%E2%80%93_dragoceni_udje_cerkve\/sl-1291666\">Govor<\/a>\u00a0\u0160kofovski komisiji za slu\u017eenje dejavne ljubezni in zdravje pri Italijanski \u0161kofovski konferenci<\/em>, 10. februar 2017).<\/span><\/p>\n<p><span style=\"font-size: 14pt;\"><a href=\"https:\/\/www.vaticannews.va\/sl\/papez\/news\/2023-04\/sveti-oce-nudite-celostno-oskrbo-bolnikom-in-njihovim-druzinam.html\">Vir: Vatican News &#8211; slovenska redakcija<\/a><\/span><\/p>\n","protected":false},"excerpt":{"rendered":"<p>Sveti o\u010de je v \u010detrtek, 13. aprila 2023, v avdienco sprejel Zdru\u017eenje verskih socialnih in zdravstvenih ustanov (ARIS). Poudaril je, da je zdravstvo kr\u0161\u010danskega zna\u010daja dol\u017eno braniti pravico do oskrbe zlasti naj\u0161ibkej\u0161ih dru\u017ebenih skupin. Ustanove je povabil, naj se medsebojno povezujejo ter zagotavljajo celostno oskrbo bolnikov, ki so jim zaupani. \u00bbVesel sem, da se lahko <a class=\"read-more\" href=\"https:\/\/www.ztz.rkc.si\/index.php\/2023\/04\/23\/sveti-oce-francisek-nudite-celostno-oskrbo-bolnikom-in-njihovim-druzinam\/\">Preberi ve\u010d<\/a><\/p>\n","protected":false},"author":2,"featured_media":2094,"comment_status":"closed","ping_status":"closed","sticky":false,"template":"","format":"standard","meta":{"footnotes":""},"categories":[1],"tags":[],"class_list":["post-2093","post","type-post","status-publish","format-standard","has-post-thumbnail","hentry","category-uncategorized"],"_links":{"self":[{"href":"https:\/\/www.ztz.rkc.si\/index.php\/wp-json\/wp\/v2\/posts\/2093","targetHints":{"allow":["GET"]}}],"collection":[{"href":"https:\/\/www.ztz.rkc.si\/index.php\/wp-json\/wp\/v2\/posts"}],"about":[{"href":"https:\/\/www.ztz.rkc.si\/index.php\/wp-json\/wp\/v2\/types\/post"}],"author":[{"embeddable":true,"href":"https:\/\/www.ztz.rkc.si\/index.php\/wp-json\/wp\/v2\/users\/2"}],"replies":[{"embeddable":true,"href":"https:\/\/www.ztz.rkc.si\/index.php\/wp-json\/wp\/v2\/comments?post=2093"}],"version-history":[{"count":1,"href":"https:\/\/www.ztz.rkc.si\/index.php\/wp-json\/wp\/v2\/posts\/2093\/revisions"}],"predecessor-version":[{"id":2095,"href":"https:\/\/www.ztz.rkc.si\/index.php\/wp-json\/wp\/v2\/posts\/2093\/revisions\/2095"}],"wp:featuredmedia":[{"embeddable":true,"href":"https:\/\/www.ztz.rkc.si\/index.php\/wp-json\/wp\/v2\/media\/2094"}],"wp:attachment":[{"href":"https:\/\/www.ztz.rkc.si\/index.php\/wp-json\/wp\/v2\/media?parent=2093"}],"wp:term":[{"taxonomy":"category","embeddable":true,"href":"https:\/\/www.ztz.rkc.si\/index.php\/wp-json\/wp\/v2\/categories?post=2093"},{"taxonomy":"post_tag","embeddable":true,"href":"https:\/\/www.ztz.rkc.si\/index.php\/wp-json\/wp\/v2\/tags?post=2093"}],"curies":[{"name":"wp","href":"https:\/\/api.w.org\/{rel}","templated":true}]}}