{"id":1819,"date":"2022-07-24T07:57:15","date_gmt":"2022-07-24T05:57:15","guid":{"rendered":"https:\/\/www.ztz.rkc.si\/?p=1819"},"modified":"2022-07-24T07:57:15","modified_gmt":"2022-07-24T05:57:15","slug":"papezeva-poslanica-za-2-svetovni-dan-starih-starsev-in-ostarelih-se-v-starosti-rodijo-sadove","status":"publish","type":"post","link":"https:\/\/www.ztz.rkc.si\/index.php\/2022\/07\/24\/papezeva-poslanica-za-2-svetovni-dan-starih-starsev-in-ostarelih-se-v-starosti-rodijo-sadove\/","title":{"rendered":"Pape\u017eeva poslanica za 2. svetovni dan starih star\u0161ev in ostarelih: \u00bb\u0160e v starosti rodijo sadove\u00ab"},"content":{"rendered":"<p><em>Poslanica svetega o\u010deta Fran\u010di\u0161ka za 2. svetovni dan starih star\u0161ev in ostarelih, ki ga bomo obhajali 24. julija 2022.<\/em><\/p>\n<h3><strong>\u00bb\u0160e v starosti rodijo sadove\u00ab<\/strong><\/h3>\n<p>Predraga, predragi!<br \/>\nVrstica 92. psalma \u00bb\u0161e v starosti rodijo sadove\u00ab (v. 15) je vesela novica, je resni\u010dni \u00bbevangelij\u00ab, ki ga ob drugem svetovnem dnevu starih star\u0161ev lahko oznanimo svetu. Nasprotuje temu, kar svet misli o tem \u017eivljenjskem obdobju; in tudi glede resigniranega zadr\u017eanja nekaterih izmed nas, ostarelih, ki gredo naprej z malo upanja in od prihodnosti ne pri\u010dakujejo ni\u010desar ve\u010d.<\/p>\n<p>Mnogi se bojijo starosti. Imajo jo za neke vrste bolezen, s katero se je bolje izogniti kakr\u0161nemu koli stiku: stari se nas ne ti\u010dejo \u2013 mislijo \u2013 in je primerno, da ostanejo \u010dim dlje, po mo\u017enosti skupaj, v ustanovah, ki poskrbijo zanje in nas obvarujejo pred njihovimi mukami. To je kultura \u00bbodmetavanja\u00ab: tista miselnost, zaradi katere se slabotnej\u0161i in neznanci v svoji krhkosti po\u010dutijo druga\u010dne, medtem ko nas opravi\u010duje, da si predstavljamo lo\u010dene poti med \u00bbnami\u00ab in \u00bbnjimi\u00ab. V resnici pa je dolgo \u017eivljenje \u2013 tako u\u010di Sveto pismo \u2013 blagoslov in stari niso zavr\u017eenci, do katerih bi morali vzdr\u017eevati razdaljo, ampak \u017eiva znamenja Bo\u017eje dobrotljivosti, ki daje \u017eivljenje v izobilju. Blagor hi\u0161i, ki varuje starej\u0161e. Blagor dru\u017eini, ki spo\u0161tuje svoje stare star\u0161e!<\/p>\n<p>Starost je dejansko obdobje, ki ga te\u017eko razumemo celo mi, ki ga \u017eivimo. Kljub temu, da pride po dolgi poti, nas ni nih\u010de pripravil na soo\u010denje z njo, skoraj se zdi, da nas preseneti. Bolj razvite dru\u017ebe za to \u017eivljenjsko obdobje porabijo zelo veliko, vendar ne pomagajo pri njegovi razlagi: nudijo na\u010drte pomo\u010di, ne pa projektov bivanja.[1]\u00a0Zato je te\u017eko gledati v prihodnost in zaznati obzorje, h kateremu naj se iztezamo. Po eni strani smo v sku\u0161njavi, da bi izgnali starost, ko skrivamo gube in se pretvarjamo, da smo vedno mladi, po drugi strani pa se zdi, da ni mo\u010d storiti drugega, kot da \u017eivimo v razo\u010daranju, vdani v misel, da ne moremo ve\u010d \u00bbroditi sadov\u00ab.<\/p>\n<p>S koncem delovnih aktivnosti in neodvisnostjo otrok zmanjkajo razlogi, za katere smo porabili veliko svojih mo\u010di. Zavest o pojemanju mo\u010di ali pojav bolezni lahko spravijo v krizo na\u0161o gotovost. Zdi se, da nam svet \u2013 s svojimi hitrimi \u010dasi, s katerimi te\u017eko dr\u017eimo korak \u2013 ne pu\u0161\u010da drugih mo\u017enosti in nas vodi k ponotranjenju ideje o odmetu. Tako se dviga v nebo molitev psalma: \u00bbNe zavrzi me v \u010dasu starosti, ko gre moja mo\u010d h koncu, me ne zapusti\u00ab (71,9).<\/p>\n<p>Vendar nas isti psalm \u2013 ki izsledi Gospodovo prisotnost v razli\u010dnih obdobjih obstoja \u2013 vabi, naj \u0161e naprej upamo: ko bo pri\u0161la starost in beli lasje, nam bo On \u0161e vedno dajal \u017eivljenje in ne bo pustil, da bi nas premagalo zlo. \u010ce bomo zaupali vanj, bomo na\u0161li mo\u010d, da bomo pomno\u017eili hvalo (prim. vv. 14-20) in odkrili bomo, da staranje ni samo naravno poslab\u0161anje telesa ali neizogibno minevanje \u010dasa, ampak je dar dolgega \u017eivljenja. Staranje ni kazen, ampak blagoslov!<\/p>\n<p>Zato moramo bdeti nad seboj in se nau\u010diti \u017eiveti dejavno starost tudi z duhovnega vidika, ko gojimo svoje notranje \u017eivljenje s stanovitnim branjem Bo\u017eje Besede, vsakdanjo molitvijo, z doma\u010dnostjo z zakramenti in udele\u017ebo pri bogoslu\u017eju. Skupaj z odnosom do Boga pa so odnosi z drugimi: najprej z dru\u017eino, otroki, vnuki, ki jim izkazujemo svojo skrbno naklonjenost; pa tudi z revnimi in trpe\u010dimi ljudmi, ki jim postanemo bli\u017enji s konkretno pomo\u010djo in z molitvijo. Vse to nam bo pomagalo, da se ne bomo po\u010dutili zgolj gledalci v gledali\u0161\u010du sveta, da se ne bomo omejili na \u00bbbalkonarstvo\u00ab, na stati pri oknu. Z izostritvijo na\u0161ih \u010dutov za spoznavanje Gospodove prisotnosti[2]\u00a0bomo kot \u00bbzelene\u010da oljka v hi\u0161i Bo\u017eji\u00ab (prim. Ps 52,10), bomo lahko blagoslov za tiste, ki \u017eivijo poleg nas.<\/p>\n<p>Starost ni nekoristen \u010das, v katerem bi se lahko umaknili in potegnili vesla v \u010doln, ampak je \u010das, v katerem lahko \u0161e vedno obrodimo sadove. \u010caka nas novo poslanstvo in nas vabi, naj obrnemo pogled v prihodnost. \u00bbPosebna ob\u010dutljivost nas, starih, starostnega obdobja bi morala zaradi pozornosti, misli in \u010dustev, ki nas delajo \u010dlove\u0161ke, ponovno za mnoge postati poklic. In to bo ljubezenska odlo\u010ditev starih do novih rodov.\u00ab[3]\u00a0To je na\u0161 prispevek za\u00a0<em>revolucijo ne\u017enosti<\/em>,[4]\u00a0za duhovno in neoboro\u017eeno revolucijo, za katero vabim vas, dragi stari star\u0161i in ostareli, da postanete njeni nosilci.<\/p>\n<p>Svet do\u017eivlja \u010das hude preizku\u0161nje, ki ga je najprej zaznamoval nepri\u010dakovan vihar pandemije, potem pa vojna, ki prizadene mir in razvoj v svetovnem merilu. Ni naklju\u010dje, da se je vojna vrnila v Evropo v \u010dasu, ko izginja generacija, ki jo je do\u017eivela v preteklem stoletju. In te velike krize nas lahko naredijo neob\u010dutljive za dejstvo, da obstajajo \u0161e druge \u00bbepidemije\u00ab in druge raz\u0161irjene oblike nasilja, ki ogro\u017eajo \u010dlove\u0161ko dru\u017eino in na\u0161 skupni dom.<\/p>\n<p>Zaradi vsega tega smo potrebni globoke spremembe, spreobrnjenja, ki naj demilitarizira na\u0161a srca, ko vsakemu omogo\u010di, da v drugem spozna brata. In mi, stari star\u0161i in ostareli, imamo veliko odgovornost: da nau\u010dimo mo\u0161ke in \u017eenske na\u0161ega \u010dasa, da bodo videli druge z istim prizanesljivim in ne\u017enim pogledom, s kakr\u0161nim gledamo svoje vnuke. Izbrusili smo svojo \u010dlove\u0161kost s prevzemom skrbi za bli\u017enjega in danes smo lahko u\u010ditelji mirnega in pozornega na\u010dina \u017eivljenja do slabotnej\u0161ih. Na\u0161 na\u010din \u017eivljenja bodo morda lahko zamenjali za \u0161ibkost ali popustljivost, vendar bodo krotki in ne agresivni ter sleparski podedovali zemljo (prim. Mt 5,5).<\/p>\n<p>Eden od sadov, ki smo jih poklicani obroditi, je varovati svet. \u00bbVsi smo pri\u0161li s kolen starih star\u0161ev, ki so nas dr\u017eali v naro\u010dju\u00ab;[5]\u00a0danes pa je \u010das, da na svojih kolenih \u2013 s konkretno pomo\u010djo ali tudi samo z molitvijo \u2013 skupaj s svojimi dr\u017eimo \u0161e toliko prestra\u0161enih vnukov, ki jih \u0161e nismo sre\u010dali in ki morda be\u017eijo pred vojno ali trpijo zaradi nje. Varujmo v svojih srcih \u2013 kot je to po\u010del sveti Jo\u017eef, ne\u017eni in skrbni o\u010de \u2013 mal\u010dke iz Ukrajine, Afganistana, Ju\u017enega Sudana \u2026<\/p>\n<p>Mnogi med nami so razvili modro in preprosto zavest, ki jo svet tako zelo potrebuje: ne re\u0161imo se sami, sre\u010da je kruh, ki ga jemo skupaj. Pri\u010dujmo o tem tistim, ki se slepijo, da bodo svojo osebno uresni\u010ditev in uspeh na\u0161li v nasprotovanju. To zmorejo vsi, tudi najbolj slabotni: ko se pustimo negovati \u2013 pogosto ljudem, ki prihajajo iz drugih dr\u017eav \u2013 je na\u010din, da povemo, da \u017eiveti skupaj ni samo mogo\u010de, ampak je tudi potrebno.<\/p>\n<p>Drage babice in dragi dedki, dragi ostareli, v tem na\u0161em svetu smo poklicani, da smo tvorci\u00a0<em>revolucije ne\u017enosti<\/em>! Storimo to in se nau\u010dimo vedno bolje uporabljati najbolj dragoceno orodje, ki ga imamo in ki je najbolj primerno za na\u0161o starost: molitev. \u00bb\u0160e mi malo postanimo pesniki molitve; u\u017eivajmo v iskanju svojih besed, ponovno si prisvojimo tistih, ki nas jih u\u010di Bo\u017eja Beseda.\u00ab[6]\u00a0Na\u0161a zaupna pro\u0161nja lahko veliko stori: lahko spremlja krik bole\u010dine tistega, ki trpi in lahko pomaga spreminjati srca. Lahko postanemo stalen \u00bbzbor\u00ab velikega duhovnega sveti\u0161\u010da, v katerem pro\u0161nja molitev in zahvalna pesem podpirata skupnost, ki dela in se bojuje na polju \u017eivljenja.\u00ab[7]<\/p>\n<p>Zato je Svetovni dan starih star\u0161ev in ostarelih prilo\u017enost, da \u0161e enkrat z veseljem povemo, da \u017eeli Cerkev praznovati skupaj s tistimi, ki jih je Gospod \u2013 kakor pravi Sveto pismo \u2013 \u00bbnasitil z dnevi\u00ab. Praznujmo ga skupaj! Vabim vas, da ta dan oznanite v svojih \u017eupnijah in skupnostih; pojdite iskat ostarele, ki so osamljeni doma ali v domovih, kjer \u017eivijo. Poskrbimo, da tega dne nih\u010de ne bo pre\u017eivljal v samoti. \u010ce imamo nekoga, ki ga lahko pri\u010dakuje, lahko spremeni dneve nekoga, ki od prihodnosti ne pri\u010dakuje ni\u010d ve\u010d dobrega; iz prvega sre\u010danja se lahko rodi novo prijateljstvo. Obiskovati ostarele je delo usmiljenja na\u0161ega \u010dasa!<\/p>\n<p>Prosimo Marijo, Mater ne\u017enosti, naj iz vseh nas naredi tvorce\u00a0<em>revolucije ne\u017enosti<\/em>, da bomo skupaj osvobodili svet teme samote in demona vojne.<\/p>\n<p>Naj vas vse in va\u0161e drage dose\u017ee moj blagoslov z zagotovilom moje ljube\u010de bli\u017eine. In vi, prosim vas, ne pozabite moliti zame!<\/p>\n<p><em>Rim, Sveti Janez v Lateranu, 3. maja 2022, na praznik svetih apostolov Filipa in Jakoba.<\/em><\/p>\n<p>FRAN\u010cI\u0160EK<\/p>\n<p>&nbsp;<\/p>\n","protected":false},"excerpt":{"rendered":"<p>Poslanica svetega o\u010deta Fran\u010di\u0161ka za 2. svetovni dan starih star\u0161ev in ostarelih, ki ga bomo obhajali 24. julija 2022. \u00bb\u0160e v starosti rodijo sadove\u00ab Predraga, predragi! Vrstica 92. psalma \u00bb\u0161e v starosti rodijo sadove\u00ab (v. 15) je vesela novica, je resni\u010dni \u00bbevangelij\u00ab, ki ga ob drugem svetovnem dnevu starih star\u0161ev lahko oznanimo svetu. Nasprotuje temu, <a class=\"read-more\" href=\"https:\/\/www.ztz.rkc.si\/index.php\/2022\/07\/24\/papezeva-poslanica-za-2-svetovni-dan-starih-starsev-in-ostarelih-se-v-starosti-rodijo-sadove\/\">Preberi ve\u010d<\/a><\/p>\n","protected":false},"author":2,"featured_media":1435,"comment_status":"closed","ping_status":"closed","sticky":false,"template":"","format":"standard","meta":{"footnotes":""},"categories":[1],"tags":[],"class_list":["post-1819","post","type-post","status-publish","format-standard","has-post-thumbnail","hentry","category-uncategorized"],"_links":{"self":[{"href":"https:\/\/www.ztz.rkc.si\/index.php\/wp-json\/wp\/v2\/posts\/1819","targetHints":{"allow":["GET"]}}],"collection":[{"href":"https:\/\/www.ztz.rkc.si\/index.php\/wp-json\/wp\/v2\/posts"}],"about":[{"href":"https:\/\/www.ztz.rkc.si\/index.php\/wp-json\/wp\/v2\/types\/post"}],"author":[{"embeddable":true,"href":"https:\/\/www.ztz.rkc.si\/index.php\/wp-json\/wp\/v2\/users\/2"}],"replies":[{"embeddable":true,"href":"https:\/\/www.ztz.rkc.si\/index.php\/wp-json\/wp\/v2\/comments?post=1819"}],"version-history":[{"count":1,"href":"https:\/\/www.ztz.rkc.si\/index.php\/wp-json\/wp\/v2\/posts\/1819\/revisions"}],"predecessor-version":[{"id":1820,"href":"https:\/\/www.ztz.rkc.si\/index.php\/wp-json\/wp\/v2\/posts\/1819\/revisions\/1820"}],"wp:featuredmedia":[{"embeddable":true,"href":"https:\/\/www.ztz.rkc.si\/index.php\/wp-json\/wp\/v2\/media\/1435"}],"wp:attachment":[{"href":"https:\/\/www.ztz.rkc.si\/index.php\/wp-json\/wp\/v2\/media?parent=1819"}],"wp:term":[{"taxonomy":"category","embeddable":true,"href":"https:\/\/www.ztz.rkc.si\/index.php\/wp-json\/wp\/v2\/categories?post=1819"},{"taxonomy":"post_tag","embeddable":true,"href":"https:\/\/www.ztz.rkc.si\/index.php\/wp-json\/wp\/v2\/tags?post=1819"}],"curies":[{"name":"wp","href":"https:\/\/api.w.org\/{rel}","templated":true}]}}