{"id":1804,"date":"2022-07-03T07:11:34","date_gmt":"2022-07-03T05:11:34","guid":{"rendered":"https:\/\/www.ztz.rkc.si\/?p=1804"},"modified":"2022-07-03T07:11:56","modified_gmt":"2022-07-03T05:11:56","slug":"otroci-nas-potrebujejo-zacetek-dobrodelne-akcije-karitas","status":"publish","type":"post","link":"https:\/\/www.ztz.rkc.si\/index.php\/2022\/07\/03\/otroci-nas-potrebujejo-zacetek-dobrodelne-akcije-karitas\/","title":{"rendered":"Otroci nas potrebujejo \u2013 za\u010detek dobrodelne akcije Karitas"},"content":{"rendered":"<div class=\"text\">\n<h1 class=\"page-title\">Otroci nas potrebujejo \u2013 za\u010detek dobrodelne akcije Karitas za pomo\u010d s \u0161olskimi potreb\u0161\u010dinami za 13.000 socialno ogro\u017eenih otrok v Sloveniji<\/h1>\n<p><img loading=\"lazy\" decoding=\"async\" class=\"alignnone wp-image-1805\" src=\"https:\/\/www.ztz.rkc.si\/wp-content\/uploads\/2022\/07\/5cbaacb7ac4cd5b571d7133a44ae8a609fbb5c41-300x194.png\" alt=\"\" width=\"436\" height=\"282\" srcset=\"https:\/\/www.ztz.rkc.si\/wp-content\/uploads\/2022\/07\/5cbaacb7ac4cd5b571d7133a44ae8a609fbb5c41-300x194.png 300w, https:\/\/www.ztz.rkc.si\/wp-content\/uploads\/2022\/07\/5cbaacb7ac4cd5b571d7133a44ae8a609fbb5c41-768x495.png 768w, https:\/\/www.ztz.rkc.si\/wp-content\/uploads\/2022\/07\/5cbaacb7ac4cd5b571d7133a44ae8a609fbb5c41.png 800w\" sizes=\"auto, (max-width: 436px) 100vw, 436px\" \/><\/p>\n<p><span style=\"font-family: arial, helvetica, sans-serif; font-size: 14pt;\">Slovenska karitas za\u010denja z dobrodelno akcijo Otroci nas potrebujejo, ki je namenjena zbiranju finan\u010dnih sredstev za pomo\u010d s \u0161olskimi potreb\u0161\u010dinami za 13.000 socialno ogro\u017eenih otrok. Isto\u010dasno pri\u010denja z zbiranjem pro\u0161enj socialno ogro\u017eenih dru\u017ein za pomo\u010d v prihodnjem \u0161olskem letu. Neposredna pomo\u010d bo v juliju in avgustu realizirana v obliki paketov \u0161olskih potreb\u0161\u010din ali bonov oz. naro\u010dilnic za nakup delovnih zvezkov in \u0161olskih potreb\u0161\u010din.<\/span><\/p>\n<p><span style=\"font-family: arial, helvetica, sans-serif; font-size: 14pt;\">V lanski vseslovenski dobrodelni akciji Otroci nas potrebujejo smo do konca leta zbrali 213.078,11 EUR. Tudi letos prav vse lepo vabimo k sodelovanju.<\/span><\/p>\n<p><span style=\"font-family: arial, helvetica, sans-serif; font-size: 14pt;\">Darovi se zbirajo na:<\/span><\/p>\n<p><span style=\"font-family: arial, helvetica, sans-serif; font-size: 14pt;\"><strong>Slovenska karitas, Kristanova ulica 1, 1000 Ljubljana, TRR: SI56 0214 0001 5556 761, sklic: SI 00 362, namen: Otroci nas potrebujejo.<\/strong><\/span><\/p>\n<p><span style=\"font-family: arial, helvetica, sans-serif; font-size: 14pt;\"><strong>Zgibanke s polo\u017enico<\/strong> so na voljo tudi po vseh \u017eupnijah.\u00a0\u00a0\u00a0\u00a0<\/span><\/p>\n<p><span style=\"font-family: arial, helvetica, sans-serif; font-size: 14pt;\">Darujete lahko tudi s poslanim <strong>sporo\u010dilom SMS <\/strong>s klju\u010dno besedo <strong>ZVEZEK5 na 1919 in prispevali boste 5 EUR za \u0161olske potreb\u0161\u010dine. <\/strong><\/span><\/p>\n<p><span style=\"font-family: arial, helvetica, sans-serif; font-size: 14pt;\">Zvezki se zbirajo v vseh <strong>papirnicah Office&amp;More in galanterijah Bags&amp;More, <\/strong>kjer je do konca julija mogo\u010de po polovi\u010dni ceni kupiti in darovati kvaliteten zvezek.<\/span><\/p>\n<p><span style=\"font-family: arial, helvetica, sans-serif; font-size: 14pt;\">V maju je po osnovnih \u0161olah potekala <strong>akcija<\/strong> <strong>Pokloni zvezek, v kateri so osnovno\u0161olci in otroci iz vrtcev<\/strong><\/span><\/p>\n<p><span style=\"font-family: arial, helvetica, sans-serif; font-size: 14pt;\"><strong>zbirali zvezke za socialno ogro\u017eene otroke<\/strong>. S sodelovanjem se je odzvalo <strong>265 osnovnih \u0161ol<\/strong> in <strong>102 vrtca<\/strong>. Zbrani zvezki, skupaj z lepimi mislimi otrok na posebnih razglednicah, v teh dneh \u017ee prihajajo na \u0161kofijske Karitas. Pomo\u010di potrebni otroci jih bodo prejeli skupaj z ostalo pomo\u010djo.<\/span><\/p>\n<p><span style=\"font-family: arial, helvetica, sans-serif; font-size: 14pt;\"><strong>Podrobnosti o pomo\u010di<\/strong><\/span><\/p>\n<p><span style=\"font-family: arial, helvetica, sans-serif; font-size: 14pt;\"><strong>Zbrane \u0161olske potreb\u0161\u010dine in sredstva iz dobrodelne akcije Otroci nas potrebujejo bo Karitas avgusta razdelila socialno ogro\u017eenim dru\u017einam s \u0161oloobveznimi otroki.<\/strong> Neposredna pomo\u010d bo realizirana v obliki paketov \u0161olskih potreb\u0161\u010din ali bonov oz. naro\u010dilnic za nakup delovnih zvezkov in \u0161olskih potreb\u0161\u010din.<\/span><\/p>\n<p><span style=\"font-family: arial, helvetica, sans-serif; font-size: 14pt;\"><strong>Dru\u017eine v stiski se po pomo\u010d glede \u0161olskih potreb\u0161\u010din lahko obrnejo na najbli\u017ejo Karitas<\/strong> v svojem kraju. Vse informacije so na voljo tudi na \u0161kofijskih Karitas v Celju, Ljubljani, Mariboru, Novem mestu, Kopru in Murski Soboti. Podatki na <a href=\"http:\/\/www.karitas.si\/kontakt\/\">http:\/\/www.karitas.si\/kontakt\/<\/a>.<\/span><\/p>\n<p><span style=\"font-family: arial, helvetica, sans-serif; font-size: 14pt;\">Ocenjujemo, da bo letos <strong>pomo\u010d potrebovalo ve\u010d kot 13.000 socialno ogro\u017eenih osnovno\u0161olcev<\/strong>, saj glede na pro\u0161nje povezanih s \u0161olo, ki \u017ee prihajajo na \u017eupnijske Karitas. <strong>Karitas sicer v Sloveniji pomaga ve\u010d kot 20.000 dru\u017einam z otroki. <\/strong>\u0160tevilni star\u0161i, ki komaj shajajo iz meseca v mesec, se poleg drugih materialnih stisk ob koncu \u0161olskega leta znajdejo v \u0161e ve\u010djih te\u017eavah. Njihovi otroci v juniju prejmejo sezname \u0161olskih potreb\u0161\u010din, ki jih morajo \u010dez poletje kupiti za naslednje \u0161olsko leto. Samo za najnujnej\u0161e in obvezne \u0161olske potreb\u0161\u010dine <strong>za enega otroka v drugi ali tretji triadi potrebujejo ve\u010d kot 200 EUR.<\/strong>\u00a0\u00a0\u00a0\u00a0\u00a0\u00a0<\/span><\/p>\n<p><span style=\"font-family: arial, helvetica, sans-serif; font-size: 14pt;\">\u0160tevilne dru\u017eine, ki so v materialnem pomanjkanju ali na robu svojih finan\u010dnih zmo\u017enosti, se po pomo\u010d obrnejo na Karitas. Star\u0161i imajo nemalokrat nizko pla\u010do ali negotovo zaposlitev, pogosto jih spremljajo zdravstvene te\u017eave in nesre\u010de. \u0160e posebej so v stiski enostar\u0161evske dru\u017eine ali tiste z ve\u010d osnovno\u0161olci. Nakup \u0161olskih potreb\u0161\u010din pred novim \u0161olskim letom presega njihove zmo\u017enosti. V sodelovanju z osnovnimi \u0161olami socialno ogro\u017eenim otrokom pomagamo z boni za delovne zvezke, zbranimi zvezki in torbami ter paketi \u0161olskih potreb\u0161\u010din. Z u\u010dno pomo\u010djo, pla\u010dilom polo\u017enic za razli\u010dne dejavnosti in prehrano in pla\u010dilom prevoza za dijake pomagamo med celotnim \u0161olskim letom. Otrokom pomagamo tudi ob bolezni, s preventivnimi dejavnostmi in letovanji.<\/span><\/p>\n<p><span style=\"font-family: arial, helvetica, sans-serif; font-size: 14pt;\">V letu 2021 je na Karitas pomo\u010d s \u0161olskimi potreb\u0161\u010dinami prejelo 12.950 otrok. <strong>Skupna pomo\u010d s \u0161olskimi potreb\u0161\u010dinami in pri pla\u010dilu polo\u017enic za \u0161olo je v lanskem letu v celotni mre\u017ei Karitas zna\u0161ala ve\u010d kot 477.710,00 EUR. <\/strong>Od tega se je v lanski vseslovenski dobrodelni akciji Otroci nas potrebujejo do konca leta zbralo 213.078,11 EUR, ostalo so zbrale \u017eupnijske Karitas. Del sredstev je prispevala tudi FIHO (Fundacija za financiranje invalidskih in humanitarnih organizacij).<\/span><\/p>\n<p><span style=\"font-family: arial, helvetica, sans-serif; font-size: 14pt;\">Razveseljivo je, da nekatere \u0161ole pomagajo s \u0161olskimi skladi. To velja predvsem za ob\u010dine z bolj\u0161im socialno-ekonomskim stanjem. V zadnjih letih je k pomo\u010di s \u0161olskimi potreb\u0161\u010dinami za prvo triado O\u0160 pristopila tudi dr\u017eava. Pomo\u010d je mogo\u010de pridobiti na CSD, vendar le v okviru dveh izrednih pomo\u010di, ki jih dru\u017eine koristijo tudi za kurjavo in druge izredne stro\u0161ke med letom. \u0160e vedno je pomo\u010d veliko premajhna. Mnogi iz nje izpadejo in se obrnejo na Karitas.<\/span><\/p>\n<p><span style=\"font-family: arial, helvetica, sans-serif; font-size: 14pt;\">Poleg \u0161olskih potreb\u0161\u010din za 12.950 otrok je v letu 2021 1.684 otrok prejelo denarno pomo\u010d pri pla\u010dilu prehrane in ob\u0161olskih dejavnosti. V Botrstva Karitas je bilo vklju\u010denih ve\u010d kot 450 otrok. V sklopu dela \u017eupnijskih Karitas so otroci vklju\u010deni tudi v obdarovanja, delavnice, dru\u017eabne dogodke in centre za mlade in otroke. Skupna vrednost navedenih programov je <strong>v letu 2021 zna\u0161ala 837.659,26 EUR. V razli\u010dne programe Karitas je bilo skupaj vklju\u010denih 21.900 otrok in dijakov.<\/strong> Zaradi epidemije so bili \u0161tevilne delavnice in drugi dogodki v \u017eivi omejeni. Ve\u010dji del vklju\u010devanja je potekal prek spleta. Sredstva za izvedbo programov so bila ve\u010dinoma zbrana v dobrodelnih akcijah, ve\u010dji del pa je prispevala tudi FIHO.<\/span><\/p>\n<p><span style=\"font-family: arial, helvetica, sans-serif; font-size: 14pt;\">Otrokom \u017eelimo, da bi kot odrasli \u017eiveli ustvarjalno in dostojno. Z znanjem, pridobljenimi navadami in spretnostmi ter zaupanjem vase bodo v prihodnosti lahko poskrbeli za svoje \u017eivljenje in v polnosti razvili svoje sposobnosti. Izobrazba je najve\u010dja popotnica za lep\u0161o in dostojno prihodnost.<\/span><\/p>\n<p><span style=\"font-family: arial, helvetica, sans-serif; font-size: 14pt;\">Otroci nas potrebujejo, potrebujejo na\u0161o podporo za novo \u0161olsko leto. Hvala!<\/span><\/p>\n<p><span style=\"font-family: arial, helvetica, sans-serif; font-size: 14pt;\">Peter Toma\u017ei\u010d<\/span><\/p>\n<p><span style=\"font-family: arial, helvetica, sans-serif; font-size: 14pt;\">generalni tajnik Slovenske karitas<\/span><\/p>\n<\/div>\n","protected":false},"excerpt":{"rendered":"<p>Otroci nas potrebujejo \u2013 za\u010detek dobrodelne akcije Karitas za pomo\u010d s \u0161olskimi potreb\u0161\u010dinami za 13.000 socialno ogro\u017eenih otrok v Sloveniji Slovenska karitas za\u010denja z dobrodelno akcijo Otroci nas potrebujejo, ki je namenjena zbiranju finan\u010dnih sredstev za pomo\u010d s \u0161olskimi potreb\u0161\u010dinami za 13.000 socialno ogro\u017eenih otrok. Isto\u010dasno pri\u010denja z zbiranjem pro\u0161enj socialno ogro\u017eenih dru\u017ein za pomo\u010d <a class=\"read-more\" href=\"https:\/\/www.ztz.rkc.si\/index.php\/2022\/07\/03\/otroci-nas-potrebujejo-zacetek-dobrodelne-akcije-karitas\/\">Preberi ve\u010d<\/a><\/p>\n","protected":false},"author":2,"featured_media":0,"comment_status":"closed","ping_status":"closed","sticky":false,"template":"","format":"standard","meta":{"footnotes":""},"categories":[1],"tags":[],"class_list":["post-1804","post","type-post","status-publish","format-standard","hentry","category-uncategorized"],"_links":{"self":[{"href":"https:\/\/www.ztz.rkc.si\/index.php\/wp-json\/wp\/v2\/posts\/1804","targetHints":{"allow":["GET"]}}],"collection":[{"href":"https:\/\/www.ztz.rkc.si\/index.php\/wp-json\/wp\/v2\/posts"}],"about":[{"href":"https:\/\/www.ztz.rkc.si\/index.php\/wp-json\/wp\/v2\/types\/post"}],"author":[{"embeddable":true,"href":"https:\/\/www.ztz.rkc.si\/index.php\/wp-json\/wp\/v2\/users\/2"}],"replies":[{"embeddable":true,"href":"https:\/\/www.ztz.rkc.si\/index.php\/wp-json\/wp\/v2\/comments?post=1804"}],"version-history":[{"count":1,"href":"https:\/\/www.ztz.rkc.si\/index.php\/wp-json\/wp\/v2\/posts\/1804\/revisions"}],"predecessor-version":[{"id":1806,"href":"https:\/\/www.ztz.rkc.si\/index.php\/wp-json\/wp\/v2\/posts\/1804\/revisions\/1806"}],"wp:attachment":[{"href":"https:\/\/www.ztz.rkc.si\/index.php\/wp-json\/wp\/v2\/media?parent=1804"}],"wp:term":[{"taxonomy":"category","embeddable":true,"href":"https:\/\/www.ztz.rkc.si\/index.php\/wp-json\/wp\/v2\/categories?post=1804"},{"taxonomy":"post_tag","embeddable":true,"href":"https:\/\/www.ztz.rkc.si\/index.php\/wp-json\/wp\/v2\/tags?post=1804"}],"curies":[{"name":"wp","href":"https:\/\/api.w.org\/{rel}","templated":true}]}}