{"id":1777,"date":"2022-06-05T07:51:35","date_gmt":"2022-06-05T05:51:35","guid":{"rendered":"https:\/\/www.ztz.rkc.si\/?p=1777"},"modified":"2022-06-05T07:51:35","modified_gmt":"2022-06-05T05:51:35","slug":"slovesni-praznik-binkosti-2","status":"publish","type":"post","link":"https:\/\/www.ztz.rkc.si\/index.php\/2022\/06\/05\/slovesni-praznik-binkosti-2\/","title":{"rendered":"Slovesni praznik binko\u0161ti"},"content":{"rendered":"<div class=\"text\">\n<p><span style=\"font-family: arial, helvetica, sans-serif; font-size: 14pt;\">S slovesnim praznikom binko\u0161ti, ki ga bomo letos praznovali v nedeljo, 5. junija 2022, bomo v Katoli\u0161ki cerkvi sklenili velikono\u010dni \u010das.<\/span><\/p>\n<p><span style=\"font-family: arial, helvetica, sans-serif; font-size: 14pt;\">Praznik obhajamo 50 dni po veliki no\u010di in je praznik prihoda Svetega Duha, ker je na ta dan po svetopisemskem sporo\u010dilu nad zbrane u\u010dence in Bo\u017ejo mater Marijo pri\u0161el Sveti Duh (prim. <em>Apd<\/em> 2,1\u201311; <em>Jn<\/em> 20,19\u201323).<a title=\"\" href=\"https:\/\/katoliska-cerkev.si\/slovesni-praznik-binkosti#_ftn1\" name=\"_ftnref1\">[1]<\/a><\/span><\/p>\n<p><span style=\"font-family: arial, helvetica, sans-serif; font-size: 14pt;\"><strong>Sveti Duh v \u017eivljenju kr\u0161\u010danske skupnosti<\/strong><\/span><br \/>\n<span style=\"font-family: arial, helvetica, sans-serif; font-size: 14pt;\">Iz svetopisemskega besedila izhaja pomen delovanja Svetega Duha v Cerkvi in \u017eivljenju kr\u0161\u010danske skupnosti, saj je on dejavno navzo\u010d ob sprejemanju odlo\u010ditev (prim. Apd 15,28), izbira oznanjevalce (prim. Apd 13,2) ter jih vodi (Apd 8,26\u201340). Za\u010detki Cerkve so po Apostolskih delih v tesni povezanosti s prihodom Svetega Duha, zato v drugem Lukovem delu \u2013 Apostolskih delih \u2013 binko\u0161ti zavzemajo sredi\u0161\u010dno mesto. Kakor je Jezus po krstu v Duhu za\u010del svoje delovanje s <em>programskim<\/em> govorom v nazare\u0161ki shodnici, ki ga je sklenil z opozorilom, da so vsi (ne samo Judje) poklicani k odre\u0161enju; tako tudi Cerkev po svojem binko\u0161tnem krstu (prim. Apd 2,1\u20134) za\u010denja svoje poslanstvo s Petrovim govorom v Jeruzalemu (prim. Apd 2,14 in sl.), ki na koncu naka\u017ee univerzalni vidik odre\u0161enja (prim. Apd 2,39). Tako sta celotno evangeljsko poslanstvo Cerkve, kakor tudi poslanstvo Jezusa Kristusa prikazana kot delovanje pod vodstvom Svetega Duha.<a title=\"\" href=\"https:\/\/katoliska-cerkev.si\/slovesni-praznik-binkosti#_ftn2\" name=\"_ftnref2\">[2]<\/a><\/span><\/p>\n<p><span style=\"font-family: arial, helvetica, sans-serif; font-size: 14pt;\"><em>Apostolska dela<\/em> pri\u010dujejo o delovanju Svetega Duha ne samo ob nastanku Cerkve, ampak tudi o njegovem stalnem spremljanju Cerkve na njeni poti napredovanja. Celotna knjiga je eno samo sklicevanje na Svetega Duha. Ta je dvakrat omenjen kot prvotni dejavnik odre\u0161enja, njegovo delo je tudi obrat Cerkev k poganom. Po molitvi, veri in krstu Sveti Duh podarja mo\u010d za pri\u010devanje ter vodi Cerkev pri njenem misijonskem poslanstvu in oznanjevanju evangelija.<a title=\"\" href=\"https:\/\/katoliska-cerkev.si\/slovesni-praznik-binkosti#_ftn3\" name=\"_ftnref3\">[3]<\/a><\/span><\/p>\n<p><span style=\"font-family: arial, helvetica, sans-serif; font-size: 14pt;\"><strong>Sveti Duh in nova evangelizacija<\/strong><\/span><br \/>\n<span style=\"font-family: arial, helvetica, sans-serif; font-size: 14pt;\">Sveti Duh je za\u010detnik in po\u010delo vsake evangelizacije, je prvenstveni nosilec veselega oznanila v svet in <em>prehiteva<\/em> \u010dlove\u0161ko oznanjevanje evangelija. Pape\u017e Pavel VI. (1963\u20131978) je izpostavil vlogo Svetega Duha kot glavnega dejavnika evangelizacije, zato mora Cerkev bolj premi\u0161ljevati naravo, vlogo in na\u010din delovanja Svetega Duha v dana\u0161nji dru\u017ebi in evangelizaciji. Ko Cerkev danes \u010duti potrebo po novi evangelizaciji, pravzaprav \u010duti potrebo po bolj odlo\u010dni poslu\u0161nosti in odprtosti za delovanje Svetega Duha.<a title=\"\" href=\"https:\/\/katoliska-cerkev.si\/slovesni-praznik-binkosti#_ftn4\" name=\"_ftnref4\">[4]<\/a><\/span><\/p>\n<p><span style=\"font-family: arial, helvetica, sans-serif; font-size: 14pt;\">Nova evangelizacija, ki pomeni prehod od tradicionalne k osebni veri, pomeni tudi novo <em>prislu\u0161kovanje<\/em> Svetemu Duhu, ki tudi za danes pozna <em>prave re\u0161itve<\/em> za nastale razmere. Evangelizacija je tudi \u00bbnova\u00ab, ker Sveti Duh neprestano ustvarja novost Bo\u017eje besede in ljudi na novo duhovno prebuja. Sveti Duh je tisti, ki evangeliju odpira pot v srca ljudi in dru\u017ebe (prim. Apd 16,9\u201310) ter konkretizira evangeljsko sporo\u010dilo v sodobni \u010das in okolje.<a title=\"\" href=\"https:\/\/katoliska-cerkev.si\/slovesni-praznik-binkosti#_ftn5\" name=\"_ftnref5\">[5]<\/a><\/span><\/p>\n<p><span style=\"font-family: arial, helvetica, sans-serif; font-size: 14pt;\"><strong>Izraz binko\u0161ti in cerkveno leto<\/strong><\/span><br \/>\n<span style=\"font-family: arial, helvetica, sans-serif; font-size: 14pt;\">Beseda <em>binko\u0161ti<\/em> izhaja iz nem\u0161kega jezika (<em>Pfingsten <\/em>iz <em>&#8216;der f\u00fcnfzigste Tag&#8217; <\/em>(<em>petdeseti dan<\/em>)), pojem pa izhaja iz gr\u0161ke besede <em>pentekoste&#8217; (hemera)<\/em>, kar pomeni petdeseti (dan). Po binko\u0161tih se v Katoli\u0161ki Cerkvi nadaljuje liturgi\u010dni \u010das <em>med letom<\/em>, ki traja do konca cerkvenega leta oziroma do za\u010detka adventnega \u010dasa. Velikono\u010dno sve\u010do v cerkvah z oltarnega prostora odnesejo h krstnemu kamnu, duhovniki in drugi sodelavci pa pri bogoslu\u017eju nosijo liturgi\u010dna obla\u010dila v zeleni barvi.<\/span><\/p>\n<div>\n<hr align=\"left\" size=\"1\" width=\"33%\" \/>\n<div id=\"ftn1\">\n<p><span style=\"font-family: arial, helvetica, sans-serif; font-size: 14pt;\"><a title=\"\" href=\"https:\/\/katoliska-cerkev.si\/slovesni-praznik-binkosti#_ftnref1\" name=\"_ftn1\">[1]<\/a> Apd 2,1\u201311: Ko je pri\u0161el binko\u0161tni dan, so bili vsi zbrani na istem kraju. Nenadoma je nastal z neba \u0161um, kot bi se bli\u017eal silovit vihar, in napolnil vso hi\u0161o, kjer so se zadr\u017eevali. Prikazali so se jim jeziki, podobni plamenom, ki so se razdelili, in nad vsakim je obstal po eden. Vsi so bili napolnjeni s Svetim Duhom in za\u010deli so govoriti v tujih jezikih, kakor jim je Duh dajal izgovarjati. V Jeruzalemu so tedaj prebivali Judje, pobo\u017eni mo\u017eje iz vseh narodov pod nebom. Ko se je raz\u0161iril glas o tem, se je zbrala mno\u017eica ljudi, ki so bili vsi iz sebe, ker jih je vsakdo sli\u0161al govoriti v svojem jeziku. Strmeli so, se \u010dudili in govorili: Glejte, ali niso vsi ti, ki govorijo, Galilejci? Kako, da jih sli\u0161imo vsak v svojem materinem jeziku? Parti, Medijci in Elamci in tisti, ki prebivamo v Mezopotamiji, Judeji in Kapadokiji, v Pontu in Aziji, v Frigiji in Pamfiliji, v Egiptu in v libijskih krajih blizu Cirene, in mi iz Rima, ki se zdaj mudimo tukaj, Judje in spreobrnjenci, Kreni in Arabci \u2013 vsi jih sli\u0161imo, kako v na\u0161ih jezikih oznanjajo velika Bo\u017eja dela!<\/span><br \/>\n<span style=\"font-family: arial, helvetica, sans-serif; font-size: 14pt;\">Jn 20,19\u201323: Pod no\u010d tistega dne, prvega v tednu, ko so bila tam, kjer so se u\u010denci zadr\u017eevali, vrata iz strahu pred Judi zaklenjena, je pri\u0161el Jezus, stopil mednje in jim rekel: \u00bbMir vam bodi!\u00ab In ko je to rekel, jim je pokazal roke in stran. U\u010denci so se razveselili, ko so videli Gospoda. Tedaj jim je Jezus spet rekel: \u00bbMir vam bodi! Kakor je O\u010de mene poslal, tudi jaz vas po\u0161iljam.\u00ab In ko je to izrekel, je dihnil vanje in jim dejal: \u00bbPrejmite Svetega Duha! Katerim grehe odpustite, so jim odpu\u0161\u010deni; katerim jih zadr\u017eite, so jim zadr\u017eani.\u00ab<\/span><br \/>\n<span style=\"font-family: arial, helvetica, sans-serif; font-size: 14pt;\"><a title=\"\" href=\"https:\/\/katoliska-cerkev.si\/slovesni-praznik-binkosti#_ftnref2\" name=\"_ftn2\">[2]<\/a> Prim. C. Sor\u010d, <em>Sveti Duh<\/em>, v: <em>Priro\u010dnik dogmati\u010dne teologije<\/em>, Dru\u017eina 2003, 524.<\/span><br \/>\n<span style=\"font-family: arial, helvetica, sans-serif; font-size: 14pt;\"><a title=\"\" href=\"https:\/\/katoliska-cerkev.si\/slovesni-praznik-binkosti#_ftnref3\" name=\"_ftn3\">[3]<\/a> Prim. C. Sor\u010d, n. d., 525.<\/span><br \/>\n<span style=\"font-family: arial, helvetica, sans-serif; font-size: 14pt;\"><a title=\"\" href=\"https:\/\/katoliska-cerkev.si\/slovesni-praznik-binkosti#_ftnref4\" name=\"_ftn4\">[4]<\/a> Prim. C. Sor\u010d, n. d., 587.<\/span><br \/>\n<span style=\"font-family: arial, helvetica, sans-serif; font-size: 14pt;\"><a title=\"\" href=\"https:\/\/katoliska-cerkev.si\/slovesni-praznik-binkosti#_ftnref5\" name=\"_ftn5\">[5]<\/a> Prim. C. Sor\u010d, n. d., 587.<\/span><\/p>\n<\/div>\n<p>Vir: RKC<\/p>\n<\/div>\n<\/div>\n","protected":false},"excerpt":{"rendered":"<p>S slovesnim praznikom binko\u0161ti, ki ga bomo letos praznovali v nedeljo, 5. junija 2022, bomo v Katoli\u0161ki cerkvi sklenili velikono\u010dni \u010das. Praznik obhajamo 50 dni po veliki no\u010di in je praznik prihoda Svetega Duha, ker je na ta dan po svetopisemskem sporo\u010dilu nad zbrane u\u010dence in Bo\u017ejo mater Marijo pri\u0161el Sveti Duh (prim. Apd 2,1\u201311; <a class=\"read-more\" href=\"https:\/\/www.ztz.rkc.si\/index.php\/2022\/06\/05\/slovesni-praznik-binkosti-2\/\">Preberi ve\u010d<\/a><\/p>\n","protected":false},"author":2,"featured_media":244,"comment_status":"closed","ping_status":"closed","sticky":false,"template":"","format":"standard","meta":{"footnotes":""},"categories":[1],"tags":[],"class_list":["post-1777","post","type-post","status-publish","format-standard","has-post-thumbnail","hentry","category-uncategorized"],"_links":{"self":[{"href":"https:\/\/www.ztz.rkc.si\/index.php\/wp-json\/wp\/v2\/posts\/1777","targetHints":{"allow":["GET"]}}],"collection":[{"href":"https:\/\/www.ztz.rkc.si\/index.php\/wp-json\/wp\/v2\/posts"}],"about":[{"href":"https:\/\/www.ztz.rkc.si\/index.php\/wp-json\/wp\/v2\/types\/post"}],"author":[{"embeddable":true,"href":"https:\/\/www.ztz.rkc.si\/index.php\/wp-json\/wp\/v2\/users\/2"}],"replies":[{"embeddable":true,"href":"https:\/\/www.ztz.rkc.si\/index.php\/wp-json\/wp\/v2\/comments?post=1777"}],"version-history":[{"count":1,"href":"https:\/\/www.ztz.rkc.si\/index.php\/wp-json\/wp\/v2\/posts\/1777\/revisions"}],"predecessor-version":[{"id":1778,"href":"https:\/\/www.ztz.rkc.si\/index.php\/wp-json\/wp\/v2\/posts\/1777\/revisions\/1778"}],"wp:featuredmedia":[{"embeddable":true,"href":"https:\/\/www.ztz.rkc.si\/index.php\/wp-json\/wp\/v2\/media\/244"}],"wp:attachment":[{"href":"https:\/\/www.ztz.rkc.si\/index.php\/wp-json\/wp\/v2\/media?parent=1777"}],"wp:term":[{"taxonomy":"category","embeddable":true,"href":"https:\/\/www.ztz.rkc.si\/index.php\/wp-json\/wp\/v2\/categories?post=1777"},{"taxonomy":"post_tag","embeddable":true,"href":"https:\/\/www.ztz.rkc.si\/index.php\/wp-json\/wp\/v2\/tags?post=1777"}],"curies":[{"name":"wp","href":"https:\/\/api.w.org\/{rel}","templated":true}]}}