{"id":1751,"date":"2022-05-08T10:33:37","date_gmt":"2022-05-08T08:33:37","guid":{"rendered":"https:\/\/www.ztz.rkc.si\/?p=1751"},"modified":"2022-05-08T10:33:37","modified_gmt":"2022-05-08T08:33:37","slug":"poslanica-papeza-franciska-ob-59-svetovnem-dnevu-molitve-za-duhovne-poklice","status":"publish","type":"post","link":"https:\/\/www.ztz.rkc.si\/index.php\/2022\/05\/08\/poslanica-papeza-franciska-ob-59-svetovnem-dnevu-molitve-za-duhovne-poklice\/","title":{"rendered":"Poslanica pape\u017ea Fran\u010di\u0161ka ob 59. svetovnem dnevu molitve za duhovne poklice"},"content":{"rendered":"<h3><span style=\"font-family: arial, helvetica, sans-serif; font-size: 14pt;\"><strong><em>Poklicani k izgradnji \u010dlove\u0161ke dru\u017eine<\/em><\/strong><\/span><\/h3>\n<p><span style=\"font-family: arial, helvetica, sans-serif; font-size: 14pt;\">Dragi bratje in sestre!<\/span><\/p>\n<p><span style=\"font-family: arial, helvetica, sans-serif; font-size: 14pt;\">\u010ceprav v na\u0161em \u010dasu \u0161e vedno piha\u00a0leden veter\u00a0vojne\u00a0in zatiranja ter smo pogosto pri\u010da polarizaciji, smo kot Cerkev za\u010deli sinodalni proces: \u010dutimo nujnost, da hodimo skupaj in gojimo razse\u017enosti poslu\u0161anja, sodelovanja in\u00a0soudele\u017ebe. Skupaj z vsemi mo\u0161kimi in \u017eenskami dobre volje \u017eelimo\u00a0<em>prispevati k izgradnji \u010dlove\u0161ke dru\u017eine<\/em>, zaceliti njene rane in jo usmeriti v bolj\u0161o prihodnost. Ob 59. svetovnem dnevu molitve za\u00a0duhovne\u00a0poklice \u017eelim skupaj z vami\u00a0razmi\u0161ljati\u00a0o \u0161ir\u0161em pomenu &#8220;poklicanosti&#8221; v kontekstu sinodalne Cerkve, ki\u00a0se postavi v dr\u017eo poslu\u0161anja\u00a0Boga\u00a0in sveta.<\/span><\/p>\n<p><span style=\"font-family: arial, helvetica, sans-serif; font-size: 14pt;\"><strong><em>Vsi smo p<\/em><\/strong><strong><em>oklicani<\/em><\/strong><strong><em>\u00a0biti<\/em><\/strong><strong><em>\u00a0protagonisti<\/em><\/strong><strong><em>\u00a0misijonov<\/em><\/strong><\/span><br \/>\n<span style=\"font-family: arial, helvetica, sans-serif; font-size: 14pt;\">Sinodalnost\u00a0oz.\u00a0skupna hoja je temeljna poklicanost Cerkve in\u00a0samo\u00a0v tem okviru je mogo\u010de odkriti in\u00a0ovrednotitirazli\u010dne poklice, karizme in slu\u017ebe. Hkrati pa vemo, da Cerkev obstaja zato, da evangelizira,\u00a0gre\u00a0ven\u00a0iz sebe\u00a0in seje seme evangelija v zgodovino. Zato je tak\u0161no poslanstvo\u00a0mo\u017eno\u00a0prav s sinergijo vseh pastoralnih podro\u010dij, \u0161e prej pa z vklju\u010devanjem vseh Gospodovih u\u010dencev. Dejansko je\u00a0\u00bbvsak \u010dlan Bo\u017ejega ljudstva po prejemu krsta postal misijonarski u\u010denec (prim. Mt 28,19). Vsaka kr\u0161\u010dena oseba, ne glede na svojo\u00a0vlogo\u00a0v Cerkvi in stopnjo pou\u010denosti v veri, je dejavni subjekt evangelizacije\u00ab\u00a0(Apostolska spodbuda\u00a0<em>Evangelii Gaudium<\/em>, 120). Izogibati se moramo miselnosti, ki lo\u010duje duhovnike in laike ter prve obravnava kot protagoniste, druge pa kot izvajalce.\u00a0Kr\u0161\u010dansko poslanstvo\u00a0moramoopravljati kot eno samo Bo\u017eje ljudstvo, laiki in pastirji skupaj. Celotna Cerkev je evangelizacijska skupnost.<\/span><\/p>\n<p><span style=\"font-family: arial, helvetica, sans-serif; font-size: 14pt;\"><strong><em>Poklicani, da skrbimo drug za drugega in za stvarstvo<\/em><\/strong><\/span><br \/>\n<span style=\"font-family: arial, helvetica, sans-serif; font-size: 14pt;\">Besede\u00a0\u00bbpoklicanost\u00ab\u00a0ne smemo razumeti v omejenem pomenu, ki se nana\u0161a samo na tiste, ki hodijo za Gospodom po poti\u00a0posebne\u00a0posvetitve. Vsi smo poklicani, da sodelujemo pri Kristusovem poslanstvu\u00a0zbiranja\u00a0razkropljenega\u010dlove\u0161tva in ga spravimo z Bogom. Na splo\u0161no je vsaka \u010dlove\u0161ka oseba, \u0161e preden do\u017eivi sre\u010danje s Kristusom in sprejme kr\u0161\u010dansko vero, z darom \u017eivljenja prejela temeljno poklicanost: vsak od nas je bitje, ki ga je Bog hotel in\u00a0galjubi, za katerega ima\u00a0edinstveno in posebno\u00a0zamisel; to bo\u017eansko iskro, ki prebiva v srcu vsakega mo\u0161kega in \u017eenske, smo poklicani razvijati skozi svoje \u017eivljenje in tako prispevati k rasti \u010dlove\u0161tva, ki ga\u00a0pre\u017eemata\u00a0ljubezen in medsebojno sprejemanje. Poklicani smo, da skrbimo drug za drugega, da gradimo vezi\u00a0sprave\u00a0in\u00a0soudele\u017eenosti, da zacelimo rane stvarstva, da ne bi bila uni\u010dena njegova lepota. Skratka,\u00a0poklicani smo\u00a0postati ena dru\u017eina v \u010dudoviti skupni hi\u0161i stvarstva, v harmoni\u010dni raznolikosti njegovih elementov. V tem \u0161ir\u0161em smislu\u00a0nimajo\u00a0\u00bbpoklicanosti\u00ab\u00a0le posamezniki, temve\u010d tudi ljudstva, skupnosti in razli\u010dne vrste zdru\u017eenj.<\/span><\/p>\n<p><span style=\"font-family: arial, helvetica, sans-serif; font-size: 14pt;\"><strong><em>Poklicani, da sprejmemo Bo\u017eji pogled\u00a0<\/em><\/strong><\/span><br \/>\n<span style=\"font-family: arial, helvetica, sans-serif; font-size: 14pt;\">V to veliko skupno poklicanost se vklju\u010duje \u0161e bolj poseben klic, ki nam ga Bog namenja,\u00a0ko vstopa v na\u0161e bivanje\u00a0s svojo Ljubeznijo in ga usmerja\u00a0k njegovemu\u00a0kon\u010dnemu cilju, k\u00a0tisti\u00a0polnosti, ki presega celo prag smrti. Tako je Bog \u017eelel gledati na nas in gleda na na\u0161a \u017eivljenja.<\/span><\/p>\n<p><span style=\"font-family: arial, helvetica, sans-serif; font-size: 14pt;\">Michelangelu Buonarrotiju pripisujejo naslednje besede:\u00a0\u00bbVsak kamniti blok ima v sebi kip in naloga kiparja je, da ga odkrije\u00ab. \u010ce je to morda umetnikov pogled,\u00a0je Bo\u017eji pogled veliko globlji od tega: v\u00a0tistem\u00a0dekletu iz Nazareta je videl Bo\u017ejo Mater; v ribi\u010du Simonu, Jonovem sinu, je videl Petra, skalo, na kateri bo zgradil svojo Cerkev; v cestninarju Leviju je videl apostola in evangelista Mateja; v Savlu,\u00a0krutem\u00a0preganjalcu kristjanov, je videl Pavla, apostola\u00a0narodov. Njegov ljube\u010di pogled vedno se\u017ee do nas, se nas dotakne, nas osvobodi in preoblikuje ter nas naredi za nove ljudi.\u00a0<\/span><\/p>\n<p><span style=\"font-family: arial, helvetica, sans-serif; font-size: 14pt;\">To je dinamika vsakega poklica: dose\u017ee nas\u00a0Bo\u017eji\u00a0pogled,\u00a0ki nas kli\u010de. Poklicanost, tako kot svetost, ni izredna izku\u0161nja, rezervirana za redke\u00a0izbrance. Tako kot\u00a0obstaja\u00a0\u00bbsvetost\u00a0za sosednjimi vrati\u00ab\u00a0(prim. apostolska spodbuda\u00a0<em>Gaudete et Exsultate<\/em>, 6\u20139), tako je tudi poklicanost\u00a0namenjena\u00a0vsakomur, saj Bog gleda na vsakogar in ga kli\u010de.<\/span><\/p>\n<p><span style=\"font-family: arial, helvetica, sans-serif; font-size: 14pt;\">Pregovor\u00a0z Daljnega Vzhoda\u00a0pravi:\u00a0\u00bbModrec pogleda\u00a0jajce in vidi orla; pogleda seme in vidi veliko drevo; pogleda gre\u0161nika in vidi svetnika.\u00ab\u00a0Tako gleda Bog\u00a0na nas: v vsakem od nas vidi potenciale, ki jih v\u010dasih\u00a0niti mi sami\u00a0ne poznamo, in si v na\u0161em \u017eivljenju neutrudno prizadeva, da bi jih lahko uporabili v slu\u017ebi skupnega dobrega.<\/span><\/p>\n<p><span style=\"font-family: arial, helvetica, sans-serif; font-size: 14pt;\">Poklic se tako rodi po zaslugi umetnosti bo\u017eanskega\u00a0Kiparja, ki nas s svojimi\u00a0\u00bbrokami\u00ab\u00a0izvabi iz nas samih, da v naspostane\u00a0vidna tista\u00a0mojstrovina,\u00a0h\u00a0kateri\u00a0smo poklicani. Zlasti Bo\u017eja beseda, ki nas osvobaja egocentri\u010dnosti, nas lahko o\u010disti, razsvetli in poustvari.\u00a0Postavimo se torej\u00a0v dr\u017eo poslu\u0161anja\u00a0Besede, da bi se odprli za poklic, ki nam ga je Bog zaupal! Nau\u010dimo se tudi poslu\u0161ati brate in sestre v veri, saj se v njihovih nasvetih in zgledih lahko skriva Bo\u017eja pobuda, ki nam ka\u017ee vedno nove poti, po katerih\u00a0naj\u00a0hodimo.<\/span><\/p>\n<p><span style=\"font-family: arial, helvetica, sans-serif; font-size: 14pt;\"><strong><em>Poklicani, da se odzovemo na Bo\u017eji pogled\u00a0<\/em><\/strong><\/span><br \/>\n<span style=\"font-family: arial, helvetica, sans-serif; font-size: 14pt;\">Bo\u017eji ljube\u010di in ustvarjalni pogled nas je v Jezusu dosegel na zelo poseben na\u010din. Evangelist Marko o bogatem mladeni\u010du pi\u0161e:\u00a0\u00bbJezus ga je pogledal in ga vzljubil\u00ab\u00a0(Mr\u00a010,21). Ta Jezusov ljube\u010di pogled je uprt v vsakega izmed nas. Bratje in sestre, pustimo, da se nas dotakne ta pogled, in pustimo, da nas ponese onkraj nas samih! Nau\u010dimo se tudi gledati drug drugega, da bi se ljudje, s katerimi \u017eivimo in jih sre\u010dujemo\u00a0\u2013\u00a0kdor koli \u017ee so\u00a0\u2013\u00a0po\u010dutili dobrodo\u0161le in odkrili, da obstaja nekdo, ki jih gleda z ljubeznijo in jih vabi, da razvijejo\u00a0vse\u00a0svoje potenciale.<\/span><\/p>\n<p><span style=\"font-family: arial, helvetica, sans-serif; font-size: 14pt;\">Na\u0161e \u017eivljenje se spremeni, ko sprejmemo ta pogled. Vse postane dialog\u00a0poklicanosti\u00a0med nami in Gospodom, pa tudi med nami in drugimi. Dialog, ki nas, \u010de ga \u017eivimo\u00a0v globine,\u00a0<em>vedno bolj dela to, kar smo<\/em>: v poklicanosti v posve\u010deno duhovni\u0161tvo, da bi bili orodje Kristusove milosti in usmiljenja; v poklicanosti v posve\u010deno \u017eivljenje, da bi bili hvalnica Bogu in prerokba novega \u010dlove\u0161tva; v poklicanosti v zakon, da bi bili vzajemen dar in\u00a0posredovalci\u00a0ter vzgojitelji \u017eivljenja. Na splo\u0161no v vsakem poklicu in slu\u017ebi v Cerkvi, ki nas kli\u010de, da gledamo na druge in na svet z Bo\u017ejimi o\u010dmi, da slu\u017eimo dobremu in \u0161irimo ljubezen v dejanjih in besedah.<\/span><\/p>\n<p><span style=\"font-family: arial, helvetica, sans-serif; font-size: 14pt;\">Na tem mestu bi rad omenil izku\u0161njo\u00a0dr. Jos\u00e9ja Gregoria Hern\u00e1ndeza Cisnerosa. Ko je delal kot zdravnik v Caracasu v Venezueli, je \u017eelel postati fran\u010di\u0161kanski\u00a0tretjerednik. Pozneje je razmi\u0161ljal, da bi postal menih in duhovnik, vendar mu zdravje tega ni dopu\u0161\u010dalo. Spoznal je, da je njegov poklic zdravni\u0161ki poklic, ki ga je opravljal predvsem za revne. Brez zadr\u017ekov se je posve\u010dal bolnikom, ki jih je prizadela epidemija\u00a0\u00bb\u0161panske gripe\u00ab, ki je takrat\u00a0razsajala po\u00a0svetu. Ko je zapu\u0161\u010dal lekarno, v kateri je kupil zdravila za starej\u0161ega bolnika, ga je povozil avtomobil. Pred enim letom je bilrazgla\u0161en za bla\u017eenega\u00a0kot zgledna pri\u010da, kaj pomeni sprejeti Gospodov klic in se ga v celoti dr\u017eati.<\/span><\/p>\n<p><span style=\"font-family: arial, helvetica, sans-serif; font-size: 14pt;\"><strong><em>Poklicani k izgradnji bratskega sveta\u00a0<\/em><\/strong><\/span><br \/>\n<span style=\"font-family: arial, helvetica, sans-serif; font-size: 14pt;\">Kot kristjani nismo poklicani,\u00a0se pravi nagovorjeni,\u00a0samo\u00a0vsak osebno, ampak smo\u00a0<em>i-zbrani<\/em>. Smo kot ko\u0161\u010dki mozaika, ki so \u010dudoviti, \u010de jih vzamemo vsakega posebej, a \u0161ele skupaj tvorijo podobo. Vsak od nas\u00a0\u017eari\u00a0kot zvezda v Bo\u017ejem srcu in na nebu vesolja, vendar smo poklicani, da sestavljamo ozvezdja, ki usmerjajo in osvetljujejo pot \u010dlove\u0161tva, za\u010den\u0161i z okoljem, v katerem \u017eivimo. To je skrivnost Cerkve: v\u00a0sobivanju\u00a0razlik je znamenje in orodje tega, k \u010demur je poklicano celotno \u010dlove\u0161tvo. Zato mora Cerkev postajati vse bolj sinodalna: sposobna hoditi skupaj v harmoniji raznolikosti, v kateri lahko vsakdo prispeva svoj dele\u017e in dejavno sodeluje.<\/span><\/p>\n<p><span style=\"font-family: arial, helvetica, sans-serif; font-size: 14pt;\">Ko torej govorimo o\u00a0\u00bbpoklicanosti\u00ab, ne gre le za izbiro te ali one oblike \u017eivljenja, za to, da bi svoj obstoj\u00a0posvetilidolo\u010deni slu\u017ebi ali sledili karizmi\u00a0redovne\u00a0dru\u017eine, gibanja ali cerkvene skupnosti; gre za uresni\u010devanje Bo\u017ejih sanj, velikega na\u010drta bratstva, ki ga je imel v srcu Jezus, ko je molil\u00a0k\u00a0O\u010detu:\u00a0\u00bbDa bi bili vsi eno\u00ab\u00a0(Jn 17,21). Vsak poklic v Cerkvi,\u00a0in v \u0161ir\u0161em smislu tudi v dru\u017ebi,\u00a0prispeva k skupnemu cilju: da bi med mo\u0161kimi in \u017eenskami zazvenela harmonija \u0161tevilnih in razli\u010dnih darov, ki jo\u00a0zna\u00a0uresni\u010diti\u00a0le Sveti Duh. Duhovniki, posve\u010deni mo\u0161ki in \u017eenske ter verni laiki hodimo in delamo skupaj, da pri\u010dujemo o tem, da velika \u010dlove\u0161ka dru\u017eina, zdru\u017eena v ljubezni, ni utopija, ampak je projekt, za katerega nas je ustvaril Bog.<\/span><\/p>\n<p><span style=\"font-family: arial, helvetica, sans-serif; font-size: 14pt;\">Molimo, bratje in sestre, da se bo Bo\u017eje ljudstvo sredi dramati\u010dnih zgodovinskih dogodkov vedno bolj odzivalo na ta klic.\u00a0Prosimo za\u00a0lu\u010d Svetega Duha, da bo vsak od nas na\u0161el svoje mesto in dal vse od sebe v tem velikem na\u010drtu!<\/span><\/p>\n<p><span style=\"font-family: arial, helvetica, sans-serif; font-size: 14pt;\">Rim, Sveti Janez\u00a0v Lateranu, 8. maj 2022, \u010detrta velikono\u010dna nedelja.<\/span><\/p>\n<p><span style=\"font-family: arial, helvetica, sans-serif; font-size: 14pt;\">FRAN\u010cI\u0160EK<\/span><\/p>\n","protected":false},"excerpt":{"rendered":"<p>Poklicani k izgradnji \u010dlove\u0161ke dru\u017eine Dragi bratje in sestre! \u010ceprav v na\u0161em \u010dasu \u0161e vedno piha\u00a0leden veter\u00a0vojne\u00a0in zatiranja ter smo pogosto pri\u010da polarizaciji, smo kot Cerkev za\u010deli sinodalni proces: \u010dutimo nujnost, da hodimo skupaj in gojimo razse\u017enosti poslu\u0161anja, sodelovanja in\u00a0soudele\u017ebe. Skupaj z vsemi mo\u0161kimi in \u017eenskami dobre volje \u017eelimo\u00a0prispevati k izgradnji \u010dlove\u0161ke dru\u017eine, zaceliti njene <a class=\"read-more\" href=\"https:\/\/www.ztz.rkc.si\/index.php\/2022\/05\/08\/poslanica-papeza-franciska-ob-59-svetovnem-dnevu-molitve-za-duhovne-poklice\/\">Preberi ve\u010d<\/a><\/p>\n","protected":false},"author":2,"featured_media":1752,"comment_status":"closed","ping_status":"closed","sticky":false,"template":"","format":"standard","meta":{"footnotes":""},"categories":[1],"tags":[],"class_list":["post-1751","post","type-post","status-publish","format-standard","has-post-thumbnail","hentry","category-uncategorized"],"_links":{"self":[{"href":"https:\/\/www.ztz.rkc.si\/index.php\/wp-json\/wp\/v2\/posts\/1751","targetHints":{"allow":["GET"]}}],"collection":[{"href":"https:\/\/www.ztz.rkc.si\/index.php\/wp-json\/wp\/v2\/posts"}],"about":[{"href":"https:\/\/www.ztz.rkc.si\/index.php\/wp-json\/wp\/v2\/types\/post"}],"author":[{"embeddable":true,"href":"https:\/\/www.ztz.rkc.si\/index.php\/wp-json\/wp\/v2\/users\/2"}],"replies":[{"embeddable":true,"href":"https:\/\/www.ztz.rkc.si\/index.php\/wp-json\/wp\/v2\/comments?post=1751"}],"version-history":[{"count":1,"href":"https:\/\/www.ztz.rkc.si\/index.php\/wp-json\/wp\/v2\/posts\/1751\/revisions"}],"predecessor-version":[{"id":1753,"href":"https:\/\/www.ztz.rkc.si\/index.php\/wp-json\/wp\/v2\/posts\/1751\/revisions\/1753"}],"wp:featuredmedia":[{"embeddable":true,"href":"https:\/\/www.ztz.rkc.si\/index.php\/wp-json\/wp\/v2\/media\/1752"}],"wp:attachment":[{"href":"https:\/\/www.ztz.rkc.si\/index.php\/wp-json\/wp\/v2\/media?parent=1751"}],"wp:term":[{"taxonomy":"category","embeddable":true,"href":"https:\/\/www.ztz.rkc.si\/index.php\/wp-json\/wp\/v2\/categories?post=1751"},{"taxonomy":"post_tag","embeddable":true,"href":"https:\/\/www.ztz.rkc.si\/index.php\/wp-json\/wp\/v2\/tags?post=1751"}],"curies":[{"name":"wp","href":"https:\/\/api.w.org\/{rel}","templated":true}]}}