{"id":1730,"date":"2022-04-15T20:36:54","date_gmt":"2022-04-15T18:36:54","guid":{"rendered":"https:\/\/www.ztz.rkc.si\/?p=1730"},"modified":"2022-04-15T20:36:54","modified_gmt":"2022-04-15T18:36:54","slug":"krizev-pot-ki-ga-vodi-sveti-oce-francisek-na-veliki-petek-gospodovega-trpljenja-v-koloseju","status":"publish","type":"post","link":"https:\/\/www.ztz.rkc.si\/index.php\/2022\/04\/15\/krizev-pot-ki-ga-vodi-sveti-oce-francisek-na-veliki-petek-gospodovega-trpljenja-v-koloseju\/","title":{"rendered":"Kri\u017eev pot, ki ga vodi sveti o\u010de Fran\u010di\u0161ek na Veliki petek Gospodovega trpljenja v Koloseju"},"content":{"rendered":"<div class=\"text\">\n<p><span style=\"font-family: arial, helvetica, sans-serif; font-size: 14pt;\"><em>Na Veliki petek, 15. aprila 2022, bo sveti o\u010de Fran\u010di\u0161ek ob 21.15 vodil kri\u017eev pot v rimskem Koloseju.<\/em><\/span><\/p>\n<p align=\"center\"><span style=\"font-family: arial, helvetica, sans-serif; font-size: 14pt;\"><strong>PREMI\u0160LJEVANJA IN MOLIVE<\/strong><\/span><br \/>\n<span style=\"font-family: arial, helvetica, sans-serif; font-size: 14pt;\"><strong>so pripravili<\/strong><\/span><\/p>\n<p><span style=\"font-family: arial, helvetica, sans-serif; font-size: 14pt;\">I\u00a0\u00a0\u00a0\u00a0\u00a0\u00a0\u00a0\u00a0\u00a0\u00a0\u00a0\u00a0\u00a0\u00a0\u00a0\u00a0\u00a0\u00a0\u00a0\u00a0\u00a0\u00a0\u00a0\u00a0\u00a0\u00a0\u00a0mladoporo\u010denca<\/span><br \/>\n<span style=\"font-family: arial, helvetica, sans-serif; font-size: 14pt;\">II\u00a0\u00a0\u00a0\u00a0\u00a0\u00a0\u00a0\u00a0\u00a0\u00a0\u00a0\u00a0\u00a0\u00a0\u00a0\u00a0\u00a0\u00a0\u00a0\u00a0\u00a0\u00a0\u00a0\u00a0\u00a0\u00a0dru\u017eina v misijonu<\/span><br \/>\n<span style=\"font-family: arial, helvetica, sans-serif; font-size: 14pt;\">III\u00a0\u00a0\u00a0\u00a0\u00a0\u00a0\u00a0\u00a0\u00a0\u00a0\u00a0\u00a0\u00a0\u00a0\u00a0\u00a0\u00a0\u00a0\u00a0\u00a0\u00a0\u00a0\u00a0\u00a0starej\u0161a zakonca brez otrok<\/span><br \/>\n<span style=\"font-family: arial, helvetica, sans-serif; font-size: 14pt;\">IV\u00a0\u00a0\u00a0\u00a0\u00a0\u00a0\u00a0\u00a0\u00a0\u00a0\u00a0\u00a0\u00a0\u00a0\u00a0\u00a0\u00a0\u00a0\u00a0\u00a0\u00a0\u00a0\u00a0\u00a0\u0161tevil\u010dna dru\u017eina<\/span><br \/>\n<span style=\"font-family: arial, helvetica, sans-serif; font-size: 14pt;\">V\u00a0\u00a0\u00a0\u00a0\u00a0\u00a0\u00a0\u00a0\u00a0\u00a0\u00a0\u00a0\u00a0\u00a0\u00a0\u00a0\u00a0\u00a0\u00a0\u00a0\u00a0\u00a0\u00a0\u00a0\u00a0dru\u017eina s prizadetim otrokom<\/span><br \/>\n<span style=\"font-family: arial, helvetica, sans-serif; font-size: 14pt;\">VI\u00a0\u00a0\u00a0\u00a0\u00a0\u00a0\u00a0\u00a0\u00a0\u00a0\u00a0\u00a0\u00a0\u00a0\u00a0\u00a0\u00a0\u00a0\u00a0\u00a0\u00a0\u00a0\u00a0\u00a0rejni\u0161ka dru\u017eina<\/span><br \/>\n<span style=\"font-family: arial, helvetica, sans-serif; font-size: 14pt;\">VII\u00a0\u00a0\u00a0\u00a0\u00a0\u00a0\u00a0\u00a0\u00a0\u00a0\u00a0\u00a0\u00a0\u00a0\u00a0\u00a0\u00a0\u00a0\u00a0\u00a0\u00a0\u00a0\u00a0dru\u017eina z bolnim star\u0161em<\/span><br \/>\n<span style=\"font-family: arial, helvetica, sans-serif; font-size: 14pt;\">VIII\u00a0\u00a0\u00a0\u00a0\u00a0\u00a0\u00a0\u00a0\u00a0\u00a0\u00a0\u00a0\u00a0\u00a0\u00a0\u00a0\u00a0\u00a0\u00a0\u00a0\u00a0stari star\u0161i<\/span><br \/>\n<span style=\"font-family: arial, helvetica, sans-serif; font-size: 14pt;\">IX\u00a0\u00a0\u00a0\u00a0\u00a0\u00a0\u00a0\u00a0\u00a0\u00a0\u00a0\u00a0\u00a0\u00a0\u00a0\u00a0\u00a0\u00a0\u00a0\u00a0\u00a0\u00a0\u00a0\u00a0dru\u017eina s posvojenci<\/span><br \/>\n<span style=\"font-family: arial, helvetica, sans-serif; font-size: 14pt;\">X\u00a0\u00a0\u00a0\u00a0\u00a0\u00a0\u00a0\u00a0\u00a0\u00a0\u00a0\u00a0\u00a0\u00a0\u00a0\u00a0\u00a0\u00a0\u00a0\u00a0\u00a0\u00a0\u00a0\u00a0\u00a0vdova z otrokoma<\/span><br \/>\n<span style=\"font-family: arial, helvetica, sans-serif; font-size: 14pt;\">XI\u00a0\u00a0\u00a0\u00a0\u00a0\u00a0\u00a0\u00a0\u00a0\u00a0\u00a0\u00a0\u00a0\u00a0\u00a0\u00a0\u00a0\u00a0\u00a0\u00a0\u00a0\u00a0\u00a0\u00a0dru\u017eina s sinom duhovnikom<\/span><br \/>\n<span style=\"font-family: arial, helvetica, sans-serif; font-size: 14pt;\">XII\u00a0\u00a0\u00a0\u00a0\u00a0\u00a0\u00a0\u00a0\u00a0\u00a0\u00a0\u00a0\u00a0\u00a0\u00a0\u00a0\u00a0\u00a0\u00a0\u00a0\u00a0\u00a0\u00a0dru\u017eina, ki je izgubila h\u010der<\/span><br \/>\n<span style=\"font-family: arial, helvetica, sans-serif; font-size: 14pt;\">XIII\u00a0\u00a0\u00a0\u00a0\u00a0\u00a0\u00a0\u00a0\u00a0\u00a0\u00a0\u00a0\u00a0\u00a0\u00a0\u00a0\u00a0\u00a0\u00a0\u00a0\u00a0ukrajinska in ruska dru\u017eina<\/span><br \/>\n<span style=\"font-family: arial, helvetica, sans-serif; font-size: 14pt;\">XIV\u00a0\u00a0\u00a0\u00a0\u00a0\u00a0\u00a0\u00a0\u00a0\u00a0\u00a0\u00a0\u00a0\u00a0\u00a0\u00a0\u00a0\u00a0\u00a0\u00a0\u00a0begunska\u00a0dru\u017eina<\/span><\/p>\n<p>&nbsp;<\/p>\n<p><span style=\"font-family: arial, helvetica, sans-serif; font-size: 14pt;\"><strong><a href=\"https:\/\/katoliska-cerkev.si\/media\/datoteke\/2022\/220415-Via%20Crucis%202022_slovensko.pdf\">Knji\u017eica kri\u017eivega pota v PDF<\/a><\/strong><\/span><\/p>\n<h2 align=\"center\"><span style=\"font-family: arial, helvetica, sans-serif; font-size: 14pt;\"><strong>KRI\u017dEV POT<\/strong><\/span><\/h2>\n<h3 align=\"center\"><span style=\"font-family: arial, helvetica, sans-serif; font-size: 14pt;\"><strong>Pesem<\/strong><\/span><\/h3>\n<p>&nbsp;<\/p>\n<p><span style=\"font-family: arial, helvetica, sans-serif; font-size: 14pt;\">Adoramus te, Christe, et benedicimus tibi:\u00a0\u00a0\u00a0\u00a0\u00a0\u00a0\u00a0\u00a0\u00a0\u00a0\u00a0\u00a0\u00a0\u00a0\u00a0\u00a0\u00a0\u00a0\u00a0\u00a0\u00a0\u00a0\u00a0\u00a0\u00a0\u00a0\u00a0<em>Molimo te, Kristus in te hvalimo,<\/em><\/span><br \/>\n<span style=\"font-family: arial, helvetica, sans-serif; font-size: 14pt;\">quia per sanctam crucem tuam redemisti mundum. \u00a0 \u00a0 \u00a0 \u00a0 \u00a0 \u00a0<em>ker si s svojim kri\u017eem svet odre\u0161il.<\/em><\/span><br \/>\n<span style=\"font-family: arial, helvetica, sans-serif; font-size: 14pt;\">V\/.\u00a0Per lignum servi facti sumus,\u00a0\u00a0\u00a0\u00a0\u00a0\u00a0\u00a0\u00a0\u00a0\u00a0\u00a0\u00a0\u00a0\u00a0\u00a0\u00a0\u00a0\u00a0\u00a0\u00a0\u00a0\u00a0\u00a0\u00a0\u00a0\u00a0\u00a0\u00a0\u00a0\u00a0\u00a0\u00a0\u00a0\u00a0\u00a0\u00a0\u00a0\u00a0\u00a0\u00a0\u00a0<em>Po lesu smo bili usu\u017enjeni,<\/em><\/span><br \/>\n<span style=\"font-family: arial, helvetica, sans-serif; font-size: 14pt;\">et per sanctam crucem liberati sumus. \u00a0 \u00a0 \u00a0 \u00a0 \u00a0 \u00a0 \u00a0 \u00a0 \u00a0 \u00a0 \u00a0 \u00a0 \u00a0 \u00a0 \u00a0 \u00a0<em>in po svetem kri\u017eu smo bili osvobojeni.<\/em><\/span><\/p>\n<p><span style=\"font-family: arial, helvetica, sans-serif; font-size: 14pt;\">V imenu O\u010deta in Sina in Svetega Duha.<\/span><br \/>\n<span style=\"font-family: arial, helvetica, sans-serif; font-size: 14pt;\">R\/.\u00a0Amen.<\/span><\/p>\n<h3 align=\"center\"><span style=\"font-family: arial, helvetica, sans-serif; font-size: 14pt;\"><strong>Uvodna molitev<\/strong><\/span><\/h3>\n<p><span style=\"font-family: arial, helvetica, sans-serif; font-size: 14pt;\">Gospod Jezus,<\/span><br \/>\n<span style=\"font-family: arial, helvetica, sans-serif; font-size: 14pt;\">na ta dan, ki je posve\u010den s tvojim trpljenjem,<\/span><br \/>\n<span style=\"font-family: arial, helvetica, sans-serif; font-size: 14pt;\">povzdigujemo k tebi svoj glas<\/span><br \/>\n<span style=\"font-family: arial, helvetica, sans-serif; font-size: 14pt;\">v zaupanju, da nam bo\u0161 prisluhnil.<\/span><\/p>\n<p><span style=\"font-family: arial, helvetica, sans-serif; font-size: 14pt;\">Slavimo te,<\/span><br \/>\n<span style=\"font-family: arial, helvetica, sans-serif; font-size: 14pt;\">ker si za nas vir \u017eivljenja,<\/span><br \/>\n<span style=\"font-family: arial, helvetica, sans-serif; font-size: 14pt;\">ker si si nalo\u017eil na\u0161e trpljenje<\/span><br \/>\n<span style=\"font-family: arial, helvetica, sans-serif; font-size: 14pt;\">in si s svojim svetim kri\u017eem odre\u0161il svet.<\/span><\/p>\n<p><span style=\"font-family: arial, helvetica, sans-serif; font-size: 14pt;\">Verujemo,<\/span><br \/>\n<span style=\"font-family: arial, helvetica, sans-serif; font-size: 14pt;\">da smo ozdraveli po tvojih ranah,<\/span><br \/>\n<span style=\"font-family: arial, helvetica, sans-serif; font-size: 14pt;\">da nas ne pu\u0161\u010da\u0161 samih v uri preizku\u0161nje,<\/span><br \/>\n<span style=\"font-family: arial, helvetica, sans-serif; font-size: 14pt;\">da je tvoj evangelij prava modrost.<\/span><\/p>\n<p><span style=\"font-family: arial, helvetica, sans-serif; font-size: 14pt;\">Prepoznavamo<\/span><br \/>\n<span style=\"font-family: arial, helvetica, sans-serif; font-size: 14pt;\">tvoje izmu\u010deno telo v tolikih na\u0161ih bratih in sestrah,<\/span><br \/>\n<span style=\"font-family: arial, helvetica, sans-serif; font-size: 14pt;\">nasilje, ki si ga prestal v tistih, ki so preganjani,<\/span><br \/>\n<span style=\"font-family: arial, helvetica, sans-serif; font-size: 14pt;\">tvojo zapu\u0161\u010denost v strtem srcu tistih, ki so jih ubili.<\/span><\/p>\n<p><span style=\"font-family: arial, helvetica, sans-serif; font-size: 14pt;\">Ti, ki si hotel \u017eiveti v dru\u017eini,<\/span><br \/>\n<span style=\"font-family: arial, helvetica, sans-serif; font-size: 14pt;\">ozri se z naklonjenostjo na na\u0161e dru\u017eine:<\/span><br \/>\n<span style=\"font-family: arial, helvetica, sans-serif; font-size: 14pt;\">usli\u0161i molitve, prisluhni to\u017ebam,<\/span><br \/>\n<span style=\"font-family: arial, helvetica, sans-serif; font-size: 14pt;\">blagoslovi na\u010drte, spremljaj na poti,<\/span><br \/>\n<span style=\"font-family: arial, helvetica, sans-serif; font-size: 14pt;\">podpiraj v negotovosti,<\/span><br \/>\n<span style=\"font-family: arial, helvetica, sans-serif; font-size: 14pt;\">potola\u017ei ranjeno \u010dutenje,<\/span><br \/>\n<span style=\"font-family: arial, helvetica, sans-serif; font-size: 14pt;\">vlij pogum za ljubezen,<\/span><br \/>\n<span style=\"font-family: arial, helvetica, sans-serif; font-size: 14pt;\">podeli milost za odpu\u0161\u010danje,<\/span><br \/>\n<span style=\"font-family: arial, helvetica, sans-serif; font-size: 14pt;\">odpri jih za potrebe drugih.<\/span><\/p>\n<p><span style=\"font-family: arial, helvetica, sans-serif; font-size: 14pt;\">Gospod Jezus,<\/span><br \/>\n<span style=\"font-family: arial, helvetica, sans-serif; font-size: 14pt;\">ti, ki si kri\u017eani in vstali,<\/span><br \/>\n<span style=\"font-family: arial, helvetica, sans-serif; font-size: 14pt;\">naj si ne pustimo ukrasti upanja<\/span><br \/>\n<span style=\"font-family: arial, helvetica, sans-serif; font-size: 14pt;\">na novo \u010dlove\u0161tvo, na novo nebo in novo zemljo,<\/span><br \/>\n<span style=\"font-family: arial, helvetica, sans-serif; font-size: 14pt;\">kjer bo\u0161 obrisal vsak solzo z na\u0161ih o\u010di<\/span><br \/>\n<span style=\"font-family: arial, helvetica, sans-serif; font-size: 14pt;\">in kjer ne bo \u017ealovanja ne stokanja,<\/span><br \/>\n<span style=\"font-family: arial, helvetica, sans-serif; font-size: 14pt;\">ker bo staro pre\u0161lo<\/span><br \/>\n<span style=\"font-family: arial, helvetica, sans-serif; font-size: 14pt;\">in bomo ena velika dru\u017eina v tvoji hi\u0161i ljubezni in miru.<\/span><br \/>\n<span style=\"font-family: arial, helvetica, sans-serif; font-size: 14pt;\">Amen.<\/span><\/p>\n<h3 align=\"center\"><span style=\"font-family: arial, helvetica, sans-serif; font-size: 14pt;\"><strong>I. postaja<\/strong><\/span><br \/>\n<span style=\"font-family: arial, helvetica, sans-serif; font-size: 14pt;\"><strong>Jezus v smrtnem boju na vrtu Oljske gore<\/strong><\/span><\/h3>\n<p><span style=\"font-family: arial, helvetica, sans-serif; font-size: 14pt;\">V\/.\u00a0Adoramus te, Christe, et benedicimus tibi (<em>Molimo te, Kristus, in te hvalimo<\/em>),<\/span><br \/>\n<span style=\"font-family: arial, helvetica, sans-serif; font-size: 14pt;\">R\/.\u00a0Quia per sanctam crucem tuam redemisti mundum (<em>ker si s svojim kri\u017eem svet odre\u0161il<\/em>).<\/span><\/p>\n<p><span style=\"font-family: arial, helvetica, sans-serif; font-size: 14pt;\"><em>Pri\u0161li so na kraj z imenom Getsemani in rekel je svojim u\u010dencem: \u00bbS\u00e9dite tukaj, medtem ko bom molil!\u00ab S seboj je vzel Petra, Jakoba in Janeza. Zgrozil se je in za\u010del trepetati. Rekel jim je: \u00bbMoja du\u0161a je \u017ealostna do smrti. Ostanite tukaj in \u010dujte!\u00ab In \u0161el je malo dalje, padel na tla in molil, da bi \u0161la, \u010de je mogo\u010de, ta ura mimo njega. Govoril je: \u00bbAba, O\u010de, tebi je vse mogo\u010de! Vzemi ta kelih od mene, vendar ne, kar jaz ho\u010dem, ampak kar ti!\u00ab<\/em>\u00a0(Mr\u00a014,32-36)<\/span><\/p>\n<p align=\"right\"><span style=\"font-family: arial, helvetica, sans-serif; font-size: 14pt;\"><em>MLADOPORO\u010cENCA<\/em><\/span><\/p>\n<p><span style=\"font-family: arial, helvetica, sans-serif; font-size: 14pt;\">Tu sva, poro\u010dena komaj dve leti. Najin zakon \u0161e ni preizkusilo preve\u010d neurij. Bila je pandemija, ki je vse malo zapletla, a sva sre\u010dna. Zgleda, da sva kljub vsakdanjim prepirom imela podalj\u0161ane medene tedne. Najinim razlikam navkljub. In vendar naju je pogosto strah. Ko pomisliva na pare starej\u0161ih prijateljev, ki jim ni uspelo. Ko v \u010dasopisih bereva, kako nara\u0161\u010da \u0161tevilo lo\u010ditev. Ko nama govorijo, da se bova zagotovo raz\u0161la, ker se tako dogaja v svetu. To je statisti\u010dno dejstvo. Ko se \u010dutiva osamljena, ker se ne razumeva. Ko komaj pririneva do konca meseca. Ko se kot neznanca znajdeva pod isto streho. Ko se pono\u010di zbudiva in \u010dutiva v srcu breme in stisko najine \u00bbosirotelosti\u00ab. Ker pozabljava, da sva otroka. Ker misliva, da sta najin zakon in najina dru\u017eina odvisna samo od naju, od najinih mo\u010di. Zavedava se, da zakon ni samo romanti\u010dna avantura, ampak je tudi Getsemani, je tudi stiska, preden razlomi\u0161 svoje telo za drugega.<\/span><\/p>\n<p><span style=\"font-family: arial, helvetica, sans-serif; font-size: 14pt;\">Gospod Jezus, ki si pretrpel strah in stisko.<\/span><br \/>\n<span style=\"font-family: arial, helvetica, sans-serif; font-size: 14pt;\">\u00a0 \u00a0 \u00a0 \u00a0 \u00a0 \u00a0R\/.\u00a0<strong>Dona nobis pacem<\/strong>\u00a0<em>(Podari nam mir)<\/em>.<\/span><\/p>\n<p><span style=\"font-family: arial, helvetica, sans-serif; font-size: 14pt;\">Ti, ki si molil v uri preizku\u0161nje.<\/span><br \/>\n<span style=\"font-family: arial, helvetica, sans-serif; font-size: 14pt;\">\u00a0 \u00a0 \u00a0 \u00a0 \u00a0 \u00a0R\/.\u00a0<strong>Dona nobis pacem<\/strong>\u00a0<em>(Podari nam mir)<\/em>.<\/span><\/p>\n<p><span style=\"font-family: arial, helvetica, sans-serif; font-size: 14pt;\">Ti, ki nas kli\u010de\u0161, naj bdimo in molimo s teboj.<\/span><br \/>\n<span style=\"font-family: arial, helvetica, sans-serif; font-size: 14pt;\">\u00a0 \u00a0 \u00a0 \u00a0 \u00a0 \u00a0R\/.\u00a0<strong>Dona nobis pacem<\/strong>\u00a0<em>(Podari nam mir)<\/em>.<\/span><\/p>\n<p><span style=\"font-family: arial, helvetica, sans-serif; font-size: 14pt;\"><em>Vsi:\u00a0<\/em><strong>Pater noster<\/strong>\u00a0(<em>O\u010de na\u0161<\/em>) \u2026<\/span><\/p>\n<p><span style=\"font-family: arial, helvetica, sans-serif; font-size: 14pt;\">Gospod Jezus,<\/span><br \/>\n<span style=\"font-family: arial, helvetica, sans-serif; font-size: 14pt;\">ki si med miroljubnimi oljkami<\/span><br \/>\n<span style=\"font-family: arial, helvetica, sans-serif; font-size: 14pt;\">med molitvijo sprejel,<\/span><br \/>\n<span style=\"font-family: arial, helvetica, sans-serif; font-size: 14pt;\">da bo\u0161 za nas trpel do smrti, smrti na kri\u017eu,<\/span><br \/>\n<span style=\"font-family: arial, helvetica, sans-serif; font-size: 14pt;\">poslu\u0161aj na\u0161e pro\u0161nje za mladoporo\u010dence:<\/span><br \/>\n<span style=\"font-family: arial, helvetica, sans-serif; font-size: 14pt;\">pomagaj jim, da se bodo soo\u010dili s te\u017eavami v povezanosti s teboj,<\/span><br \/>\n<span style=\"font-family: arial, helvetica, sans-serif; font-size: 14pt;\">nam vsem pa daj, da bomo ostali s teboj v uri preizku\u0161nje,<\/span><br \/>\n<span style=\"font-family: arial, helvetica, sans-serif; font-size: 14pt;\">ki \u017eivi\u0161 in kraljuje\u0161 vekomaj.<\/span><br \/>\n<span style=\"font-family: arial, helvetica, sans-serif; font-size: 14pt;\">R\/.\u00a0<strong>Amen<\/strong>.<\/span><\/p>\n<p><span style=\"font-family: arial, helvetica, sans-serif; font-size: 14pt;\">Stabat Mater dolorosa \/ iuxta crucem lacrimosa, \/ dum pendebat Filius.<\/span><br \/>\n<span style=\"font-family: arial, helvetica, sans-serif; font-size: 14pt;\"><em>Mati \u017ealostna je stala \/ zraven kri\u017ea se jokala, \/ ko na njem je visel sin.<\/em><\/span><\/p>\n<h3 align=\"center\"><span style=\"font-family: arial, helvetica, sans-serif; font-size: 14pt;\"><strong>II. postaja<\/strong><\/span><br \/>\n<span style=\"font-family: arial, helvetica, sans-serif; font-size: 14pt;\"><strong>Juda izda Jezusa, njegovi pa ga zapustijo<\/strong><\/span><\/h3>\n<p><span style=\"font-family: arial, helvetica, sans-serif; font-size: 14pt;\">V\/.\u00a0Adoramus te, Christe, et benedicimus tibi (<em>Molimo te, Kristus, in te hvalimo<\/em>),<\/span><br \/>\n<span style=\"font-family: arial, helvetica, sans-serif; font-size: 14pt;\">R\/.\u00a0Quia per sanctam crucem tuam redemisti mundum (<em>ker si s svojim kri\u017eem svet odre\u0161il<\/em>).<\/span><\/p>\n<p><span style=\"font-family: arial, helvetica, sans-serif; font-size: 14pt;\"><em>Medtem ko je Jezus \u0161e govoril, glej, je pri\u0161la mno\u017eica. Pred njo je hodil eden izmed dvanajsterih, ki se je imenoval Juda. Pribli\u017eal se je Jezusu, da bi ga poljubil. Jezus pa mu je rekel: \u00bbJuda, s poljubom izdaja\u0161 Sina \u010dlovekovega?\u00ab Ko so ti, ki so bili okrog njega, videli, kaj se bo zgodilo, so rekli: \u00bbGospod, naj udarimo z me\u010dem?\u00ab In eden izmed njih je udaril po slu\u017eabniku v\u00e9likega duhovnika in mu odsekal desno uho.\u00a0<\/em>(Lk 22,47-50)\u00a0<em>Jezus je odgovoril in rekel: \u00bbNehajte! Dovolj je!\u00ab Tedaj mu je Jezus rekel: \u00bbSpravi svoj me\u010d na njegovo mesto, kajti vsi, ki primejo za me\u010d, bodo z me\u010dem pokon\u010dani.\u00ab \u2026 Tedaj so ga vsi u\u010denci zapustili in zbe\u017eali.<\/em>\u00a0(Mt 26,52.56)<\/span><\/p>\n<p align=\"right\"><span style=\"font-family: arial, helvetica, sans-serif; font-size: 14pt;\"><em>DRU\u017dINA V MISIJONU<\/em><\/span><\/p>\n<p><span style=\"font-family: arial, helvetica, sans-serif; font-size: 14pt;\">\u0160li smo v misijone, Gospod, pred skoraj desetimi leti, ker nam ni zado\u0161\u010dala na\u0161a lastna sre\u010da. Hoteli smo dati svoje \u017eivljenje, da bi tudi drugi izkusili isto veselje. Hoteli smo pokazati Kristusovo ljubezen tisti tistim, ki ga \u0161e ne poznajo. Ni pomembno, kje. Skupnostno \u017eivljenje in vsakdanje dejavnosti nam pomagajo vzgajati otroke z odprtim pogledom na \u017eivljenje in svet. To pa ni lahko: ne skrivamo stiske in strahu, ko \u017eivimo dru\u017einsko \u017eivljenje v negotovosti, dale\u010d od na\u0161e de\u017eele. K temu se pridru\u017euje \u0161e strah pred vojno, ki je tako dramati\u010dno aktualen v teh mesecih. Ni enostavno \u017eiveti samo od vere in dobrote, ker nam pogosto ne uspe, da bi se povsem zaupali Bo\u017eji previdnosti. In v\u010dasih se spri\u010do bole\u010dine in trpljenja matere, ki umre na porodu pod bombami, ali pa dru\u017eine, ki jo je razbila vojna ali pomanjkanje ali krivice, porodi sku\u0161njava, da bi odgovorili z me\u010dem, da bi pobegnili, da bi te zapustili, da bi pustili vse, misle\u010d, da se ne spla\u010da \u2026 Toda to bi pomenilo, da smo izdali svoje najubo\u017enej\u0161e brate, ki so tvoje telo in meso v svetu in ki nas spominjajo, da si ti \u017divi.<\/span><\/p>\n<p><span style=\"font-family: arial, helvetica, sans-serif; font-size: 14pt;\">Gospod Jezus, ki si bil izdan s poljubom.<\/span><br \/>\n<span style=\"font-family: arial, helvetica, sans-serif; font-size: 14pt;\">\u00a0 \u00a0 \u00a0 \u00a0 \u00a0 \u00a0R\/.\u00a0<strong>Dona nobis pacem<\/strong>\u00a0<em>(Podari nam mir)<\/em>.<\/span><\/p>\n<p><span style=\"font-family: arial, helvetica, sans-serif; font-size: 14pt;\">Ti, ki so te u\u010denci zapustili.<\/span><br \/>\n<span style=\"font-family: arial, helvetica, sans-serif; font-size: 14pt;\">\u00a0 \u00a0 \u00a0 \u00a0 \u00a0 \u00a0R\/.\u00a0<strong>Dona nobis pacem<\/strong>\u00a0<em>(Podari nam mir)<\/em>.<\/span><\/p>\n<p><span style=\"font-family: arial, helvetica, sans-serif; font-size: 14pt;\">Ti, ki si izkusil samoto in poni\u017eanje.<\/span><br \/>\n<span style=\"font-family: arial, helvetica, sans-serif; font-size: 14pt;\">\u00a0 \u00a0 \u00a0 \u00a0 \u00a0 \u00a0R\/.\u00a0<strong>Dona nobis pacem<\/strong>\u00a0<em>(Podari nam mir)<\/em>.<\/span><\/p>\n<p><span style=\"font-family: arial, helvetica, sans-serif; font-size: 14pt;\"><em>Vsi:\u00a0<\/em><strong>Pater noster<\/strong>\u00a0(<em>O\u010de na\u0161<\/em>) \u2026<\/span><\/p>\n<p><span style=\"font-family: arial, helvetica, sans-serif; font-size: 14pt;\">Gospod Jezus,<\/span><br \/>\n<span style=\"font-family: arial, helvetica, sans-serif; font-size: 14pt;\">ki si z ljubeznijo sprejel<\/span><br \/>\n<span style=\"font-family: arial, helvetica, sans-serif; font-size: 14pt;\">izdajalski Judov poljub,<\/span><br \/>\n<span style=\"font-family: arial, helvetica, sans-serif; font-size: 14pt;\">poslu\u0161aj na\u0161e pro\u0161nje:<\/span><br \/>\n<span style=\"font-family: arial, helvetica, sans-serif; font-size: 14pt;\">daj dru\u017einam v misijonih<\/span><br \/>\n<span style=\"font-family: arial, helvetica, sans-serif; font-size: 14pt;\">pogum, da bodo pri\u010devali za tvoj evangelij,<\/span><br \/>\n<span style=\"font-family: arial, helvetica, sans-serif; font-size: 14pt;\">nam vsem pa nakloni,<\/span><br \/>\n<span style=\"font-family: arial, helvetica, sans-serif; font-size: 14pt;\">da bomo na zlo odgovarjali z dobroto,<\/span><br \/>\n<span style=\"font-family: arial, helvetica, sans-serif; font-size: 14pt;\">da bomo graditelji miru in sprave,<\/span><br \/>\n<span style=\"font-family: arial, helvetica, sans-serif; font-size: 14pt;\">ki \u017eivi\u0161 in kraljuje\u0161 vekomaj.<\/span><br \/>\n<span style=\"font-family: arial, helvetica, sans-serif; font-size: 14pt;\">R\/.\u00a0<strong>Amen<\/strong>.<\/span><\/p>\n<p><span style=\"font-family: arial, helvetica, sans-serif; font-size: 14pt;\">Cuius animam gementem, \/ contristatam et dolentem \/ pertransivit gladius.<\/span><br \/>\n<span style=\"font-family: arial, helvetica, sans-serif; font-size: 14pt;\"><em>V grenko \u017ealost zatopljena \/ je nje du\u0161a prebodena \/ z me\u010dem silnih bole\u010din.<\/em><\/span><\/p>\n<h3 align=\"center\"><span style=\"font-family: arial, helvetica, sans-serif; font-size: 14pt;\"><strong>III. postaja<\/strong><\/span><br \/>\n<span style=\"font-family: arial, helvetica, sans-serif; font-size: 14pt;\"><strong>Veliki zbor obsodi Jezusa<\/strong><\/span><\/h3>\n<p><span style=\"font-family: arial, helvetica, sans-serif; font-size: 14pt;\">V\/.\u00a0Adoramus te, Christe, et benedicimus tibi (<em>Molimo te, Kristus, in te hvalimo<\/em>),<\/span><br \/>\n<span style=\"font-family: arial, helvetica, sans-serif; font-size: 14pt;\">R\/.\u00a0Quia per sanctam crucem tuam redemisti mundum (<em>ker si s svojim kri\u017eem svet odre\u0161il<\/em>).<\/span><\/p>\n<p><span style=\"font-family: arial, helvetica, sans-serif; font-size: 14pt;\"><em>V\u00e9liki duhovniki in ves v\u00e9liki zbor so iskali pri\u010devanje zoper Jezusa, da bi ga usmrtili, vendar ga niso na\u0161li. V\u00e9liki duhovnik ga je znova vpra\u0161al in mu rekel: \u00bbSi ti Kristus, Sin Slavljenega?\u00ab Jezus pa mu je rekel: \u00bbJaz sem.\u00ab In ti so ga vsi obsodili, da zaslu\u017ei smrt.<\/em>\u00a0(Mr 14,55.61-62.64)<\/span><\/p>\n<p align=\"right\"><span style=\"font-family: arial, helvetica, sans-serif; font-size: 14pt;\"><em>STAREJ\u0160A ZAKONCA BREZ OTROK<\/em><\/span><\/p>\n<p><span style=\"font-family: arial, helvetica, sans-serif; font-size: 14pt;\">Zaro\u010dena sva bila le nekaj mesecev, potem pa naju je \u017eivljenje za dolgo \u010dasa lo\u010dilo, da sva spoznala parajo\u010do mla\u010dnost srca, ki bije na daljavo. In ko sva se spet sre\u010dala, sva se takoj poro\u010dila z naglico \u010dloveka, ki je dolgo upal in se bal. Odselila sva se od doma\u010dih in si ustvarila svoj dom. Stopila sva na svojo zakonsko pot, polna na\u010drtov in tudi mladostnih iluzij. Potem nama je \u017eivljenje odkrilo najino krhkost, obenem pa naju je prikraj\u0161alo za najina pri\u010dakovanja; napotilo naju je na pot, ki se je tolikokrat vzpenjala, na vrhu pa sva se zna\u0161la iz o\u010di v o\u010di z nezmo\u017enostjo, da bi postala star\u0161a. \u010cesto sva z bole\u010dino izku\u0161ala toliko obsojanja za najino neplodnost. \u00bbKako to, da nimata otrok?\u00ab so naju tiso\u010dkrat vpra\u0161ali, kakor da bi hoteli namigniti, da najin zakon in najina ljubezen ne zado\u0161\u010data, da bi bila dru\u017eina. Koliko nerazumevajo\u010dih pogledov sva morala prebaviti. Vendar pa vsak dan stopava dalje in se dr\u017eiva za roke ter skupaj skrbiva za skupnost bratov in prijateljev, ki je med samotami in ne\u017enostmi s\u010dasoma postala dom in dru\u017eina.<\/span><\/p>\n<p><span style=\"font-family: arial, helvetica, sans-serif; font-size: 14pt;\">Gospod Jezus, ki si bil po krivici obsojen.<\/span><br \/>\n<span style=\"font-family: arial, helvetica, sans-serif; font-size: 14pt;\">\u00a0 \u00a0 \u00a0 \u00a0 \u00a0 \u00a0R\/.\u00a0<strong>Dona nobis pacem<\/strong>\u00a0<em>(Podari nam mir)<\/em>.<\/span><\/p>\n<p><span style=\"font-family: arial, helvetica, sans-serif; font-size: 14pt;\">Ti, ki si prenesel o\u010ditke in obto\u017ebe.<\/span><br \/>\n<span style=\"font-family: arial, helvetica, sans-serif; font-size: 14pt;\">\u00a0 \u00a0 \u00a0 \u00a0 \u00a0 \u00a0R\/.\u00a0<strong>Dona nobis pacem<\/strong>\u00a0<em>(Podari nam mir)<\/em>.<\/span><\/p>\n<p><span style=\"font-family: arial, helvetica, sans-serif; font-size: 14pt;\">Ti, ki si bil preganjan, \u010deprav si bil nedol\u017een.<\/span><br \/>\n<span style=\"font-family: arial, helvetica, sans-serif; font-size: 14pt;\">\u00a0 \u00a0 \u00a0 \u00a0 \u00a0 \u00a0R\/.\u00a0<strong>Dona nobis pacem<\/strong>\u00a0<em>(Podari nam mir)<\/em>.<\/span><br \/>\n<span style=\"font-family: arial, helvetica, sans-serif; font-size: 14pt;\"><em>Vsi:\u00a0<\/em><strong>Pater noster<\/strong>\u00a0(<em>O\u010de na\u0161<\/em>) \u2026<\/span><\/p>\n<p><span style=\"font-family: arial, helvetica, sans-serif; font-size: 14pt;\">Gospod Jezus,<\/span><br \/>\n<span style=\"font-family: arial, helvetica, sans-serif; font-size: 14pt;\">ki si bil po krivici obsojen,<\/span><br \/>\n<span style=\"font-family: arial, helvetica, sans-serif; font-size: 14pt;\">poslu\u0161aj na\u0161e pro\u0161nje:<\/span><br \/>\n<span style=\"font-family: arial, helvetica, sans-serif; font-size: 14pt;\">nakloni zakoncem brez otrok,<\/span><br \/>\n<span style=\"font-family: arial, helvetica, sans-serif; font-size: 14pt;\">da bodo hodili z roko v roki<\/span><br \/>\n<span style=\"font-family: arial, helvetica, sans-serif; font-size: 14pt;\">in v polnosti \u017eiveli zakrament zakonske ljubezni,<\/span><br \/>\n<span style=\"font-family: arial, helvetica, sans-serif; font-size: 14pt;\">nam vsem pa, da bomo nasprotovanja pre\u017eiveli z blago odlo\u010dnostjo,<\/span><br \/>\n<span style=\"font-family: arial, helvetica, sans-serif; font-size: 14pt;\">ki \u017eivi\u0161 in kraljuje\u0161 vekomaj.<\/span><br \/>\n<span style=\"font-family: arial, helvetica, sans-serif; font-size: 14pt;\">R\/.\u00a0<strong>Amen.<\/strong><\/span><\/p>\n<p><span style=\"font-family: arial, helvetica, sans-serif; font-size: 14pt;\">O quam tristis et afflicta \/ fuit illa benedicta \/ mater Unigeniti!<\/span><br \/>\n<span style=\"font-family: arial, helvetica, sans-serif; font-size: 14pt;\"><em>O, kaj \u017ealosti prestati \/ morala je sveta Mati, \/ k\u2019tere Sin je re\u0161il svet.<\/em><\/span><\/p>\n<h3 align=\"center\"><span style=\"font-family: arial, helvetica, sans-serif; font-size: 14pt;\"><strong>IV. postaja<\/strong><\/span><br \/>\n<span style=\"font-family: arial, helvetica, sans-serif; font-size: 14pt;\"><strong>Peter zataji Jezusa<\/strong><\/span><\/h3>\n<p><span style=\"font-family: arial, helvetica, sans-serif; font-size: 14pt;\">V\/.\u00a0Adoramus te, Christe, et benedicimus tibi (<em>Molimo te, Kristus, in te hvalimo<\/em>),<\/span><br \/>\n<span style=\"font-family: arial, helvetica, sans-serif; font-size: 14pt;\">R\/.\u00a0Quia per sanctam crucem tuam redemisti mundum (<em>ker si s svojim kri\u017eem svet odre\u0161il<\/em>).<\/span><\/p>\n<p><span style=\"font-family: arial, helvetica, sans-serif; font-size: 14pt;\"><em>Ko je bil Peter spodaj na dvori\u0161\u010du, je pri\u0161la ena izmed dekel v\u00e9likega duhovnika. Ko je zagledala Petra, da se greje, se je ozrla vanj in rekla: \u00bbTudi ti si bil s tem Nazare\u010danom, Jezusom.\u00ab On pa je tajil in je rekel: \u00bbNe vem in ne razumem, kaj pravi\u0161.\u00ab In takoj je petelin drugi\u010d zapel in Peter se je spomnil besede, ki mu jo je rekel Jezus: \u00bbPreden bo petelin dvakrat zapel, me bo\u0161 trikrat zatajil.\u00ab In planil je v jok.<\/em>\u00a0(Mr\u00a014,66-68.72)<\/span><\/p>\n<p align=\"right\"><span style=\"font-family: arial, helvetica, sans-serif; font-size: 14pt;\"><em>\u0160TEVIL\u010cNA DRU\u017dINA<\/em><\/span><\/p>\n<p><span style=\"font-family: arial, helvetica, sans-serif; font-size: 14pt;\">Ko sva se poro\u010dila, sva mislila, da ne bova mogla imeti otrok. Potem je na poro\u010dnem potovanju pri\u0161el prvi in nama je spremenil \u017eivljenje. Imela sva bolj postopne na\u010drte, da se uresni\u010diva v poklicu, potujeva, posku\u0161ava vsaj nekaj \u010dasa \u017eiveti kot ve\u010dna zaro\u010denca \u2026 Pa je, ko sva se maloverna z roko dotikala lepote tega daru, pri\u0161el \u017ee drugi otrok, deklica. In tako so, ko danes pomisliva, prihajali \u0161e drugi, da sva komaj opazila. In najine sanje? Oblikovali so jih dogodki. Najina poklicna uresni\u010denost? Spremenila so jo dejstva \u017eivljenja, ki je vdrlo. In potem strah, da bi mogla nekega dne vse to zatajiti kot Peter; stiska in sku\u0161njava, da bi ob\u017ealovala pred milijontim nepredvidenim izdatkom; skrb zaradi napetosti z odra\u0161\u010dajo\u010dimi otroki. Stare \u017eelje so se umaknile pred na\u0161o dru\u017eino. Seveda ni lahko, je pa tako veliko lep\u0161e. In kljub pomislekom in natrpanosti na\u0161ih dnevov, ki se zdijo vedno prekratki, ne bi nikoli izbrala druge poti.<\/span><\/p>\n<p><span style=\"font-family: arial, helvetica, sans-serif; font-size: 14pt;\">Gospod Jezus, ki si obrisal Petrove solze.<\/span><br \/>\n<span style=\"font-family: arial, helvetica, sans-serif; font-size: 14pt;\">\u00a0 \u00a0 \u00a0 \u00a0 \u00a0 \u00a0R\/.\u00a0<strong>Dona nobis pacem<\/strong>\u00a0<em>(Podari nam mir)<\/em>.<\/span><\/p>\n<p><span style=\"font-family: arial, helvetica, sans-serif; font-size: 14pt;\">Ti, ki odpu\u0161\u010da\u0161 vsakemu, ki prizna, da je gre\u0161il.<\/span><br \/>\n<span style=\"font-family: arial, helvetica, sans-serif; font-size: 14pt;\">\u00a0 \u00a0 \u00a0 \u00a0 \u00a0 \u00a0R\/.\u00a0<strong>Dona nobis pacem<\/strong>\u00a0<em>(Podari nam mir)<\/em>.<\/span><\/p>\n<p><span style=\"font-family: arial, helvetica, sans-serif; font-size: 14pt;\">Ti, ki razume\u0161 na\u0161e negotovosti.<\/span><br \/>\n<span style=\"font-family: arial, helvetica, sans-serif; font-size: 14pt;\">\u00a0 \u00a0 \u00a0 \u00a0 \u00a0 \u00a0R\/.\u00a0<strong>Dona nobis pacem<\/strong>\u00a0<em>(Podari nam mir)<\/em>.<\/span><\/p>\n<p><span style=\"font-family: arial, helvetica, sans-serif; font-size: 14pt;\">Vsi:\u00a0<strong>Pater noster<\/strong>\u00a0(<em>O\u010de na\u0161<\/em>) \u2026<\/span><\/p>\n<p><span style=\"font-family: arial, helvetica, sans-serif; font-size: 14pt;\">Gospod Jezus,<\/span><br \/>\n<span style=\"font-family: arial, helvetica, sans-serif; font-size: 14pt;\">ki z odprtimi rokami sprejema\u0161 tistega, ki prosi za odpu\u0161\u010danje,<\/span><br \/>\n<span style=\"font-family: arial, helvetica, sans-serif; font-size: 14pt;\">prisluhni na\u0161i pro\u0161nji:<\/span><br \/>\n<span style=\"font-family: arial, helvetica, sans-serif; font-size: 14pt;\">nakloni \u0161tevil\u010dnim dru\u017einam,<\/span><br \/>\n<span style=\"font-family: arial, helvetica, sans-serif; font-size: 14pt;\">da bodo z veseljem premagale vsako te\u017eavo,<\/span><br \/>\n<span style=\"font-family: arial, helvetica, sans-serif; font-size: 14pt;\">vsem nam pa, da bomo po vsakem padcu vstali,<\/span><br \/>\n<span style=\"font-family: arial, helvetica, sans-serif; font-size: 14pt;\">ki \u017eivi\u0161 in kraljuje\u0161 vekomaj.<\/span><br \/>\n<span style=\"font-family: arial, helvetica, sans-serif; font-size: 14pt;\">R\/.\u00a0<strong>Amen.<\/strong><\/span><\/p>\n<p><span style=\"font-family: arial, helvetica, sans-serif; font-size: 14pt;\">Quae marebat et dolebat \/ pia mater, cum videbat \/ Nati poenas incliti.<\/span><br \/>\n<span style=\"font-family: arial, helvetica, sans-serif; font-size: 14pt;\"><em>V \u017ealosti zdihuje bleda, \/ ko v trepetu Sina gleda, \/ kaj trpi na les razpet.<\/em><\/span><\/p>\n<h3 align=\"center\"><span style=\"font-family: arial, helvetica, sans-serif; font-size: 14pt;\"><strong>V. postaja<\/strong><\/span><br \/>\n<span style=\"font-family: arial, helvetica, sans-serif; font-size: 14pt;\"><strong>Pilat obsodi Jezusa<\/strong><\/span><\/h3>\n<p><span style=\"font-family: arial, helvetica, sans-serif; font-size: 14pt;\">V\/.\u00a0Adoramus te, Christe, et benedicimus tibi (<em>Molimo te, Kristus, in te hvalimo<\/em>),<\/span><br \/>\n<span style=\"font-family: arial, helvetica, sans-serif; font-size: 14pt;\">R\/.\u00a0Quia per sanctam crucem tuam redemisti mundum (<em>ker si s svojim kri\u017eem svet odre\u0161il<\/em>).<\/span><\/p>\n<p><span style=\"font-family: arial, helvetica, sans-serif; font-size: 14pt;\"><em>Pilat jim je znova odgovoril in rekel: \u00bbKaj torej ho\u010dete, da storim z njim, ki ga imenujete judovski kralj?\u00ab In oni so spet zavpili: \u00bbKri\u017eaj ga!\u00ab Pilat jim je rekel: \u00bbKaj je vendar hudega storil?\u00ab Oni pa so \u0161e bolj zavpili: \u00bbKri\u017eaj ga!\u00ab Pilat je hotel mno\u017eici ustre\u010di in jim je izpustil Baraba, Jezusa pa dal bi\u010dati in ga izro\u010dil, da bi bil kri\u017ean.<\/em>\u00a0(Mr\u00a015,12-15)<\/span><\/p>\n<p align=\"right\"><span style=\"font-family: arial, helvetica, sans-serif; font-size: 14pt;\"><em>DRU\u017dINA S PRIZADETIM OTROKOM<\/em><\/span><\/p>\n<p><span style=\"font-family: arial, helvetica, sans-serif; font-size: 14pt;\">Najin sin je bil obsojen, \u0161e preden je pri\u0161el na svet. Sre\u010devala sva se z zdravniki, ki so skrbeli za njegovo \u017eivljenje, preden se je rodil, in z zdravniki, ki so nama dali jasno vedeti, da bi bilo bolje, da se ne rodi. In ko sva se odlo\u010dila za \u017eivljenje, sva bila tudi sama dele\u017ena obsodb. \u00bbZa vaju in za dru\u017ebo bo to breme!\u00ab so nama govorili. \u00bbKri\u017eaj ga!\u00ab In vendar ni storil ni\u010d hudega. Kolikokrat je sodba sveta preuranjena in povr\u0161na in nas u\u017ealosti \u017ee s preprostim pogledom. Na ramenih nosimo sramoto zaradi druga\u010dnosti, ki se ljudem bolj smili, kot pa da bi se jih dotaknila. Prizadetost ni ne pohvala niti etiketa, prej je obleka du\u0161e, ki raje umolkne pred krivi\u010dnimi sodbami, pa ne iz sramu, ampak iz usmiljenja do tistega, ki sodi. Nismo imuni pred kri\u017eem dvomov ali pred sku\u0161njavo, da bi se spra\u0161evali, kako bi bilo, \u010de bi stvari tekle druga\u010de. V resnici je prizadetost \u017eivljenjski polo\u017eaj, ne pa zaznamovanost; in du\u0161a, hvala Bogu, ne pozna preprek.<\/span><\/p>\n<p><span style=\"font-family: arial, helvetica, sans-serif; font-size: 14pt;\">Gospod Jezus, ki si z ljubeznijo gledal na svoje nasprotnike.<\/span><br \/>\n<span style=\"font-family: arial, helvetica, sans-serif; font-size: 14pt;\">\u00a0 \u00a0 \u00a0 \u00a0 \u00a0 \u00a0R\/.\u00a0<strong>Dona nobis pacem<\/strong>\u00a0<em>(Podari nam mir)<\/em>.<\/span><\/p>\n<p><span style=\"font-family: arial, helvetica, sans-serif; font-size: 14pt;\">Ti, ki se nisi bal tistega, ki umori telo, ne pa \u017eivljenja.<\/span><br \/>\n<span style=\"font-family: arial, helvetica, sans-serif; font-size: 14pt;\">\u00a0 \u00a0 \u00a0 \u00a0 \u00a0 \u00a0R\/.\u00a0<strong>Dona nobis pacem<\/strong>\u00a0<em>(Podari nam mir)<\/em>.<\/span><\/p>\n<p><span style=\"font-family: arial, helvetica, sans-serif; font-size: 14pt;\">Ti, ki sodi\u0161 z usmiljeno ljubeznijo.<\/span><br \/>\n<span style=\"font-family: arial, helvetica, sans-serif; font-size: 14pt;\">\u00a0 \u00a0 \u00a0 \u00a0 \u00a0 \u00a0R\/.\u00a0<strong>Dona nobis pacem<\/strong>\u00a0<em>(Podari nam mir)<\/em>.<\/span><\/p>\n<p><span style=\"font-family: arial, helvetica, sans-serif; font-size: 14pt;\"><em>Vsi:\u00a0<\/em><strong>Pater noster<\/strong>\u00a0(<em>O\u010de na\u0161<\/em>) \u2026<\/span><\/p>\n<p><span style=\"font-family: arial, helvetica, sans-serif; font-size: 14pt;\">Gospod Jezus,<\/span><br \/>\n<span style=\"font-family: arial, helvetica, sans-serif; font-size: 14pt;\">ki te je obsodila posvetna logika,<\/span><br \/>\n<span style=\"font-family: arial, helvetica, sans-serif; font-size: 14pt;\">prisluhni na\u0161im pro\u0161njam<\/span><br \/>\n<span style=\"font-family: arial, helvetica, sans-serif; font-size: 14pt;\">za dru\u017eine z otroki, ki trpijo:<\/span><br \/>\n<span style=\"font-family: arial, helvetica, sans-serif; font-size: 14pt;\">daj jim olaj\u0161anje sredi naporov,<\/span><br \/>\n<span style=\"font-family: arial, helvetica, sans-serif; font-size: 14pt;\">vsem nam pa, da bi vedno in vsekakor izbirali, varovali in ljubili \u017eivljenje,<\/span><br \/>\n<span style=\"font-family: arial, helvetica, sans-serif; font-size: 14pt;\">ki \u017eivi\u0161 in kraljuje\u0161 vekomaj.<\/span><br \/>\n<span style=\"font-family: arial, helvetica, sans-serif; font-size: 14pt;\">R\/.\u00a0<strong>Amen.<\/strong><\/span><\/p>\n<p><span style=\"font-family: arial, helvetica, sans-serif; font-size: 14pt;\">Quis est homo qui non fleret, \/ Matrem Christi si videret \/ in tanto supplicio?<\/span><br \/>\n<span style=\"font-family: arial, helvetica, sans-serif; font-size: 14pt;\"><em>Komu potok solz ne lije, \/ ko bridkosti zre Marije, \/ grenke nad morja bridkost?<\/em><\/span><\/p>\n<h3 align=\"center\"><span style=\"font-family: arial, helvetica, sans-serif; font-size: 14pt;\"><strong>VI. postaja<\/strong><\/span><br \/>\n<span style=\"font-family: arial, helvetica, sans-serif; font-size: 14pt;\"><strong>Jezusa bi\u010dajo in s trnjem kronajo<\/strong><\/span><\/h3>\n<p><span style=\"font-family: arial, helvetica, sans-serif; font-size: 14pt;\">V\/.\u00a0Adoramus te, Christe, et benedicimus tibi (<em>Molimo te, Kristus, in te hvalimo<\/em>),<\/span><br \/>\n<span style=\"font-family: arial, helvetica, sans-serif; font-size: 14pt;\">R\/.\u00a0Quia per sanctam crucem tuam redemisti mundum (<em>ker si s svojim kri\u017eem svet odre\u0161il<\/em>).<\/span><\/p>\n<p><span style=\"font-family: arial, helvetica, sans-serif; font-size: 14pt;\"><em>Ko je Pilat dal Jezusa bi\u010dati, ga je izro\u010dil, da bi bil kri\u017ean. Vojaki so ga ogrnili v \u0161krlat, spletli trnovo krono in mu jo nadeli. Za\u010deli so ga pozdravljati: \u00bbPozdravljen, judovski kralj!\u00ab Tepli so ga po glavi s trsom, pljuvali vanj, poklekovali pred njim in se mu priklanjali do tal.<\/em>\u00a0(Mr 15,15.17-19)<\/span><\/p>\n<p align=\"right\"><span style=\"font-family: arial, helvetica, sans-serif; font-size: 14pt;\"><em>REJNI\u0160KA DRU\u017dINA<\/em><\/span><\/p>\n<p><span style=\"font-family: arial, helvetica, sans-serif; font-size: 14pt;\">Na\u0161 dom je velik, ne samo prostorsko, ampak predvsem po \u010dlove\u0161kem bogastvu, ki prebiva v njem. \u017de od za\u010detka najinega zakona nisva nikoli bila samo dva. Najina poklicanost, da sprejemava bole\u010dino, je bila in je \u0161e po 42 letih zakona in ob treh lastnih otrocih, devetih vnukih in petih posvojenih otrocih, ki so povsem nesamostojni in z velikimi psihi\u010dnimi te\u017eavami, vse kaj drugega kot \u017ealostna. Ne zaslu\u017eiva si tolik\u0161nega blagoslova v \u017eivljenju. Tistemu, ki veruje, da ni \u010dlove\u0161ko pustiti trpe\u010dega \u010dloveka samega, Sveti Duh v globini zgane voljo, da deluje in ne ostane brezbri\u017een, oddaljen. Bole\u010dina naju je spremenila. Bole\u010dina nas privede k bistvenemu, razporedi prioritete v \u017eivljenju in povrne preprostost \u010dlove\u0161kega dostojanstva kot takega. Na bole\u010di \u017eivljenjski poti tolikih bi\u010danih in kri\u017eanih sva ob njih pod te\u017eo kri\u017ea odkrila, da je pravi kralj tisti, ki se daruje in se daje v hrano z du\u0161o in telesom.<\/span><\/p>\n<p><span style=\"font-family: arial, helvetica, sans-serif; font-size: 14pt;\">Gospod Jezus, ki si bil bi\u010dan v telesu in v duhu.<\/span><br \/>\n<span style=\"font-family: arial, helvetica, sans-serif; font-size: 14pt;\">\u00a0 \u00a0 \u00a0 \u00a0 \u00a0 \u00a0R\/.\u00a0<strong>Dona nobis pacem<\/strong>\u00a0<em>(Podari nam mir)<\/em>.<\/span><\/p>\n<p><span style=\"font-family: arial, helvetica, sans-serif; font-size: 14pt;\">Ti, ki si nedol\u017een spoznal bole\u010dino.<\/span><br \/>\n<span style=\"font-family: arial, helvetica, sans-serif; font-size: 14pt;\">\u00a0 \u00a0 \u00a0 \u00a0 \u00a0 \u00a0R\/.\u00a0<strong>Dona nobis pacem<\/strong>\u00a0<em>(Podari nam mir)<\/em>.<\/span><\/p>\n<p><span style=\"font-family: arial, helvetica, sans-serif; font-size: 14pt;\">Ti, ki si bil poni\u017ean, zmerjan, s trnjem kronan.<\/span><br \/>\n<span style=\"font-family: arial, helvetica, sans-serif; font-size: 14pt;\">\u00a0 \u00a0 \u00a0 \u00a0 \u00a0 \u00a0R\/.\u00a0<strong>Dona nobis pacem<\/strong>\u00a0<em>(Podari nam mir)<\/em>.<\/span><\/p>\n<p><span style=\"font-family: arial, helvetica, sans-serif; font-size: 14pt;\"><em>Vsi:\u00a0<\/em><strong>Pater noster<\/strong>\u00a0(<em>O\u010de na\u0161<\/em>) \u2026<\/span><\/p>\n<p><span style=\"font-family: arial, helvetica, sans-serif; font-size: 14pt;\">Gospod Jezus,<\/span><br \/>\n<span style=\"font-family: arial, helvetica, sans-serif; font-size: 14pt;\">ki si trpel bole\u010dino in prezir,<\/span><br \/>\n<span style=\"font-family: arial, helvetica, sans-serif; font-size: 14pt;\">prisluhni na\u0161i pro\u0161nji:<\/span><br \/>\n<span style=\"font-family: arial, helvetica, sans-serif; font-size: 14pt;\">nakloni na\u0161im dru\u017einam,<\/span><br \/>\n<span style=\"font-family: arial, helvetica, sans-serif; font-size: 14pt;\">da se nau\u010dijo sprejemati ranjene,<\/span><br \/>\n<span style=\"font-family: arial, helvetica, sans-serif; font-size: 14pt;\">vsem nam pa, da se zavzamemo in poskrbimo za bole\u010dine drugih,<\/span><br \/>\n<span style=\"font-family: arial, helvetica, sans-serif; font-size: 14pt;\">ki \u017eivi\u0161 in kraljuje\u0161 vekomaj.<\/span><br \/>\n<span style=\"font-family: arial, helvetica, sans-serif; font-size: 14pt;\">R\/.\u00a0<strong>Amen.<\/strong><\/span><\/p>\n<p><span style=\"font-family: arial, helvetica, sans-serif; font-size: 14pt;\">Quis non posset contristari, \/ piam matrem contemplari \/ dolentem cum Filio?<\/span><br \/>\n<span style=\"font-family: arial, helvetica, sans-serif; font-size: 14pt;\"><em>Kdo prisr\u010dno ne \u017ealuje, \/ ko to Mater premi\u0161ljuje, \/ njenih boli velikost?<\/em><\/span><\/p>\n<h3 align=\"center\"><span style=\"font-family: arial, helvetica, sans-serif; font-size: 14pt;\"><strong>VII. postaja<\/strong><\/span><br \/>\n<span style=\"font-family: arial, helvetica, sans-serif; font-size: 14pt;\"><strong>Jezusu nalo\u017eijo kri\u017e<\/strong><\/span><\/h3>\n<p><span style=\"font-family: arial, helvetica, sans-serif; font-size: 14pt;\">V\/.\u00a0Adoramus te, Christe, et benedicimus tibi (<em>Molimo te, Kristus, in te hvalimo<\/em>),<\/span><br \/>\n<span style=\"font-family: arial, helvetica, sans-serif; font-size: 14pt;\">R\/.\u00a0Quia per sanctam crucem tuam redemisti mundum (<em>ker si s svojim kri\u017eem svet odre\u0161il<\/em>).<\/span><\/p>\n<p><span style=\"font-family: arial, helvetica, sans-serif; font-size: 14pt;\"><em>Ko so Jezusa nehali zasmehovati, so mu slekli \u0161krlat in ga oblekli v njegova obla\u010dila. In peljali so ga ven, da bi ga kri\u017eali.<\/em>\u00a0(Mr\u00a015,20)<\/span><\/p>\n<p align=\"right\"><span style=\"font-family: arial, helvetica, sans-serif; font-size: 14pt;\"><em>DRU\u017dINA Z BOLNIM STAR\u0160EM<\/em><\/span><\/p>\n<p><span style=\"font-family: arial, helvetica, sans-serif; font-size: 14pt;\">Nekega obi\u010dajnega jutra se je moja \u017eena dvakrat onesvestila. Hitro v bolnico in odkrili so bolezen, ki je v njeno glavo \u017ee sejala strup. Operacija, rehabilitacija, zdravljenje \u2026; in danes je na\u0161 vsakdan povsem druga\u010den za vse nas. Gospod nam govori prek dogodkov, ki jih ne razumemo vedno, in nas vodi za roko, da razvijemo svoj najbolj\u0161i del. Imela je vlogo, polo\u017eaj, \u00bbobleko\u00ab, pa se je zna\u0161la povsem druga\u010dna. Gola, neza\u0161\u010ditena, kri\u017eana. In jaz z njo. Prek te bolezni, na tem kri\u017eu sva postala steber, na katerega otroci vedo, da se lahko naslonijo. Prej ni bilo tako. Lahko bi skoraj rekel, da je danes s svojimi prodornimi o\u010dmi v njihovi oto\u017eni bole\u010dini v polnosti mati in \u017eena. Brez pozlate, v bistvenem za \u017eivljenje, ki je te\u017eje in novo. Ko smo zaustavljeni, ko nas neka misel kot s kladivom in \u017eeblji pribija na kri\u017e, vse to primora predvsem mene, ki sem bil tako trmasto o\u0161aben, da v drugih dru\u017einah odkrijem \u010dudoviti dar, ki nam je podarjen: eden te ho\u010de nasmejati, drug ti pomaga v kuhinji, spet drug ti pelje otroke k verouku, drug te poslu\u0161a, drug te razume z enim pogledom, drug nenehno skrbi zate, \u010deprav je v prav tako \u010de ne \u0161e bolj zapletenem polo\u017eaju.<\/span><\/p>\n<p><span style=\"font-family: arial, helvetica, sans-serif; font-size: 14pt;\">Gospod Jezus, ki nisi iskal posvetnih \u010dasti.<\/span><br \/>\n<span style=\"font-family: arial, helvetica, sans-serif; font-size: 14pt;\">\u00a0 \u00a0 \u00a0 \u00a0 \u00a0 \u00a0R\/.\u00a0<strong>Dona nobis pacem<\/strong>\u00a0<em>(Podari nam mir)<\/em>.<\/span><\/p>\n<p><span style=\"font-family: arial, helvetica, sans-serif; font-size: 14pt;\">Ti, ki si si nalo\u017eil bremena vseh smrtnikov.<\/span><br \/>\n<span style=\"font-family: arial, helvetica, sans-serif; font-size: 14pt;\">\u00a0 \u00a0 \u00a0 \u00a0 \u00a0 \u00a0R\/.\u00a0<strong>Dona nobis pacem<\/strong>\u00a0<em>(Podari nam mir)<\/em>.<\/span><\/p>\n<p><span style=\"font-family: arial, helvetica, sans-serif; font-size: 14pt;\">Ti, ki si objel te\u017eki les kri\u017ea.<\/span><br \/>\n<span style=\"font-family: arial, helvetica, sans-serif; font-size: 14pt;\">\u00a0 \u00a0 \u00a0 \u00a0 \u00a0 \u00a0R\/.\u00a0<strong>Dona nobis pacem<\/strong>\u00a0<em>(Podari nam mir)<\/em>.<\/span><\/p>\n<p><span style=\"font-family: arial, helvetica, sans-serif; font-size: 14pt;\"><em>Vsi:\u00a0<\/em><strong>Pater noster<\/strong>\u00a0(<em>O\u010de na\u0161<\/em>) \u2026<\/span><\/p>\n<p><span style=\"font-family: arial, helvetica, sans-serif; font-size: 14pt;\">Gospod Jezus,<\/span><br \/>\n<span style=\"font-family: arial, helvetica, sans-serif; font-size: 14pt;\">ki si spremenil mu\u010dilno smrtno orodje<\/span><br \/>\n<span style=\"font-family: arial, helvetica, sans-serif; font-size: 14pt;\">v neusahljivi izvir \u017eivljenja,<\/span><br \/>\n<span style=\"font-family: arial, helvetica, sans-serif; font-size: 14pt;\">prisluhni na\u0161im pro\u0161njam:<\/span><br \/>\n<span style=\"font-family: arial, helvetica, sans-serif; font-size: 14pt;\">nakloni otrokom, da bodo skrbeli za star\u0161e<\/span><br \/>\n<span style=\"font-family: arial, helvetica, sans-serif; font-size: 14pt;\">in jih hvale\u017eno varovali,<\/span><br \/>\n<span style=\"font-family: arial, helvetica, sans-serif; font-size: 14pt;\">vsem nam pa, da se bomo od tebe nau\u010dili veselja ob velikodu\u0161ni ljubezni in podarjanju,<\/span><br \/>\n<span style=\"font-family: arial, helvetica, sans-serif; font-size: 14pt;\">ki \u017eivi\u0161 in kraljuje\u0161 vekomaj.<\/span><br \/>\n<span style=\"font-family: arial, helvetica, sans-serif; font-size: 14pt;\">R\/.\u00a0<strong>Amen.<\/strong><\/span><\/p>\n<p><span style=\"font-family: arial, helvetica, sans-serif; font-size: 14pt;\">Pro peccatis suae gentis \/ vidit Iesum in tormentis \/ et flagellis subditum.<\/span><br \/>\n<span style=\"font-family: arial, helvetica, sans-serif; font-size: 14pt;\"><em>Vidi Jezusa trpeti, \/ grehe ljudstva nase vzeti, \/ \u0161ibam vdati se voljno.<\/em><\/span><\/p>\n<h3 align=\"center\"><span style=\"font-family: arial, helvetica, sans-serif; font-size: 14pt;\"><strong>VIII. postaja<\/strong><\/span><br \/>\n<span style=\"font-family: arial, helvetica, sans-serif; font-size: 14pt;\"><strong>Cirenejec pomaga Jezusu nositi kri\u017e<\/strong><\/span><\/h3>\n<p><span style=\"font-family: arial, helvetica, sans-serif; font-size: 14pt;\">V\/.\u00a0Adoramus te, Christe, et benedicimus tibi (<em>Molimo te, Kristus, in te hvalimo<\/em>),<\/span><br \/>\n<span style=\"font-family: arial, helvetica, sans-serif; font-size: 14pt;\">R\/.\u00a0Quia per sanctam crucem tuam redemisti mundum (<em>ker si s svojim kri\u017eem svet odre\u0161il<\/em>).<\/span><\/p>\n<p><span style=\"font-family: arial, helvetica, sans-serif; font-size: 14pt;\"><em>Ko so ga odvedli, so prijeli nekega Simona iz Cirene, ki je prihajal s polja, in mu nalo\u017eili kri\u017e, da ga je nesel za Jezusom.\u00a0<\/em>(Lk 23,26)<\/span><\/p>\n<p align=\"right\"><span style=\"font-family: arial, helvetica, sans-serif; font-size: 14pt;\"><em>STARI STAR\u0160I<\/em><\/span><\/p>\n<p><span style=\"font-family: arial, helvetica, sans-serif; font-size: 14pt;\">Pred dvema letoma sva se upokojila; in ravno ko sva za\u010dela fantazirati, kako bi porabila nabrano energijo, naju je presenetila vest, da je najin zet izgubil slu\u017ebo. Med pandemijo sva nemo\u010dno spremljala zakonsko krizo najine starej\u0161e h\u010derke. Vnuki so za\u010deli preplavljati najin dom z \u017eivahnostjo in zmedenostjo ne samo ob nedeljah, in to tako, kot se ni godilo, odkar so bili majhni najini trije otroci. V avto sva pri\u010dvrstila otro\u0161ki sede\u017e, kupila tablo za zapisovanje obveznosti najinih petih vnukov, da ne bi \u010desa pozabila. Najine mi\u0161ice niso ve\u010d take kot neko\u010d, prtljaga izku\u0161enj pa naju dela bolj u\u010dljiva za lekcije \u017eivljenja, kot sva bila takrat, ko sva imela mo\u010di za tek. Skrbi naju kri\u017e krhkosti dru\u017ein in nestalnosti dela. In danes, ko bi se morala ukvarjati z lastno utrujenostjo in neogibnim strahom pred smrtjo, nama je bil nalo\u017een nepri\u010dakovani kri\u017e, proti najini volji. Korak nama gre po\u010dasneje in pono\u010di se po nasme\u0161ku znajdeva v solzah so\u010dutja. Toda biti \u00bbkisik\u00ab za dru\u017eine najinih otrok je dar, ki nama spet prina\u0161a ob\u010dutja, ki sva jih imela, ko so bili \u0161e majhni. Nikoli ne neha\u0161 biti mami in ati.<\/span><\/p>\n<p><span style=\"font-family: arial, helvetica, sans-serif; font-size: 14pt;\">Gospod Jezus, ki si delil breme kri\u017ea.<\/span><br \/>\n<span style=\"font-family: arial, helvetica, sans-serif; font-size: 14pt;\">\u00a0 \u00a0 \u00a0 \u00a0 \u00a0 \u00a0R\/.\u00a0<strong>Dona nobis pacem<\/strong>\u00a0<em>(Podari nam mir)<\/em>.<\/span><\/p>\n<p><span style=\"font-family: arial, helvetica, sans-serif; font-size: 14pt;\">Ti, ki nas podreja\u0161 sodbi svojega kri\u017ea.<\/span><br \/>\n<span style=\"font-family: arial, helvetica, sans-serif; font-size: 14pt;\">\u00a0 \u00a0 \u00a0 \u00a0 \u00a0 \u00a0R\/.\u00a0<strong>Dona nobis pacem<\/strong>\u00a0<em>(Podari nam mir)<\/em>.<\/span><\/p>\n<p><span style=\"font-family: arial, helvetica, sans-serif; font-size: 14pt;\">Ti, ki nam naro\u010da\u0161, naj hodimo za teboj vsak s svojim kri\u017eem.<\/span><br \/>\n<span style=\"font-family: arial, helvetica, sans-serif; font-size: 14pt;\">\u00a0 \u00a0 \u00a0 \u00a0 \u00a0 \u00a0R\/.\u00a0<strong>Dona nobis pacem<\/strong>\u00a0<em>(Podari nam mir)<\/em>.<\/span><\/p>\n<p><span style=\"font-family: arial, helvetica, sans-serif; font-size: 14pt;\"><em>Vsi:\u00a0<\/em><strong>Pater noster<\/strong>\u00a0(<em>O\u010de na\u0161<\/em>) \u2026<\/span><\/p>\n<p><span style=\"font-family: arial, helvetica, sans-serif; font-size: 14pt;\">Gospod Jezus,<\/span><br \/>\n<span style=\"font-family: arial, helvetica, sans-serif; font-size: 14pt;\">ki nas kli\u010de\u0161, naj nosimo bremena drug drugega,<\/span><br \/>\n<span style=\"font-family: arial, helvetica, sans-serif; font-size: 14pt;\">prisluhni na\u0161im pro\u0161njam:<\/span><br \/>\n<span style=\"font-family: arial, helvetica, sans-serif; font-size: 14pt;\">nakloni na\u0161im dru\u017einam,<\/span><br \/>\n<span style=\"font-family: arial, helvetica, sans-serif; font-size: 14pt;\">da bodo znale deliti veselje in bremena,<\/span><br \/>\n<span style=\"font-family: arial, helvetica, sans-serif; font-size: 14pt;\">vsem nam pa, da bomo rasli v dejavnem bratstvu,<\/span><br \/>\n<span style=\"font-family: arial, helvetica, sans-serif; font-size: 14pt;\">ki \u017eivi\u0161 in kraljuje\u0161 vekomaj.<\/span><br \/>\n<span style=\"font-family: arial, helvetica, sans-serif; font-size: 14pt;\">R\/.\u00a0<strong>Amen.<\/strong><\/span><\/p>\n<p><span style=\"font-family: arial, helvetica, sans-serif; font-size: 14pt;\">Eia, mater, fons amoris, \/ me sentire vim doloris \/ fac, ut tecum lugeam.<\/span><br \/>\n<span style=\"font-family: arial, helvetica, sans-serif; font-size: 14pt;\"><em>Mati, vir ljubezni prave, \/ naj okusim te te\u017eave \/ in s teboj \u017ealujem zdaj.<\/em><\/span><\/p>\n<h3 align=\"center\"><span style=\"font-family: arial, helvetica, sans-serif; font-size: 14pt;\"><strong>IX. postaja<\/strong><\/span><br \/>\n<span style=\"font-family: arial, helvetica, sans-serif; font-size: 14pt;\"><strong>Jezus sre\u010da jeruzalemske \u017eene<\/strong><\/span><\/h3>\n<p><span style=\"font-family: arial, helvetica, sans-serif; font-size: 14pt;\">V\/.\u00a0Adoramus te, Christe, et benedicimus tibi (<em>Molimo te, Kristus, in te hvalimo<\/em>),<\/span><br \/>\n<span style=\"font-family: arial, helvetica, sans-serif; font-size: 14pt;\">R\/.\u00a0Quia per sanctam crucem tuam redemisti mundum (<em>ker si s svojim kri\u017eem svet odre\u0161il<\/em>).<\/span><\/p>\n<p><span style=\"font-family: arial, helvetica, sans-serif; font-size: 14pt;\"><em>Za njim je \u0161la velika mno\u017eica ljudstva, tudi \u017een\u00e1, ki so se tolkle po prsih in ga objokovale. Jezus pa se je obrnil k njim in rekel: \u00bbH\u010dere jeruzalemske, ne jokajte nad menoj, temve\u010d jokajte nad seboj in nad svojimi otroki!\u00ab\u00a0<\/em>(Lk 23,27-28)<\/span><\/p>\n<p align=\"right\"><span style=\"font-family: arial, helvetica, sans-serif; font-size: 14pt;\"><em>DRU\u017dINA S POSVOJENIMI OTROKI<\/em><\/span><\/p>\n<p><span style=\"font-family: arial, helvetica, sans-serif; font-size: 14pt;\">Zdaj smo \u0161tirje. Dolga leta sva bila samo dva in sva se soo\u010dala s kri\u017eem samote in upravljanjem star\u0161evstva druga\u010de, kot sva si vedno predstavljala. Posvojitev je zgodba \u017eivljenja, zaznamovanega z zapu\u0161\u010denostjo, ki jo ozdravi sprejem. A zapu\u0161\u010denost ostane kot rana, ki vedno krvavi. In posvojitev je kri\u017e, ki si ga star\u0161i in otroci nalo\u017eijo skupaj na rame in ga nosijo ter sku\u0161ajo olaj\u0161ati bole\u010dino; morda ga celo vzljubijo, v kolikor je del otrokove zgodbe. Toda boli, ko vidimo otroka, ki trpi zaradi svoje preteklosti. Boli, ko ga sku\u0161amo ljubiti, ne da bi nam uspelo vsaj malo ute\u0161iti njegovo bole\u010dino. Drug drugega smo posvojili. In ni dneva, ko se ne bi zbudili z mislijo, da se je spla\u010dalo, da ves ta napor ni brez smisla, da ta kri\u017e, \u010deprav je bole\u010d, skriva tajno sre\u010de.<\/span><\/p>\n<p><span style=\"font-family: arial, helvetica, sans-serif; font-size: 14pt;\">Gospod Jezus, ki si sprejel pogled jeruzalemskih \u017eena.<\/span><br \/>\n<span style=\"font-family: arial, helvetica, sans-serif; font-size: 14pt;\">\u00a0 \u00a0 \u00a0 \u00a0 \u00a0 \u00a0R\/.\u00a0<strong>Dona nobis pacem<\/strong>\u00a0<em>(Podari nam mir)<\/em>.<\/span><\/p>\n<p><span style=\"font-family: arial, helvetica, sans-serif; font-size: 14pt;\">Ti, ki si obrisal solze in potola\u017eil srca.<\/span><br \/>\n<span style=\"font-family: arial, helvetica, sans-serif; font-size: 14pt;\">\u00a0 \u00a0 \u00a0 \u00a0 \u00a0 \u00a0R\/.\u00a0<strong>Dona nobis pacem<\/strong>\u00a0<em>(Podari nam mir)<\/em>.<\/span><\/p>\n<p><span style=\"font-family: arial, helvetica, sans-serif; font-size: 14pt;\">Tu, ki si pogumno prehodil kri\u017eev pot.<\/span><br \/>\n<span style=\"font-family: arial, helvetica, sans-serif; font-size: 14pt;\">\u00a0 \u00a0 \u00a0 \u00a0 \u00a0 \u00a0R\/.\u00a0<strong>Dona nobis pacem<\/strong>\u00a0<em>(Podari nam mir)<\/em>.<\/span><\/p>\n<p><span style=\"font-family: arial, helvetica, sans-serif; font-size: 14pt;\"><em>Vsi:\u00a0<\/em><strong>Pater noster<\/strong>\u00a0(<em>O\u010de na\u0161<\/em>) \u2026<\/span><\/p>\n<p>&nbsp;<\/p>\n<p><span style=\"font-family: arial, helvetica, sans-serif; font-size: 14pt;\">Gospod Jezus,<\/span><br \/>\n<span style=\"font-family: arial, helvetica, sans-serif; font-size: 14pt;\">ki si \u0161el kri\u017eu naproti<\/span><br \/>\n<span style=\"font-family: arial, helvetica, sans-serif; font-size: 14pt;\">z odprtimi o\u010dmi in pripravljenim srcem,<\/span><br \/>\n<span style=\"font-family: arial, helvetica, sans-serif; font-size: 14pt;\">prisluhni na\u0161im pro\u0161njam:<\/span><br \/>\n<span style=\"font-family: arial, helvetica, sans-serif; font-size: 14pt;\">nakloni star\u0161em in njihovim posvojencem,<\/span><br \/>\n<span style=\"font-family: arial, helvetica, sans-serif; font-size: 14pt;\">da bodo rasli skupaj kot sprejemajo\u010de dru\u017eine,<\/span><br \/>\n<span style=\"font-family: arial, helvetica, sans-serif; font-size: 14pt;\">nam vsem pa, da bomo sodelovali pri veselju bli\u017enjega,<\/span><br \/>\n<span style=\"font-family: arial, helvetica, sans-serif; font-size: 14pt;\">ki \u017eivi\u0161 in kraljuje\u0161 vekomaj.<\/span><br \/>\n<span style=\"font-family: arial, helvetica, sans-serif; font-size: 14pt;\">R\/.\u00a0<strong>Amen.<\/strong><\/span><\/p>\n<p><span style=\"font-family: arial, helvetica, sans-serif; font-size: 14pt;\">Fac ut ardeat cor meum \/ in amando Christum Deum, \/ ut sibi complaceam.<\/span><br \/>\n<span style=\"font-family: arial, helvetica, sans-serif; font-size: 14pt;\"><em>Daj, da bo srce se vnelo \/ in za Jezusa gorelo \/ mi v ljubezni vekomaj.<\/em><\/span><\/p>\n<h3 align=\"center\"><span style=\"font-family: arial, helvetica, sans-serif; font-size: 14pt;\"><strong>X. postaja<\/strong><\/span><br \/>\n<span style=\"font-family: arial, helvetica, sans-serif; font-size: 14pt;\"><strong>Jezusa kri\u017eajo<\/strong><\/span><\/h3>\n<p><span style=\"font-family: arial, helvetica, sans-serif; font-size: 14pt;\">V\/.\u00a0Adoramus te, Christe, et benedicimus tibi (<em>Molimo te, Kristus, in te hvalimo<\/em>),<\/span><br \/>\n<span style=\"font-family: arial, helvetica, sans-serif; font-size: 14pt;\">R\/.\u00a0Quia per sanctam crucem tuam redemisti mundum (<em>ker si s svojim kri\u017eem svet odre\u0161il<\/em>).<\/span><\/p>\n<p><span style=\"font-family: arial, helvetica, sans-serif; font-size: 14pt;\"><em>In ko so pri\u0161li na kraj, ki se imenuje Lobanja, so tam kri\u017eali njega in oba hudodelca, enega na desnici in enega na levici. Jezus je govoril: \u00bbO\u010de, odp\u00fasti jim, saj ne vedo, kaj delajo.\u00ab Ko so si delili njegova obla\u010dila, so zanje \u017erebali. Ljudstvo pa je stalo in gledalo. Cel\u00f3 voditelji so se nor\u010devali iz njega in govorili: \u00bbDruge je re\u0161il, naj re\u0161i sam sebe, \u010de je res izvoljeni Bo\u017eji Maziljenec.\u00ab Posmehovali so se mu tudi vojaki; pristopali so in mu ponujali kisa. Govorili so: \u00bb\u010ce si ti judovski kralj, re\u0161i sam sebe.\u00ab Nad njim je bil tudi napis: \u00bbTa je judovski kralj.\u00ab<\/em>\u00a0(Lk 23,33-38)<\/span><\/p>\n<p align=\"right\"><span style=\"font-family: arial, helvetica, sans-serif; font-size: 14pt;\"><em>VDOVA Z OTROKOMA<\/em><\/span><\/p>\n<p><span style=\"font-family: arial, helvetica, sans-serif; font-size: 14pt;\">Sem mati z dvema otrokoma. \u017de ve\u010d kot sedem let smo stol s tremi namesto s \u0161tirimi nogami. Lep in dovolj trden, \u010deprav v\u010dasih malce nestabilen. Pod kri\u017eem vsaka dru\u017eina, tudi najbolj pokve\u010dena, najbolj razboljena, najbolj \u010dudna, najbolj obsekana najde svoj globok smisel. Tudi na\u0161a. Izkusili smo, ne brez solza in bole\u010dine, da nas Jezus v tistem objemu na tram pribitih rok gleda in nikoli ne pusti samih. Ne zaupa nas samo neki splo\u0161ni ljubezni stvarnika do svojih ustvarjenin, ampak nas izro\u010di nekemu prijatelju, neki materi, nekemu sinu, nekemu bratu. Neki Cerkvi, ki kljub svojim pomanjkljivostim ponuja roko in, pa naj se zdi \u0161e tako nemogo\u010de, na kak\u0161nem odseku prevzame na\u0161e breme, da nam omogo\u010di, da se vsaj malo oddahnemo. Ljubezen se mno\u017ei, ker je zastonjska; tudi ko imam sku\u0161njavo, da bi hotela razumeti, zakaj \u00bb\u010de je re\u0161il druge \u2026 \u010de je Kristus od Boga, njegov izvoljeni\u00ab, zakaj ni mogel re\u0161iti tudi mojega mo\u017ea. Toda rana Nekoga na kri\u017eu je dedi\u0161\u010dina, vez in odnos obenem. Ljubezen postane resni\u010dna, ker v svojem breznu in v svojih nesre\u010dah nismo zapu\u0161\u010deni.<\/span><\/p>\n<p><span style=\"font-family: arial, helvetica, sans-serif; font-size: 14pt;\">Gospod Jezus, ki si razprostrl roke na kri\u017eu.<\/span><br \/>\n<span style=\"font-family: arial, helvetica, sans-serif; font-size: 14pt;\">\u00a0 \u00a0\u00a0\u00a0 \u00a0 \u00a0R\/.\u00a0<strong>Dona nobis pacem<\/strong>\u00a0<em>(Podari nam mir)<\/em>.<\/span><\/p>\n<p><span style=\"font-family: arial, helvetica, sans-serif; font-size: 14pt;\">Ti, ki zato, da bi re\u0161il nas, nisi re\u0161il samega sebe.<\/span><br \/>\n<span style=\"font-family: arial, helvetica, sans-serif; font-size: 14pt;\">\u00a0 \u00a0 \u00a0 \u00a0 \u00a0 \u00a0R\/.\u00a0<strong>Dona nobis pacem<\/strong>\u00a0<em>(Podari nam mir)<\/em>.<\/span><\/p>\n<p><span style=\"font-family: arial, helvetica, sans-serif; font-size: 14pt;\">Ti, ki si odpustil svojim morilcem.<\/span><br \/>\n<span style=\"font-family: arial, helvetica, sans-serif; font-size: 14pt;\">\u00a0 \u00a0 \u00a0 \u00a0 \u00a0 \u00a0R\/.\u00a0<strong>Dona nobis pacem<\/strong>\u00a0<em>(Podari nam mir)<\/em>.<\/span><\/p>\n<p><span style=\"font-family: arial, helvetica, sans-serif; font-size: 14pt;\"><em>Vsi:\u00a0<\/em><strong>Pater noster<\/strong>\u00a0(<em>O\u010de na\u0161<\/em>) \u2026<\/span><\/p>\n<p><span style=\"font-family: arial, helvetica, sans-serif; font-size: 14pt;\">Gospod Jezus,<\/span><br \/>\n<span style=\"font-family: arial, helvetica, sans-serif; font-size: 14pt;\">ki z razprostrtimi rokami na kri\u017eu<\/span><br \/>\n<span style=\"font-family: arial, helvetica, sans-serif; font-size: 14pt;\">stiska\u0161 k sebi vsakega, ki je sam in zapu\u0161\u010den,<\/span><br \/>\n<span style=\"font-family: arial, helvetica, sans-serif; font-size: 14pt;\">prisluhni na\u0161i molitvi:<\/span><br \/>\n<span style=\"font-family: arial, helvetica, sans-serif; font-size: 14pt;\">nakloni dru\u017einam, ki so izgubile enega od star\u0161ev,<\/span><br \/>\n<span style=\"font-family: arial, helvetica, sans-serif; font-size: 14pt;\">da bodo v svoji bole\u010dini \u010dutili tvojo navzo\u010dnost,<\/span><br \/>\n<span style=\"font-family: arial, helvetica, sans-serif; font-size: 14pt;\">vsem nam pa, da bomo znali jokati z jokajo\u010dimi,<\/span><br \/>\n<span style=\"font-family: arial, helvetica, sans-serif; font-size: 14pt;\">ki \u017eivi\u0161 in kraljuje\u0161 vekomaj.<\/span><br \/>\n<span style=\"font-family: arial, helvetica, sans-serif; font-size: 14pt;\">R\/.\u00a0<strong>Amen.<\/strong><\/span><\/p>\n<p><span style=\"font-family: arial, helvetica, sans-serif; font-size: 14pt;\">Sancta mater, istud agas, \/ Crucifixi fige plagas \/ cordi meo valide.<\/span><br \/>\n<span style=\"font-family: arial, helvetica, sans-serif; font-size: 14pt;\"><em>Sveta Mati, to te prosim, \/ rane Kristusa naj nosim, \/ vtisni v moje jih srce.<\/em><\/span><\/p>\n<p align=\"center\"><span style=\"font-family: arial, helvetica, sans-serif; font-size: 14pt;\"><strong>XI. postaja<\/strong><\/span><br \/>\n<span style=\"font-family: arial, helvetica, sans-serif; font-size: 14pt;\"><strong>Jezus obljubi desnemu razbojniku Kraljestvo<\/strong><\/span><\/p>\n<p><span style=\"font-family: arial, helvetica, sans-serif; font-size: 14pt;\">V\/.\u00a0Adoramus te, Christe, et benedicimus tibi (<em>Molimo te, Kristus, in te hvalimo<\/em>),<\/span><br \/>\n<span style=\"font-family: arial, helvetica, sans-serif; font-size: 14pt;\">R\/.\u00a0Quia per sanctam crucem tuam redemisti mundum (<em>ker si s svojim kri\u017eem svet odre\u0161il<\/em>).<\/span><\/p>\n<p><span style=\"font-family: arial, helvetica, sans-serif; font-size: 14pt;\"><em>In ko so pri\u0161li na kraj, ki se imenuje Lobanja, so tam kri\u017eali njega in oba hudodelca, enega na desnici in enega na levici. Eden od hudodelcev je rekel: \u00bbJezus, spomni se me, ko pride\u0161 v svoje kraljestvo!\u00ab Jezus mu je rekel: \u00bbResni\u010dno, povem ti: Danes bo\u0161 z menoj v raju.\u00ab<\/em>\u00a0(Lk 23,33.42-43)<\/span><\/p>\n<p align=\"right\"><span style=\"font-family: arial, helvetica, sans-serif; font-size: 14pt;\"><em>DRU\u017dINA S SINOM DUHOVNIKOM<\/em><\/span><\/p>\n<p><span style=\"font-family: arial, helvetica, sans-serif; font-size: 14pt;\">\u0160ele zdaj se nasmehnemo, ko se spominjamo, kaj vse smo pri\u010dakovali od svojega sina. Vzgajali smo ga, da bi bil sre\u010den, da bi se uresni\u010dil. Da bi \u0161el po dedovih stopinjah. Da, verjetno smo hoteli zanj druga\u010dno \u017eivljenje. Dru\u017eino, delo, otroke, vnuke. Skratka nekaj normalnega. \u017de smo \u017eiveli njegovo \u017eivljenje namesto njega. Pa si pri\u0161el ti in si vse obrnil na glavo. Uni\u010dil si na\u0161e sanje zaradi ne\u010desa ve\u010djega. Storil si, da njegovo \u017eivljenje ni \u0161lo po logiki \u00bb\u0161e vedno je bilo tako\u00ab in si ga poklical zase. Kako to? Zakaj ravno njega? Zakaj ravno najinega sina? Na za\u010detku tega nisva dobro sprejela. Ugovarjala sva mu. Zapustila sva ga. Mislila sva, da ga bo najin hlad vrnil na stara pota. Posku\u0161ala sva mu vbiti v glavo dvom, da je morda povsem zablodil. Kot dva razbojnika. Potem pa sva razumela, da se s teboj ne da bojevati. Mi smo posoda, ti pa si morje. Mi smo iskrica in ti si ogenj. Torej te kakor desni razbojnik tudi midva prosiva, da se naju spomni\u0161, ko pride\u0161 v svoje kraljestvo.<\/span><\/p>\n<p><span style=\"font-family: arial, helvetica, sans-serif; font-size: 14pt;\">Gospod Jezus, ki si umrl kot razbojnik.<\/span><br \/>\n<span style=\"font-family: arial, helvetica, sans-serif; font-size: 14pt;\">\u00a0 \u00a0 \u00a0 \u00a0 \u00a0 \u00a0R\/.\u00a0<strong>Dona nobis pacem<\/strong>\u00a0<em>(Podari nam mir)<\/em>.<\/span><\/p>\n<p><span style=\"font-family: arial, helvetica, sans-serif; font-size: 14pt;\">Ti, ki si spremenil kri\u017e v kraljevski prestol.<\/span><br \/>\n<span style=\"font-family: arial, helvetica, sans-serif; font-size: 14pt;\">\u00a0 \u00a0 \u00a0 \u00a0 \u00a0 \u00a0R\/.\u00a0<strong>Dona nobis pacem<\/strong>\u00a0<em>(Podari nam mir)<\/em>.<\/span><\/p>\n<p><span style=\"font-family: arial, helvetica, sans-serif; font-size: 14pt;\">Ti, ki si odprl vrata izgubljenega raja.<\/span><br \/>\n<span style=\"font-family: arial, helvetica, sans-serif; font-size: 14pt;\">\u00a0 \u00a0 \u00a0 \u00a0 \u00a0 \u00a0R\/.\u00a0<strong>Dona nobis pacem<\/strong>\u00a0<em>(Podari nam mir)<\/em>.<\/span><\/p>\n<p><span style=\"font-family: arial, helvetica, sans-serif; font-size: 14pt;\"><em>Vsi:\u00a0<\/em><strong>Pater noster<\/strong>\u00a0(<em>O\u010de na\u0161<\/em>) \u2026<\/span><\/p>\n<p><span style=\"font-family: arial, helvetica, sans-serif; font-size: 14pt;\">Gospod Jezus,<\/span><br \/>\n<span style=\"font-family: arial, helvetica, sans-serif; font-size: 14pt;\">ki si nam razodel skrivnosti svojega kraljestva,<\/span><br \/>\n<span style=\"font-family: arial, helvetica, sans-serif; font-size: 14pt;\">kjer je najve\u010dji tisti, ki slu\u017ei,<\/span><br \/>\n<span style=\"font-family: arial, helvetica, sans-serif; font-size: 14pt;\">prisluhni na\u0161im pro\u0161njam:<\/span><br \/>\n<span style=\"font-family: arial, helvetica, sans-serif; font-size: 14pt;\">vodi star\u0161e, da bodo slu\u017eili poklicanosti otrok,<\/span><br \/>\n<span style=\"font-family: arial, helvetica, sans-serif; font-size: 14pt;\">in daj vsem nam, da bomo tvoji zvesti u\u010denci,<\/span><br \/>\n<span style=\"font-family: arial, helvetica, sans-serif; font-size: 14pt;\">ki \u017eivi\u0161 in kraljuje\u0161 vekomaj.<\/span><br \/>\n<span style=\"font-family: arial, helvetica, sans-serif; font-size: 14pt;\">R\/.\u00a0<strong>Amen.<\/strong><\/span><\/p>\n<p><span style=\"font-family: arial, helvetica, sans-serif; font-size: 14pt;\">Tui Nati vulnerati, \/ tam dignati pro me pati, \/ poenas mecum divide.<\/span><br \/>\n<span style=\"font-family: arial, helvetica, sans-serif; font-size: 14pt;\"><em>Sinu tvojemu so rane \/ v odre\u0161enje moje dane, \/ tudi mene naj bole.<\/em><\/span><\/p>\n<h3 align=\"center\"><span style=\"font-family: arial, helvetica, sans-serif; font-size: 14pt;\"><strong>XII. postaja<\/strong><\/span><br \/>\n<span style=\"font-family: arial, helvetica, sans-serif; font-size: 14pt;\"><strong>Jezus izro\u010di Mater ljubljenemu u\u010dencu<\/strong><\/span><\/h3>\n<p><span style=\"font-family: arial, helvetica, sans-serif; font-size: 14pt;\">V\/.\u00a0Adoramus te, Christe, et benedicimus tibi (<em>Molimo te, Kristus, in te hvalimo<\/em>),<\/span><br \/>\n<span style=\"font-family: arial, helvetica, sans-serif; font-size: 14pt;\">R\/.\u00a0Quia per sanctam crucem tuam redemisti mundum (<em>ker si s svojim kri\u017eem svet odre\u0161il<\/em>).<\/span><\/p>\n<p><span style=\"font-family: arial, helvetica, sans-serif; font-size: 14pt;\"><em>Poleg Jezusovega kri\u017ea pa so stale njegova mati in sestra njegove matere, Marija Klop\u00e1jeva in Marija Magdalena. Ko je Jezus videl mater in zraven stoje\u010dega u\u010denca, katerega je ljubil, je rekel materi: \u00bb\u017dena, glej, tvoj sin!\u00ab Potem je rekel u\u010dencu: \u00bbGlej, tvoja mati!\u00ab In od tiste ure jo je u\u010denec vzel k sebi.<\/em>\u00a0(Jn\u00a019,25-27)<\/span><\/p>\n<p align=\"right\"><span style=\"font-family: arial, helvetica, sans-serif; font-size: 14pt;\"><em>DRU\u017dINA, KI JE IZGUBILA H\u010cER<\/em><\/span><\/p>\n<p><span style=\"font-family: arial, helvetica, sans-serif; font-size: 14pt;\">Pet nas je bilo: jaz, moj mo\u017e in najini trije otroci. Pred petimi leti pa je \u017eivljenje postalo zapleteno. Te\u017eko je bilo sprejeti diagnozo, onkolo\u0161ka bolezen je bila vsak trenutek napisana na obrazu najmlaj\u0161e h\u010derke. Bolezen, ki sicer ni nikoli ugasnila njenega nasmeha, je \u0161krtanje krivice, ki smo jo do\u017eivljali, naredila \u0161e bolj bole\u010de. \u010ceprav se je bole\u010dina \u017ee dovolj \u00bbpo\u0161alila\u00ab z nami, nas je po komaj \u0161estih letih zakona z nepri\u010dakovano smrtjo zapustil moj mo\u017e in nas postavil na pot parajo\u010de osamljenosti. V njej smo po dveh letih \u0161e h\u010derko od doma spremili k poslednjemu slovesu. Pet let je minilo od za\u010detka te avanture, ki je razumsko nikakor nismo razumeli. Gotovi pa smo, da je v tem velikem kri\u017eu vedno bival in \u0161e danes biva Gospod. \u00bbBog ne kli\u010de sposobnih, ampak usposobi poklicane.\u00ab To nam je nekega dne rekla neka redovnica in te besede so nam spremenile perspektivo v zadnjih letih. Najve\u010dja la\u017e, s katero smo se morali boriti, je bila ta, da nismo ve\u010d dru\u017eina. Ne znam druga\u010de odgovoriti svojemu srcu in svoji telesni bole\u010dini kot tako, da se izro\u010dim Gospodu, ki hodi ta del zemeljske poti z menoj. Kolikokrat sem se na obiskih kemoterapije za mojo h\u010der po\u010dutila kot Marija pod kri\u017eem. In to izkustvo mi daje danes za\u010dutiti \u2013 vsaj za drobec \u2013 mater mojega Gospoda.<\/span><\/p>\n<p><span style=\"font-family: arial, helvetica, sans-serif; font-size: 14pt;\">Gospod Jezus, ki si spoznal parajo\u010da \u010dutenja.<\/span><br \/>\n<span style=\"font-family: arial, helvetica, sans-serif; font-size: 14pt;\">\u00a0 \u00a0 \u00a0 \u00a0 \u00a0 \u00a0R\/.\u00a0<strong>Dona nobis pacem<\/strong>\u00a0<em>(Podari nam mir)<\/em>.<\/span><\/p>\n<p><span style=\"font-family: arial, helvetica, sans-serif; font-size: 14pt;\">Ti, ki smrti nisi pustil zadnje besede.<\/span><br \/>\n<span style=\"font-family: arial, helvetica, sans-serif; font-size: 14pt;\">\u00a0 \u00a0 \u00a0 \u00a0 \u00a0 \u00a0R\/.\u00a0<strong>Dona nobis pacem<\/strong>\u00a0<em>(Podari nam mir)<\/em>.<\/span><\/p>\n<p><span style=\"font-family: arial, helvetica, sans-serif; font-size: 14pt;\">Ti, ki si nam v oporoki zapustil svojo lastno Mater.<\/span><br \/>\n<span style=\"font-family: arial, helvetica, sans-serif; font-size: 14pt;\">\u00a0 \u00a0 \u00a0 \u00a0 \u00a0 \u00a0R\/.\u00a0<strong>Dona nobis pacem<\/strong>\u00a0<em>(Podari nam mir)<\/em>.<\/span><\/p>\n<p><span style=\"font-family: arial, helvetica, sans-serif; font-size: 14pt;\"><em>Vsi:\u00a0<\/em><strong>Pater noster<\/strong>\u00a0(<em>O\u010de na\u0161<\/em>) \u2026<\/span><\/p>\n<p><span style=\"font-family: arial, helvetica, sans-serif; font-size: 14pt;\">Gospod Jezus,<\/span><br \/>\n<span style=\"font-family: arial, helvetica, sans-serif; font-size: 14pt;\">preden si izdihnil, si nam hotel izro\u010diti svojo Mater<\/span><br \/>\n<span style=\"font-family: arial, helvetica, sans-serif; font-size: 14pt;\">in nas zaupati njeni skrbi,<\/span><br \/>\n<span style=\"font-family: arial, helvetica, sans-serif; font-size: 14pt;\">prisluhni na\u0161im pro\u0161njam:<\/span><br \/>\n<span style=\"font-family: arial, helvetica, sans-serif; font-size: 14pt;\">nakloni dru\u017einam, ki jih je zaznamovala smrt otroka,<\/span><br \/>\n<span style=\"font-family: arial, helvetica, sans-serif; font-size: 14pt;\">da bodo ohranile prejeto milost z darom njihovega \u017eivljenja,<\/span><br \/>\n<span style=\"font-family: arial, helvetica, sans-serif; font-size: 14pt;\">vsem nam pa, da bomo v tola\u017ebi Duha sprejemali tvojo poslednjo voljo,<\/span><br \/>\n<span style=\"font-family: arial, helvetica, sans-serif; font-size: 14pt;\">ki \u017eivi\u0161 in kraljuje\u0161 vekomaj.<\/span><br \/>\n<span style=\"font-family: arial, helvetica, sans-serif; font-size: 14pt;\">R\/.\u00a0<strong>Amen.<\/strong><\/span><\/p>\n<p><span style=\"font-family: arial, helvetica, sans-serif; font-size: 14pt;\">Vidit suum dulcem Natum \/ morientem desolatum, \/ cum emisit spiritum.<\/span><br \/>\n<span style=\"font-family: arial, helvetica, sans-serif; font-size: 14pt;\"><em>V Sina le pogled upira, \/ ko ves zapu\u0161\u010den umira, \/ k smrti nagne \u017ee glavo.<\/em><\/span><\/p>\n<h3 align=\"center\"><span style=\"font-family: arial, helvetica, sans-serif; font-size: 14pt;\"><strong>XIII. postaja<\/strong><\/span><br \/>\n<span style=\"font-family: arial, helvetica, sans-serif; font-size: 14pt;\"><strong>Jezus umre na kri\u017eu<\/strong><\/span><\/h3>\n<p><span style=\"font-family: arial, helvetica, sans-serif; font-size: 14pt;\">V\/.\u00a0Adoramus te, Christe, et benedicimus tibi (<em>Molimo te, Kristus, in te hvalimo<\/em>),<\/span><br \/>\n<span style=\"font-family: arial, helvetica, sans-serif; font-size: 14pt;\">R\/.\u00a0Quia per sanctam crucem tuam redemisti mundum (<em>ker si s svojim kri\u017eem svet odre\u0161il<\/em>).<\/span><\/p>\n<p><span style=\"font-family: arial, helvetica, sans-serif; font-size: 14pt;\"><em>Ob deveti uri je Jezus zaklical z mo\u010dnim glasom: \u00bbElo\u00ed, Elo\u00ed, lem\u00e1 sabaht\u00e1ni?\u00ab, kar v prevodu pomeni: \u203aMoj Bog, moj Bog, zakaj si me zapustil?\u2039 Nekdo je pritekel in napojil gobo s kisom, jo nataknil na trs, mu dajal piti in govoril: \u00bbPustite, poglejmo, ali bo pri\u0161el Elija, da ga sname.\u00ab Jezus pa je zaklical z mo\u010dnim glasom in izdihnil.\u00a0<\/em>(Mr 15,34.36-37)<\/span><\/p>\n<p align=\"right\"><span style=\"font-family: arial, helvetica, sans-serif; font-size: 14pt;\"><em>UKRAJINSKA IN RUSKA DRU\u017dINA<\/em><\/span><\/p>\n<p><span style=\"font-family: arial, helvetica, sans-serif; font-size: 14pt;\">Smrt vse naokrog. Zgleda, da \u017eivljenje ni\u010d ve\u010d ne velja. Vse se spremeni v nekaj sekundah. \u017divljenje, dnevi, lahkotnost zimskega snega, iti po otroke v \u0161olo, delo, objemi, prijateljstvo \u2026 vse. Naenkrat vse izgubi veljavo. \u00bbKje si, Gospod? Kam si se skril? Ho\u010demo \u017eiveti kakor prej. Zakaj vse to? Kaj smo zakrivili? Zakaj si nas zapustil? Zakaj si zapustil na\u0161i ljudstvi? Zakaj si tako razbil na\u0161e dru\u017eine? Zakaj se nam ne da ve\u010d sanjati in \u017eiveti? Zakaj so na\u0161e de\u017eele postale temne kot Golgota?\u00ab Solz je zmanjkalo. Bes se je umaknil pred vdanostjo v usodo. Vemo, da nas ljubi\u0161, Gospod, a ne \u010dutimo te ljubezni; in to nas spravlja ob pamet. Zjutraj se zbudimo in smo nekaj sekund sre\u010dni, potem pa se takoj spomnimo, kako te\u017eko bo dose\u010di spravo. Gospod, kje si? Spregovori v ti\u0161ini smrti in lo\u010denosti in nas nau\u010di, kako delati za mir, kako biti bratje in sestre, kako na novo zgraditi to, ker so bombe hotele uni\u010diti.<\/span><\/p>\n<p><span style=\"font-family: arial, helvetica, sans-serif; font-size: 14pt;\">Gospod Jezus, ki si nas ljubil do konca.<\/span><br \/>\n<span style=\"font-family: arial, helvetica, sans-serif; font-size: 14pt;\">\u00a0 \u00a0 \u00a0 \u00a0 \u00a0 \u00a0R\/.\u00a0<strong>Dona nobis pacem<\/strong>\u00a0<em>(Podari nam mir)<\/em>.<\/span><\/p>\n<p><span style=\"font-family: arial, helvetica, sans-serif; font-size: 14pt;\">Ti, ki si s smrtjo uni\u010dil smrt.<\/span><br \/>\n<span style=\"font-family: arial, helvetica, sans-serif; font-size: 14pt;\">\u00a0 \u00a0 \u00a0 \u00a0 \u00a0 \u00a0R\/.\u00a0<strong>Dona nobis pacem<\/strong>\u00a0<em>(Podari nam mir)<\/em>.<\/span><\/p>\n<p><span style=\"font-family: arial, helvetica, sans-serif; font-size: 14pt;\">Ti, ki si nam s svojim zadnjim dihom povrnil \u017eivljenje.<\/span><br \/>\n<span style=\"font-family: arial, helvetica, sans-serif; font-size: 14pt;\">\u00a0 \u00a0 \u00a0 \u00a0 \u00a0 \u00a0R\/.\u00a0<strong>Dona nobis pacem<\/strong>\u00a0<em>(Podari nam mir)<\/em>.<\/span><\/p>\n<p><span style=\"font-family: arial, helvetica, sans-serif; font-size: 14pt;\"><em>Vsi:\u00a0<\/em><strong>Pater noster<\/strong>\u00a0(<em>O\u010de na\u0161<\/em>) \u2026<\/span><\/p>\n<p><span style=\"font-family: arial, helvetica, sans-serif; font-size: 14pt;\">Gospod Jezus,<\/span><br \/>\n<span style=\"font-family: arial, helvetica, sans-serif; font-size: 14pt;\">ki si dal, da je iz svoje prebodene strani<\/span><br \/>\n<span style=\"font-family: arial, helvetica, sans-serif; font-size: 14pt;\">pritekla sprava za vse,<\/span><br \/>\n<span style=\"font-family: arial, helvetica, sans-serif; font-size: 14pt;\">poslu\u0161aj na\u0161e poni\u017ene glasove:<\/span><br \/>\n<span style=\"font-family: arial, helvetica, sans-serif; font-size: 14pt;\">daj dru\u017einam, ki so jih uni\u010dile solze in kri,<\/span><br \/>\n<span style=\"font-family: arial, helvetica, sans-serif; font-size: 14pt;\">da bodo verovale v mo\u010d odpu\u0161\u010danja,<\/span><br \/>\n<span style=\"font-family: arial, helvetica, sans-serif; font-size: 14pt;\">vsem nam pa, da bomo gradili mir in slogo,<\/span><br \/>\n<span style=\"font-family: arial, helvetica, sans-serif; font-size: 14pt;\">ki \u017eivi\u0161 in kraljuje\u0161 vekomaj.<\/span><br \/>\n<span style=\"font-family: arial, helvetica, sans-serif; font-size: 14pt;\">R\/.\u00a0<strong>Amen.<\/strong><\/span><\/p>\n<p><span style=\"font-family: arial, helvetica, sans-serif; font-size: 14pt;\">Fac me tecum pie flere, \/ Crucifixo condolere, \/ donec ego vixero.<\/span><br \/>\n<span style=\"font-family: arial, helvetica, sans-serif; font-size: 14pt;\"><em>Naj s teboj sedaj \u017ealujem, \/ Kri\u017eanega objokujem, \/ ko v dolini solz \u017eivim.<\/em><\/span><\/p>\n<h3 align=\"center\"><span style=\"font-family: arial, helvetica, sans-serif; font-size: 14pt;\"><strong>XIV. postaja<\/strong><\/span><br \/>\n<span style=\"font-family: arial, helvetica, sans-serif; font-size: 14pt;\"><strong>Jezusovo telo pokopljejo v grobu<\/strong><\/span><\/h3>\n<p><span style=\"font-family: arial, helvetica, sans-serif; font-size: 14pt;\">V\/.\u00a0Adoramus te, Christe, et benedicimus tibi (<em>Molimo te, Kristus, in te hvalimo<\/em>),<\/span><br \/>\n<span style=\"font-family: arial, helvetica, sans-serif; font-size: 14pt;\">R\/.\u00a0Quia per sanctam crucem tuam redemisti mundum (<em>ker si s svojim kri\u017eem svet odre\u0161il<\/em>).<\/span><\/p>\n<p><span style=\"font-family: arial, helvetica, sans-serif; font-size: 14pt;\"><em>Jo\u017eef je telo vzel, ga zavil v \u010disto platno in ga polo\u017eil v svoj novi grob, ki ga je bil vsekal v skalo. Ko je k vhodu v grob zavalil velik kamen, je od\u0161el. Bili pa sta tam Marija Magdalena in ona druga Marija in sta sedeli nasproti grobu.<\/em>\u00a0(Mt27,59-61)<\/span><\/p>\n<p align=\"right\"><span style=\"font-family: arial, helvetica, sans-serif; font-size: 14pt;\"><em>BEGUNSKA DRU\u017dINA<\/em><\/span><\/p>\n<p><span style=\"font-family: arial, helvetica, sans-serif; font-size: 14pt;\">Zdaj smo tukaj. Za svojo preteklost smo mrtvi. Hoteli bi \u017eiveti v svoji de\u017eeli, pa nam je vojna to prepre\u010dila. Te\u017eko je za dru\u017eino, \u010de mora izbirati med sanjami in svobodo. Med hrepenenji in pre\u017eivetjem. Tu smo po dolgem potovanju, na katerem smo videli umirati \u017eenske in otroke, prijatelje, brate in sestre. Tu smo, pre\u017eiveli. Dojemajo nas kot breme. Mi, ki smo bili doma pomembni, smo tukaj \u0161tevilke, kategorija, poenostavitve. In vendar smo veliko ve\u010d kot zgolj emigranti. Smo ljudje. Sem smo pri\u0161li zaradi svojih otrok. Vsak dan umiramo zanje, da bi tukaj mogli poskusiti \u017eiveti normalno \u017eivljenje, brez bomb, brez prelivanja krvi, brez preganjanja. Smo katoli\u010dani, pa tudi to je videti, da je v\u010dasih porinjeno v ozadje glede na dejstvo, da smo migranti. \u010ce se s tem ne sprijaznimo, je to zato, ker vemo, da bo nekega dne veliki kamen na vhodu v grob odvaljen.<\/span><\/p>\n<p><span style=\"font-family: arial, helvetica, sans-serif; font-size: 14pt;\">Gospod Jezus, ki so te prijateljske roke snele z lesa kri\u017ea.<\/span><br \/>\n<span style=\"font-family: arial, helvetica, sans-serif; font-size: 14pt;\">\u00a0 \u00a0 \u00a0 \u00a0 \u00a0 \u00a0R\/.\u00a0<strong>Dona nobis pacem<\/strong>\u00a0<em>(Podari nam mir)<\/em>.<\/span><\/p>\n<p><span style=\"font-family: arial, helvetica, sans-serif; font-size: 14pt;\">Ti, ki si bil pokopan v novem grobu Jo\u017eefa iz Arimateje.<\/span><br \/>\n<span style=\"font-family: arial, helvetica, sans-serif; font-size: 14pt;\">\u00a0 \u00a0 \u00a0 \u00a0 \u00a0 \u00a0R\/.\u00a0<strong>Dona nobis pacem<\/strong>\u00a0<em>(Podari nam mir)<\/em>.<\/span><\/p>\n<p><span style=\"font-family: arial, helvetica, sans-serif; font-size: 14pt;\">Ti, ki nisi spoznal razpadanja v grobu.<\/span><br \/>\n<span style=\"font-family: arial, helvetica, sans-serif; font-size: 14pt;\">\u00a0 \u00a0 \u00a0 \u00a0 \u00a0 \u00a0R\/.\u00a0<strong>Dona nobis pacem<\/strong>\u00a0<em>(Podari nam mir)<\/em>.<\/span><\/p>\n<p><span style=\"font-family: arial, helvetica, sans-serif; font-size: 14pt;\"><em>Vsi:\u00a0<\/em><strong>Pater noster<\/strong>\u00a0(<em>O\u010de na\u0161<\/em>) \u2026<\/span><\/p>\n<p><span style=\"font-family: arial, helvetica, sans-serif; font-size: 14pt;\">Gospod Jezus,<\/span><br \/>\n<span style=\"font-family: arial, helvetica, sans-serif; font-size: 14pt;\">ki si se spustil v predpekel,<\/span><br \/>\n<span style=\"font-family: arial, helvetica, sans-serif; font-size: 14pt;\">da bi osvobodil Adama in Evo z njunimi otroki iz prastare je\u010de,<\/span><br \/>\n<span style=\"font-family: arial, helvetica, sans-serif; font-size: 14pt;\">poslu\u0161aj na\u0161e pro\u0161nje za begunske dru\u017eine:<\/span><br \/>\n<span style=\"font-family: arial, helvetica, sans-serif; font-size: 14pt;\">iztrgaj jih iz osame, ki ubija,<\/span><br \/>\n<span style=\"font-family: arial, helvetica, sans-serif; font-size: 14pt;\">in vsem nam nakloni, da te bomo v vsakem \u010dloveku prepoznali<\/span><br \/>\n<span style=\"font-family: arial, helvetica, sans-serif; font-size: 14pt;\">kot ljubljenega brata in sestro,<\/span><br \/>\n<span style=\"font-family: arial, helvetica, sans-serif; font-size: 14pt;\">ki \u017eivi\u0161 in kraljuje\u0161 vekomaj.<\/span><br \/>\n<span style=\"font-family: arial, helvetica, sans-serif; font-size: 14pt;\">R\/.\u00a0<strong>Amen.<\/strong><\/span><\/p>\n<p><span style=\"font-family: arial, helvetica, sans-serif; font-size: 14pt;\">Quando corpus morietur, \/ fac ut animae donetur \/ paradisi gloria. Amen.<\/span><br \/>\n<span style=\"font-family: arial, helvetica, sans-serif; font-size: 14pt;\"><em>Ko pa smrt telo mi vzame, \/ du\u0161o mojo naj objame \/ ve\u010dne slave rajski dom. Amen.<\/em><\/span><\/p>\n<h3 align=\"center\"><span style=\"font-family: arial, helvetica, sans-serif; font-size: 14pt;\"><strong>Zaklju\u010dna molitev<\/strong><\/span><\/h3>\n<p><span style=\"font-family: arial, helvetica, sans-serif; font-size: 14pt;\"><em>Sveti o\u010de:<\/em><\/span><\/p>\n<p><span style=\"font-family: arial, helvetica, sans-serif; font-size: 14pt;\">Usmiljeni O\u010de,<\/span><br \/>\n<span style=\"font-family: arial, helvetica, sans-serif; font-size: 14pt;\">ki daje\u0161, da sonce vzhaja nad dobrimi in hudobnimi,<\/span><br \/>\n<span style=\"font-family: arial, helvetica, sans-serif; font-size: 14pt;\">ne zapusti dela svojih rok,<\/span><br \/>\n<span style=\"font-family: arial, helvetica, sans-serif; font-size: 14pt;\">za katero se nisi pomi\u0161ljal izro\u010diti svojega edinega Sina,<\/span><br \/>\n<span style=\"font-family: arial, helvetica, sans-serif; font-size: 14pt;\">rojenega iz Device, kri\u017eanega pod Poncijem Pilatom,<\/span><br \/>\n<span style=\"font-family: arial, helvetica, sans-serif; font-size: 14pt;\">ki je umrl in bil pokopan v srcu zemlje,<\/span><br \/>\n<span style=\"font-family: arial, helvetica, sans-serif; font-size: 14pt;\">ki je tretji dan vstal od mrtvih,<\/span><br \/>\n<span style=\"font-family: arial, helvetica, sans-serif; font-size: 14pt;\">se prikazal Mariji iz Magdale,<\/span><br \/>\n<span style=\"font-family: arial, helvetica, sans-serif; font-size: 14pt;\">Petru, drugim apostolom in u\u010dencem,<\/span><br \/>\n<span style=\"font-family: arial, helvetica, sans-serif; font-size: 14pt;\">ki vedno \u017eivi v sveti Cerkvi,<\/span><br \/>\n<span style=\"font-family: arial, helvetica, sans-serif; font-size: 14pt;\">ki je njegovo \u017eivo telo v svetu.<\/span><\/p>\n<p><span style=\"font-family: arial, helvetica, sans-serif; font-size: 14pt;\">Ohranjaj v na\u0161ih dru\u017einah pri\u017egano lu\u010d evangelija,<\/span><br \/>\n<span style=\"font-family: arial, helvetica, sans-serif; font-size: 14pt;\">ki razsvetljuje veselje in \u017ealost, napore in upe:<\/span><br \/>\n<span style=\"font-family: arial, helvetica, sans-serif; font-size: 14pt;\">vsak dom naj odseva obli\u010dje Cerkve,<\/span><br \/>\n<span style=\"font-family: arial, helvetica, sans-serif; font-size: 14pt;\">katere najvi\u0161ji zakon je ljubezen.<\/span><br \/>\n<span style=\"font-family: arial, helvetica, sans-serif; font-size: 14pt;\">Po izlitju svojega Duha nam pomagaj,<\/span><br \/>\n<span style=\"font-family: arial, helvetica, sans-serif; font-size: 14pt;\">da bomo s sebe slekli starega \u010dloveka,<\/span><br \/>\n<span style=\"font-family: arial, helvetica, sans-serif; font-size: 14pt;\">ki je pokvarjen od varljivih stasti,<\/span><br \/>\n<span style=\"font-family: arial, helvetica, sans-serif; font-size: 14pt;\">in nas preobleci v novega \u010dloveka,<\/span><br \/>\n<span style=\"font-family: arial, helvetica, sans-serif; font-size: 14pt;\">ki je ustvarjen po pravi\u010dnosti in svetosti.<\/span><\/p>\n<p><span style=\"font-family: arial, helvetica, sans-serif; font-size: 14pt;\">Dr\u017ei nas za roko kakor O\u010de,<\/span><br \/>\n<span style=\"font-family: arial, helvetica, sans-serif; font-size: 14pt;\">da se ne oddaljimo od tebe;<\/span><br \/>\n<span style=\"font-family: arial, helvetica, sans-serif; font-size: 14pt;\">obrni k svojemu srcu na\u0161a uporna srca,<\/span><br \/>\n<span style=\"font-family: arial, helvetica, sans-serif; font-size: 14pt;\">da se bomo nau\u010dili slediti na\u010drtom miru;<\/span><br \/>\n<span style=\"font-family: arial, helvetica, sans-serif; font-size: 14pt;\">pripelji nasprotnike, da si podajo roke,<\/span><br \/>\n<span style=\"font-family: arial, helvetica, sans-serif; font-size: 14pt;\">da okusijo vzajemno odpu\u0161\u010danje;<\/span><br \/>\n<span style=\"font-family: arial, helvetica, sans-serif; font-size: 14pt;\">razoro\u017ei roko brata, ki se dviga nad brata,<\/span><br \/>\n<span style=\"font-family: arial, helvetica, sans-serif; font-size: 14pt;\">da bo tam, kjer je sovra\u0161tvo, zacvetela sloga.<\/span><\/p>\n<p><span style=\"font-family: arial, helvetica, sans-serif; font-size: 14pt;\">Daj, da se ne bomo obna\u0161ali kot sovra\u017eniki Kristusovega kri\u017ea,<\/span><br \/>\n<span style=\"font-family: arial, helvetica, sans-serif; font-size: 14pt;\">da bomo dele\u017eni slave njegovega vstajenja.<\/span><\/p>\n<p><span style=\"font-family: arial, helvetica, sans-serif; font-size: 14pt;\">On s Teboj \u017eivi in kraljuje<\/span><br \/>\n<span style=\"font-family: arial, helvetica, sans-serif; font-size: 14pt;\">v edinosti Svetega Duha<\/span><br \/>\n<span style=\"font-family: arial, helvetica, sans-serif; font-size: 14pt;\">na vse veke vekov.<\/span><br \/>\n<span style=\"font-family: arial, helvetica, sans-serif; font-size: 14pt;\">R\/.\u00a0<strong>Amen.<\/strong><\/span><\/p>\n<p><span style=\"font-family: arial, helvetica, sans-serif; font-size: 14pt;\">APOSTOLSKI BLAGOSLOV<\/span><br \/>\n<span style=\"font-family: arial, helvetica, sans-serif; font-size: 14pt;\"><em>Ob koncu sveti o\u010de podeli apostolski blagoslov.<\/em><\/span><\/p>\n<p><span style=\"font-family: arial, helvetica, sans-serif; font-size: 14pt;\">F.\u00a0Gospod z vami.<\/span><br \/>\n<span style=\"font-family: arial, helvetica, sans-serif; font-size: 14pt;\">\u00a0 \u00a0 \u00a0 \u00a0 \u00a0 \u00a0Vsi:\u00a0<strong>In s tvojim duhom.<\/strong><\/span><\/p>\n<p><span style=\"font-family: arial, helvetica, sans-serif; font-size: 14pt;\">F.\u00a0Naj bo slavljeno ime Gospodovo.<\/span><br \/>\n<span style=\"font-family: arial, helvetica, sans-serif; font-size: 14pt;\">\u00a0 \u00a0 \u00a0 \u00a0 \u00a0 \u00a0Vsi:\u00a0<strong>Zdaj in na veke.<\/strong><\/span><\/p>\n<p><span style=\"font-family: arial, helvetica, sans-serif; font-size: 14pt;\">F.\u00a0Na\u0161a pomo\u010d je v imenu Gospodovem.<\/span><br \/>\n<span style=\"font-family: arial, helvetica, sans-serif; font-size: 14pt;\">\u00a0 \u00a0 \u00a0 \u00a0 \u00a0 \u00a0Vsi:\u00a0<strong>Ki je ustvaril nebo in zemljo.<\/strong><\/span><\/p>\n<p><span style=\"font-family: arial, helvetica, sans-serif; font-size: 14pt;\">F.\u00a0Blagoslovi naj vas vsemogo\u010dni Bog, O\u010de + in Sin + in Sveti + Duh.<\/span><br \/>\n<span style=\"font-family: arial, helvetica, sans-serif; font-size: 14pt;\">\u00a0 \u00a0 \u00a0 \u00a0 \u00a0 \u00a0Vsi:\u00a0<strong>Amen.<\/strong><\/span><\/p>\n<p>&nbsp;<\/p>\n<p><span style=\"font-family: arial, helvetica, sans-serif; font-size: 14pt;\"><strong>Pesem<\/strong><\/span><\/p>\n<p><span style=\"font-family: arial, helvetica, sans-serif; font-size: 14pt;\">R\/.\u00a0Zvesti kri\u017e, edino ti si plemenito res drevo,<\/span><br \/>\n<span style=\"font-family: arial, helvetica, sans-serif; font-size: 14pt;\">ni les\u00e1, ki rasel, cvetel, sad poganjal bi tako.<\/span><br \/>\n<span style=\"font-family: arial, helvetica, sans-serif; font-size: 14pt;\">Sladki les, na sladkih \u017eebljih nosi\u0161 breme presladk\u00f3.<\/span><\/p>\n<p><span style=\"font-family: arial, helvetica, sans-serif; font-size: 14pt;\">1. Jezik moj, opevaj zmago, slavno in pre\u010dude\u017eno,<\/span><br \/>\n<span style=\"font-family: arial, helvetica, sans-serif; font-size: 14pt;\">zmagoslavno pesem kri\u017eu, zmage znamenju zapoj,<\/span><br \/>\n<span style=\"font-family: arial, helvetica, sans-serif; font-size: 14pt;\">in povej, kako Zveli\u010dar darovan je zmagal smrt.\u00a0R\/.<\/span><\/p>\n<p><span style=\"font-family: arial, helvetica, sans-serif; font-size: 14pt;\">2. Les visoki, nagni veje, svoja vlakna omeh\u010daj<\/span><br \/>\n<span style=\"font-family: arial, helvetica, sans-serif; font-size: 14pt;\">in naravna vsa trdota v tebi popusti naj zdaj,<\/span><br \/>\n<span style=\"font-family: arial, helvetica, sans-serif; font-size: 14pt;\">ude vzvi\u0161enega Kralja k sebi rahlo le privij.\u00a0R\/.<\/span><\/p>\n<p><span style=\"font-family: arial, helvetica, sans-serif; font-size: 14pt;\">3. Les presre\u010dni, ti edini nosi\u0161 \u017ertev za ves svet,<\/span><br \/>\n<span style=\"font-family: arial, helvetica, sans-serif; font-size: 14pt;\">ladja si, v pristan doma\u010di svet zgubljeni nosi\u0161 spet,<\/span><br \/>\n<span style=\"font-family: arial, helvetica, sans-serif; font-size: 14pt;\">ker te je oblila sveta Jagnjetova re\u0161nja kri.\u00a0R\/.<\/span><\/p>\n<p>&nbsp;<\/p>\n<p><span style=\"font-family: arial, helvetica, sans-serif; font-size: 14pt;\">Ilustracije so vzete iz<\/span><\/p>\n<p><span style=\"font-family: arial, helvetica, sans-serif; font-size: 14pt;\">\u2022\u00a0\u00a0\u00a0\u00a0\u00a0\u00a0\u00a0molitvenika s premi\u0161ljevanji o Gospodovem trpljenju (1473), vat. lat. 9206<\/span><br \/>\n<span style=\"font-family: arial, helvetica, sans-serif; font-size: 14pt;\">\u2022\u00a0\u00a0\u00a0\u00a0\u00a0\u00a0\u00a0in iz horarija (15. stol.), ott. lat. 2919<\/span><\/p>\n<p>&nbsp;<\/p>\n<p><span style=\"font-family: arial, helvetica, sans-serif; font-size: 14pt;\"><em>Prevod: br. Miran \u0160peli\u010d OFM<\/em><\/span><\/p>\n<\/div>\n","protected":false},"excerpt":{"rendered":"<p>Na Veliki petek, 15. aprila 2022, bo sveti o\u010de Fran\u010di\u0161ek ob 21.15 vodil kri\u017eev pot v rimskem Koloseju. PREMI\u0160LJEVANJA IN MOLIVE so pripravili I\u00a0\u00a0\u00a0\u00a0\u00a0\u00a0\u00a0\u00a0\u00a0\u00a0\u00a0\u00a0\u00a0\u00a0\u00a0\u00a0\u00a0\u00a0\u00a0\u00a0\u00a0\u00a0\u00a0\u00a0\u00a0\u00a0\u00a0mladoporo\u010denca II\u00a0\u00a0\u00a0\u00a0\u00a0\u00a0\u00a0\u00a0\u00a0\u00a0\u00a0\u00a0\u00a0\u00a0\u00a0\u00a0\u00a0\u00a0\u00a0\u00a0\u00a0\u00a0\u00a0\u00a0\u00a0\u00a0dru\u017eina v misijonu III\u00a0\u00a0\u00a0\u00a0\u00a0\u00a0\u00a0\u00a0\u00a0\u00a0\u00a0\u00a0\u00a0\u00a0\u00a0\u00a0\u00a0\u00a0\u00a0\u00a0\u00a0\u00a0\u00a0\u00a0starej\u0161a zakonca brez otrok IV\u00a0\u00a0\u00a0\u00a0\u00a0\u00a0\u00a0\u00a0\u00a0\u00a0\u00a0\u00a0\u00a0\u00a0\u00a0\u00a0\u00a0\u00a0\u00a0\u00a0\u00a0\u00a0\u00a0\u00a0\u0161tevil\u010dna dru\u017eina V\u00a0\u00a0\u00a0\u00a0\u00a0\u00a0\u00a0\u00a0\u00a0\u00a0\u00a0\u00a0\u00a0\u00a0\u00a0\u00a0\u00a0\u00a0\u00a0\u00a0\u00a0\u00a0\u00a0\u00a0\u00a0dru\u017eina s prizadetim otrokom VI\u00a0\u00a0\u00a0\u00a0\u00a0\u00a0\u00a0\u00a0\u00a0\u00a0\u00a0\u00a0\u00a0\u00a0\u00a0\u00a0\u00a0\u00a0\u00a0\u00a0\u00a0\u00a0\u00a0\u00a0rejni\u0161ka dru\u017eina VII\u00a0\u00a0\u00a0\u00a0\u00a0\u00a0\u00a0\u00a0\u00a0\u00a0\u00a0\u00a0\u00a0\u00a0\u00a0\u00a0\u00a0\u00a0\u00a0\u00a0\u00a0\u00a0\u00a0dru\u017eina z bolnim star\u0161em VIII\u00a0\u00a0\u00a0\u00a0\u00a0\u00a0\u00a0\u00a0\u00a0\u00a0\u00a0\u00a0\u00a0\u00a0\u00a0\u00a0\u00a0\u00a0\u00a0\u00a0\u00a0stari star\u0161i IX\u00a0\u00a0\u00a0\u00a0\u00a0\u00a0\u00a0\u00a0\u00a0\u00a0\u00a0\u00a0\u00a0\u00a0\u00a0\u00a0\u00a0\u00a0\u00a0\u00a0\u00a0\u00a0\u00a0\u00a0dru\u017eina s posvojenci X\u00a0\u00a0\u00a0\u00a0\u00a0\u00a0\u00a0\u00a0\u00a0\u00a0\u00a0\u00a0\u00a0\u00a0\u00a0\u00a0\u00a0\u00a0\u00a0\u00a0\u00a0\u00a0\u00a0\u00a0\u00a0vdova z otrokoma XI\u00a0\u00a0\u00a0\u00a0\u00a0\u00a0\u00a0\u00a0\u00a0\u00a0\u00a0\u00a0\u00a0\u00a0\u00a0\u00a0\u00a0\u00a0\u00a0\u00a0\u00a0\u00a0\u00a0\u00a0dru\u017eina s sinom duhovnikom <a class=\"read-more\" href=\"https:\/\/www.ztz.rkc.si\/index.php\/2022\/04\/15\/krizev-pot-ki-ga-vodi-sveti-oce-francisek-na-veliki-petek-gospodovega-trpljenja-v-koloseju\/\">Preberi ve\u010d<\/a><\/p>\n","protected":false},"author":2,"featured_media":1732,"comment_status":"closed","ping_status":"closed","sticky":false,"template":"","format":"standard","meta":{"footnotes":""},"categories":[1],"tags":[],"class_list":["post-1730","post","type-post","status-publish","format-standard","has-post-thumbnail","hentry","category-uncategorized"],"_links":{"self":[{"href":"https:\/\/www.ztz.rkc.si\/index.php\/wp-json\/wp\/v2\/posts\/1730","targetHints":{"allow":["GET"]}}],"collection":[{"href":"https:\/\/www.ztz.rkc.si\/index.php\/wp-json\/wp\/v2\/posts"}],"about":[{"href":"https:\/\/www.ztz.rkc.si\/index.php\/wp-json\/wp\/v2\/types\/post"}],"author":[{"embeddable":true,"href":"https:\/\/www.ztz.rkc.si\/index.php\/wp-json\/wp\/v2\/users\/2"}],"replies":[{"embeddable":true,"href":"https:\/\/www.ztz.rkc.si\/index.php\/wp-json\/wp\/v2\/comments?post=1730"}],"version-history":[{"count":1,"href":"https:\/\/www.ztz.rkc.si\/index.php\/wp-json\/wp\/v2\/posts\/1730\/revisions"}],"predecessor-version":[{"id":1731,"href":"https:\/\/www.ztz.rkc.si\/index.php\/wp-json\/wp\/v2\/posts\/1730\/revisions\/1731"}],"wp:featuredmedia":[{"embeddable":true,"href":"https:\/\/www.ztz.rkc.si\/index.php\/wp-json\/wp\/v2\/media\/1732"}],"wp:attachment":[{"href":"https:\/\/www.ztz.rkc.si\/index.php\/wp-json\/wp\/v2\/media?parent=1730"}],"wp:term":[{"taxonomy":"category","embeddable":true,"href":"https:\/\/www.ztz.rkc.si\/index.php\/wp-json\/wp\/v2\/categories?post=1730"},{"taxonomy":"post_tag","embeddable":true,"href":"https:\/\/www.ztz.rkc.si\/index.php\/wp-json\/wp\/v2\/tags?post=1730"}],"curies":[{"name":"wp","href":"https:\/\/api.w.org\/{rel}","templated":true}]}}