{"id":1709,"date":"2022-03-27T08:48:01","date_gmt":"2022-03-27T06:48:01","guid":{"rendered":"https:\/\/www.ztz.rkc.si\/?p=1709"},"modified":"2022-03-27T08:48:45","modified_gmt":"2022-03-27T06:48:45","slug":"1709","status":"publish","type":"post","link":"https:\/\/www.ztz.rkc.si\/index.php\/2022\/03\/27\/1709\/","title":{"rendered":"Dru\u017einski ro\u017eni venec ob Letu dru\u017eine"},"content":{"rendered":"<div class=\"text\">\n<p>V <em>Letu dru\u017eine Amoris Laetitia <\/em>smo dobili tudi <a href=\"https:\/\/katoliska-cerkev.si\/media\/datoteke\/2022\/Dru%C5%BEinski%20ro%C5%BEni%20venec%2C%20knji%C5%BEica.pdf\"><strong><em>Dru\u017einski ro\u017eni venec<\/em><\/strong><\/a>.\u00a0Namenjen je vsem dru\u017einam, da bi po\u017eivile molitveno \u017eivljenje, saj \u00bbdru\u017eina,\u00a0ki\u00a0moli\u00a0skupaj,\u00a0ostane skupaj\u00ab\u00a0(AL,\u00a0227). Molimo ga lahko tudi povezani z drugimi dru\u017einami.<\/p>\n<p>Ro\u017eni venec za dru\u017eino sta skrbno pripravila\u00a0<em>Pape\u017eeva svetovna mre\u017ea molitve<\/em>\u00a0in\u00a0<em>Dikasterij za laike, dru\u017eino in \u017eivljenje<\/em>.\u00a0Meditacije\u00a0so\u00a0kratke,\u00a0vzete\u00a0iz\u00a0<em>Amoris<\/em><em>\u00a0Laetitia<\/em>,\u00a0spremljajo\u00a0pa\u00a0jih\u00a0kratka\u00a0vpra\u0161anja\u00a0in\u00a0slike,\u00a0ki\u00a0vamlahko\u00a0pomagajo\u00a0pri\u00a0premi\u0161ljevanju.<\/p>\n<p>Leto dru\u017eine Amoris laetitia smo za\u010deli na praznik sv. Jo\u017eefa, 19. marca 2021, in se bo zaklju\u010dilo z 10. Svetovnim sre\u010danjem dru\u017ein od 22. do 26. junija. Glavno dogajanje s simpozijem bo potekalo v Rimu, po vseh \u0161kofijah vesoljne Katoli\u0161ke cerkve pa bodo organizirana sre\u010danja dru\u017ein s spremljevalnim programom.<\/p>\n<p>Ve\u010d obvestil o svetovnem sre\u010danju dru\u017ein bomo \u0161e naknadno objavili na teh straneh.<\/p>\n<p>Luka Mavri\u010d<\/p>\n<p><a href=\"https:\/\/katoliska-cerkev.si\/media\/datoteke\/2022\/Dru%C5%BEinski%20ro%C5%BEni%20venec%2C%20knji%C5%BEica(1).pdf\">Knji\u017eica A4<\/a><\/p>\n<p><a href=\"https:\/\/katoliska-cerkev.si\/media\/datoteke\/2022\/Dru%C5%BEinski%20ro%C5%BEni%20venec%2C%20knji%C5%BEica-za%20tisk.pdf\">Knji\u017eica za tisk<\/a><\/p>\n<\/div>\n","protected":false},"excerpt":{"rendered":"<p>V Letu dru\u017eine Amoris Laetitia smo dobili tudi Dru\u017einski ro\u017eni venec.\u00a0Namenjen je vsem dru\u017einam, da bi po\u017eivile molitveno \u017eivljenje, saj \u00bbdru\u017eina,\u00a0ki\u00a0moli\u00a0skupaj,\u00a0ostane skupaj\u00ab\u00a0(AL,\u00a0227). Molimo ga lahko tudi povezani z drugimi dru\u017einami. Ro\u017eni venec za dru\u017eino sta skrbno pripravila\u00a0Pape\u017eeva svetovna mre\u017ea molitve\u00a0in\u00a0Dikasterij za laike, dru\u017eino in \u017eivljenje.\u00a0Meditacije\u00a0so\u00a0kratke,\u00a0vzete\u00a0iz\u00a0Amoris\u00a0Laetitia,\u00a0spremljajo\u00a0pa\u00a0jih\u00a0kratka\u00a0vpra\u0161anja\u00a0in\u00a0slike,\u00a0ki\u00a0vamlahko\u00a0pomagajo\u00a0pri\u00a0premi\u0161ljevanju. Leto dru\u017eine Amoris laetitia smo za\u010deli na praznik sv. Jo\u017eefa, <a class=\"read-more\" href=\"https:\/\/www.ztz.rkc.si\/index.php\/2022\/03\/27\/1709\/\">Preberi ve\u010d<\/a><\/p>\n","protected":false},"author":2,"featured_media":1710,"comment_status":"closed","ping_status":"closed","sticky":false,"template":"","format":"standard","meta":{"footnotes":""},"categories":[1],"tags":[],"class_list":["post-1709","post","type-post","status-publish","format-standard","has-post-thumbnail","hentry","category-uncategorized"],"_links":{"self":[{"href":"https:\/\/www.ztz.rkc.si\/index.php\/wp-json\/wp\/v2\/posts\/1709","targetHints":{"allow":["GET"]}}],"collection":[{"href":"https:\/\/www.ztz.rkc.si\/index.php\/wp-json\/wp\/v2\/posts"}],"about":[{"href":"https:\/\/www.ztz.rkc.si\/index.php\/wp-json\/wp\/v2\/types\/post"}],"author":[{"embeddable":true,"href":"https:\/\/www.ztz.rkc.si\/index.php\/wp-json\/wp\/v2\/users\/2"}],"replies":[{"embeddable":true,"href":"https:\/\/www.ztz.rkc.si\/index.php\/wp-json\/wp\/v2\/comments?post=1709"}],"version-history":[{"count":2,"href":"https:\/\/www.ztz.rkc.si\/index.php\/wp-json\/wp\/v2\/posts\/1709\/revisions"}],"predecessor-version":[{"id":1712,"href":"https:\/\/www.ztz.rkc.si\/index.php\/wp-json\/wp\/v2\/posts\/1709\/revisions\/1712"}],"wp:featuredmedia":[{"embeddable":true,"href":"https:\/\/www.ztz.rkc.si\/index.php\/wp-json\/wp\/v2\/media\/1710"}],"wp:attachment":[{"href":"https:\/\/www.ztz.rkc.si\/index.php\/wp-json\/wp\/v2\/media?parent=1709"}],"wp:term":[{"taxonomy":"category","embeddable":true,"href":"https:\/\/www.ztz.rkc.si\/index.php\/wp-json\/wp\/v2\/categories?post=1709"},{"taxonomy":"post_tag","embeddable":true,"href":"https:\/\/www.ztz.rkc.si\/index.php\/wp-json\/wp\/v2\/tags?post=1709"}],"curies":[{"name":"wp","href":"https:\/\/api.w.org\/{rel}","templated":true}]}}