{"id":1702,"date":"2022-03-20T09:27:32","date_gmt":"2022-03-20T07:27:32","guid":{"rendered":"https:\/\/www.ztz.rkc.si\/?p=1702"},"modified":"2022-03-20T09:27:32","modified_gmt":"2022-03-20T07:27:32","slug":"teden-druzine-2022","status":"publish","type":"post","link":"https:\/\/www.ztz.rkc.si\/index.php\/2022\/03\/20\/teden-druzine-2022\/","title":{"rendered":"Teden dru\u017eine 2022"},"content":{"rendered":"<div class=\"text\">\n<p><span style=\"font-family: arial, helvetica, sans-serif; font-size: 14pt;\">Med\u00a0<strong>19. in 25. marcem<\/strong>\u00a0tradicionalno obhajamo Teden dru\u017eine. Lani smo z 19. marcem, na praznik sv. Jo\u017eefa, vstopili v Leto dru\u017eine, ki se bo zaklju\u010dilo letos junija z 10. svetovnim sre\u010danjem dru\u017ein (SSD) v Rimu. Teden dru\u017eine je zato letos pod istim geslom kot 10. SSD\u00a0<strong><em>Dru\u017einska ljubezen: poklicanost in pot k svetosti.<\/em>\u00a0<\/strong>V tem kontekstu bomo uporabljali tudi logo, simbole in himno 10. SSD.\u00a0<\/span><\/p>\n<p><span style=\"font-family: arial, helvetica, sans-serif; font-size: 14pt;\"><strong>Od 19. do 25. marca 2022 bomo lahko vsak dan od 20.00 do 20.20<\/strong>\u00a0ure\u00a0<strong>preko spleta<\/strong>\u00a0prisluhnili dru\u017einam iz vseh slovenskih \u0161kofij in ve\u010djim dru\u017einskim organizacijam, ki delujejo v Katoli\u0161ki cerkvi v Sloveniji ter dru\u017einam, ki \u017eivijo v tujini. Vse dru\u017eine so povabljene, da se pridru\u017eijo preko spleta (na zoom-u) in prisluhnejo njihovim pri\u010devanjem, kako dajejo prostor Bogu v svojem vsakdanjem \u017eivljenju. Skupaj se pove\u017eimo v petju in molitvi ro\u017enega venca. Vsak dan bo \u0161kof posamezne \u0161kofije molil naprej desetko ro\u017enega venca, dru\u017eine pa bodo v to molitev vklju\u010dile konkretne pro\u0161nje. Na koncu bo \u0161kof dru\u017einam podelil svoj blagoslov.<\/span><\/p>\n<hr \/>\n<h3><span style=\"font-family: arial, helvetica, sans-serif; font-size: 14pt;\"><a href=\"https:\/\/katoliska-cerkev.si\/oznaka\/leto-druzine\">Gradivo ob Letu dru\u017eine<\/a><\/span><\/h3>\n<hr \/>\n<p><span style=\"font-family: arial, helvetica, sans-serif; font-size: 14pt;\">Prenos bo mogo\u010de spremljati preko\u00a0<strong>Zoom-a<\/strong>,\u00a0<strong>YouTube<\/strong>\u00a0kanala in\u00a0<strong>Facebook<\/strong>\u00a0strani. Povezave so objavljene tukaj:<\/span><\/p>\n<ul>\n<li><span style=\"font-family: arial, helvetica, sans-serif; font-size: 14pt;\"><a href=\"https:\/\/zoom.us\/j\/96097073697?pwd=TnpkMUlYeWhWcXlzcWlMV1hyZkFadz09\">ZOOM<\/a><\/span><\/li>\n<li><span style=\"font-family: arial, helvetica, sans-serif; font-size: 14pt;\"><a href=\"https:\/\/youtu.be\/Ua8v-a9h640\">YouTube<\/a><\/span><\/li>\n<li><span style=\"font-family: arial, helvetica, sans-serif; font-size: 14pt;\"><a href=\"https:\/\/www.facebook.com\/skofovskakonferenca\/\">Facebook<\/a><\/span><\/li>\n<\/ul>\n<p><span style=\"font-family: arial, helvetica, sans-serif; font-size: 14pt;\">Povezave bodo objavljene tudi na spletnih straneh posameznih \u0161kofij in na portalu\u00a0<em>Pridi in poglej<\/em>.\u00a0<\/span><\/p>\n<p><span style=\"font-family: arial, helvetica, sans-serif; font-size: 14pt;\">Mag. Luka Mavri\u010d<\/span><br \/>\n<span style=\"font-family: arial, helvetica, sans-serif; font-size: 14pt;\">Urad za dru\u017eino S\u0160K<\/span><\/p>\n<p><span style=\"font-family: arial, helvetica, sans-serif; font-size: 14pt;\"><a href=\"https:\/\/katoliska-cerkev.si\/media\/datoteke\/2022\/teden-druzine-22.pdf\">PLAKAT<\/a><\/span><\/p>\n<hr \/>\n<h3><span style=\"font-family: arial, helvetica, sans-serif; font-size: 14pt;\">Kateheze v Letu dru\u017eine (VIDEO)<\/span><\/h3>\n<h3><span style=\"font-family: arial, helvetica, sans-serif; font-size: 14pt;\"><a href=\"https:\/\/katoliska-cerkev.si\/prva-kateheza-hodimo-skupaj\">Prva kateheza v Letu dru\u017eine \u2013 Hodimo skupaj<\/a><\/span><\/h3>\n<h3><span style=\"font-family: arial, helvetica, sans-serif; font-size: 14pt;\"><a href=\"https:\/\/katoliska-cerkev.si\/2-kateheza-druzina-v-luci-bozje-besede\">Druga kateheza v Letu dru\u017eine \u2013 Dru\u017eina v lu\u010di Bo\u017eje besede<\/a><\/span><\/h3>\n<h3><span style=\"font-family: arial, helvetica, sans-serif; font-size: 14pt;\"><a href=\"https:\/\/katoliska-cerkev.si\/tretja-kateheza-v-letu-druzine-poklicanost-druzine\">Tretja kateheza v Letu dru\u017eine \u2013 Poklicanost dru\u017eine<\/a><\/span><\/h3>\n<h3><span style=\"font-family: arial, helvetica, sans-serif; font-size: 14pt;\"><a href=\"https:\/\/katoliska-cerkev.si\/cetrta-kateheza-v-letu-druzine-ljubezen-v-zakonu\">\u010cetrta kateheza v Letu dru\u017eine \u2013 Ljubezen v zakonu<\/a><\/span><\/h3>\n<h3><span style=\"font-family: arial, helvetica, sans-serif; font-size: 14pt;\"><a href=\"https:\/\/katoliska-cerkev.si\/peta-kateheza-v-letu-druzine-lepota-ljubezni-za-vedno\">Peta kateheza v Letu dru\u017eine \u2013 Lepota ljubezni \u00bbza vedno\u00ab<\/a><\/span><\/h3>\n<h3><span style=\"font-family: arial, helvetica, sans-serif; font-size: 14pt;\"><a href=\"https:\/\/katoliska-cerkev.si\/sesta-kateheza-v-letu-druzine-rodovitna-ljubezen\">\u0160esta kateheza v Letu dru\u017eine \u2013 Rodovitna ljubezen<\/a><\/span><\/h3>\n<h3><span style=\"font-family: arial, helvetica, sans-serif; font-size: 14pt;\"><a href=\"https:\/\/katoliska-cerkev.si\/sedma-kateheza-v-letu-druzine-poklicani-v-cerkveno-poslanstvo\">Sedma kateheza v Letu dru\u017eine \u2013 Poklicani v cerkveno poslanstvo<\/a><\/span><\/h3>\n<h3><span style=\"font-family: arial, helvetica, sans-serif; font-size: 14pt;\"><a href=\"https:\/\/katoliska-cerkev.si\/osma-kateheza-v-letu-druzine-vzgoja-otrok\">Osma kateheza v Letu dru\u017eine \u2013 Vzgoja otrok<\/a><\/span><\/h3>\n<h3><span style=\"font-family: arial, helvetica, sans-serif; font-size: 14pt;\"><a href=\"https:\/\/katoliska-cerkev.si\/deveta-kateheza-v-letu-druzine-spremljanje-krhkosti\">Deveta kateheza v Letu dru\u017eine \u2013 Spremljanje krhkosti<\/a><\/span><\/h3>\n<h3><span style=\"font-family: arial, helvetica, sans-serif; font-size: 14pt;\"><a href=\"https:\/\/katoliska-cerkev.si\/deseta-kateheza-v-letu-druzine-duhovnost-v-zakonu-in-druzini\">Deseta kateheza v Letu dru\u017eine \u2013 Duhovnost v zakonu in dru\u017eini<\/a><\/span><\/h3>\n<\/div>\n","protected":false},"excerpt":{"rendered":"<p>Med\u00a019. in 25. marcem\u00a0tradicionalno obhajamo Teden dru\u017eine. Lani smo z 19. marcem, na praznik sv. Jo\u017eefa, vstopili v Leto dru\u017eine, ki se bo zaklju\u010dilo letos junija z 10. svetovnim sre\u010danjem dru\u017ein (SSD) v Rimu. Teden dru\u017eine je zato letos pod istim geslom kot 10. SSD\u00a0Dru\u017einska ljubezen: poklicanost in pot k svetosti.\u00a0V tem kontekstu bomo uporabljali <a class=\"read-more\" href=\"https:\/\/www.ztz.rkc.si\/index.php\/2022\/03\/20\/teden-druzine-2022\/\">Preberi ve\u010d<\/a><\/p>\n","protected":false},"author":2,"featured_media":1703,"comment_status":"closed","ping_status":"closed","sticky":false,"template":"","format":"standard","meta":{"footnotes":""},"categories":[1],"tags":[],"class_list":["post-1702","post","type-post","status-publish","format-standard","has-post-thumbnail","hentry","category-uncategorized"],"_links":{"self":[{"href":"https:\/\/www.ztz.rkc.si\/index.php\/wp-json\/wp\/v2\/posts\/1702","targetHints":{"allow":["GET"]}}],"collection":[{"href":"https:\/\/www.ztz.rkc.si\/index.php\/wp-json\/wp\/v2\/posts"}],"about":[{"href":"https:\/\/www.ztz.rkc.si\/index.php\/wp-json\/wp\/v2\/types\/post"}],"author":[{"embeddable":true,"href":"https:\/\/www.ztz.rkc.si\/index.php\/wp-json\/wp\/v2\/users\/2"}],"replies":[{"embeddable":true,"href":"https:\/\/www.ztz.rkc.si\/index.php\/wp-json\/wp\/v2\/comments?post=1702"}],"version-history":[{"count":1,"href":"https:\/\/www.ztz.rkc.si\/index.php\/wp-json\/wp\/v2\/posts\/1702\/revisions"}],"predecessor-version":[{"id":1704,"href":"https:\/\/www.ztz.rkc.si\/index.php\/wp-json\/wp\/v2\/posts\/1702\/revisions\/1704"}],"wp:featuredmedia":[{"embeddable":true,"href":"https:\/\/www.ztz.rkc.si\/index.php\/wp-json\/wp\/v2\/media\/1703"}],"wp:attachment":[{"href":"https:\/\/www.ztz.rkc.si\/index.php\/wp-json\/wp\/v2\/media?parent=1702"}],"wp:term":[{"taxonomy":"category","embeddable":true,"href":"https:\/\/www.ztz.rkc.si\/index.php\/wp-json\/wp\/v2\/categories?post=1702"},{"taxonomy":"post_tag","embeddable":true,"href":"https:\/\/www.ztz.rkc.si\/index.php\/wp-json\/wp\/v2\/tags?post=1702"}],"curies":[{"name":"wp","href":"https:\/\/api.w.org\/{rel}","templated":true}]}}