{"id":1678,"date":"2022-02-27T12:26:30","date_gmt":"2022-02-27T10:26:30","guid":{"rendered":"https:\/\/www.ztz.rkc.si\/?p=1678"},"modified":"2022-02-27T12:26:30","modified_gmt":"2022-02-27T10:26:30","slug":"sporocilo-svetega-oceta-za-post-2022-ii-del","status":"publish","type":"post","link":"https:\/\/www.ztz.rkc.si\/index.php\/2022\/02\/27\/sporocilo-svetega-oceta-za-post-2022-ii-del\/","title":{"rendered":"Sporo\u010dilo svetega o\u010deta za post 2022 \u2013 II. del"},"content":{"rendered":"<p>&nbsp;<\/p>\n<h3 align=\"center\"><span style=\"font-size: 14pt;\"><strong>II. del<br \/>\n8. NEDELJA MED LETOM, 27. FEBRUARJA 2022<\/strong><\/span><\/h3>\n<p><span style=\"font-size: 14pt;\"><strong>2. \u00bbNE NAVELI\u010cAJMO SE, KO DELAMO DOBRO\u00ab <\/strong><\/span><br \/>\n<span style=\"font-size: 14pt;\">Kristusovo vstajenje o\u017eivlja zemeljske upe z \u00bbvelikim upanjem\u00ab na ve\u010dno \u017eivljenje in vna\u0161a seme odre\u0161enja \u017ee v sedanji \u010das (prim. Benedikt XVI., okro\u017enica\u00a0<em>Re\u0161eni v upanju<\/em>, 3; 7). Ob bridkem razo\u010daranju zaradi tolikih poru\u0161enih sanj, ob zaskrbljenosti zaradi izzivov, ki grozijo, ob malodu\u0161ju zaradi rev\u0161\u010dine na\u0161ih sredstev smo v sku\u0161njavi, da bi se zaprli v svoj individualisti\u010dni egoizem in se zatekli v brezbri\u017enost do trpljenja drugih. Dejansko so tudi najbolj\u0161i viri omejeni: \u00bbMladeni\u010di omagujejo in pe\u0161ajo, mladci se spotikajo in padajo\u00ab (<em>Iz<\/em>\u00a040,30). Toda Bog \u00bbOmagujo\u010demu daje mo\u010d, onemoglemu pove\u010duje vzdr\u017eljivost. [\u2026]\u00a0tisti pa, ki zaupajo v Gospoda, obnavljajo svojo mo\u010d, vzdigujejo trup kakor orli, tekajo, pa ne ope\u0161ajo, hodijo, pa ne omagajo\u00ab (<em>Iz<\/em>\u00a040,29.31). Postni \u010das nas kli\u010de, naj svojo vero in upanje polo\u017eimo v Gospoda (prim.\u00a0<em>1 Pt\u00a0<\/em>1,21), saj lahko samo s pogledom, uprtim v vstalega Jezusa Kristusa (prim.\u00a0<em>Heb<\/em>\u00a012,2) mogli sprejeti apostolovo spodbudo: \u00bbNe naveli\u010dajmo se, ko delamo dobro\u00ab (<em>Gal<\/em>\u00a06,9).<\/span><\/p>\n<p><span style=\"font-size: 14pt;\"><em>Ne naveli\u010dajmo se moliti<\/em>. Jezus je u\u010dil, da je treba \u00bbvedno moliti in se ne naveli\u010dati\u00ab (<em>Lk<\/em>\u00a018,1). Moliti moramo, ker potrebujemo Boga. Nevarna utvara je, da zado\u0161\u010damo sami sebi. \u010ce smo v pandemiji neposredno spoznali svojo osebno in dru\u017ebeno krhkost, naj nam ta post omogo\u010di, da bomo do\u017eiveli tola\u017ebo vere v Boga, brez katere ne moremo imeti trdnosti (prim.\u00a0<em>Iz<\/em>\u00a07,9). Nih\u010de se ne re\u0161i sam, ker smo vsi v istem \u010dolnu sredi viharjev zgodovine;<a title=\"\" href=\"applewebdata:\/\/AFA5DF82-0CBC-426D-B48A-F2D96045D8AD#_ftn1\" name=\"_ftnref1\">[1]<\/a>\u00a0predvsem pa se nih\u010de ne re\u0161i brez Boga, saj samo velikono\u010dna skrivnost Jezusa Kristusa daje zmago nad temnimi vodami smrti. Vera nas ne oprosti \u017eivljenjskih stisk, nam pa omogo\u010di, da gremo preko njih zdru\u017eeni z Bogom v Kristusu v velikem upanju, ki ne razo\u010dara in katerega poro\u0161tvo je ljubezen, ki jo je Bog izlil v na\u0161a srca po Svetem Duhu (prim.\u00a0<em>Rim<\/em>\u00a05,1-5).<\/span><\/p>\n<p><span style=\"font-size: 14pt;\"><em>Ne naveli\u010dajmo se ruvati zla iz svojega \u017eivljenja<\/em>. Telesni post, h kateremu nas kli\u010de post, naj okrepi na\u0161ega duha za boj proti grehu.\u00a0<em>Ne naveli\u010dajmo se prositi za odpu\u0161\u010danje v zakramentu pokore in sprave<\/em>, saj vemo, da se Bog nikoli ne naveli\u010da odpu\u0161\u010dati.<a title=\"\" href=\"applewebdata:\/\/AFA5DF82-0CBC-426D-B48A-F2D96045D8AD#_ftn2\" name=\"_ftnref2\">[2]<\/a>\u00a0<em>Ne naveli\u010dajmo se boriti proti po\u017eelenju<\/em>, proti tisti slabosti, ki sili k sebi\u010dnosti in k vsakemu zlu, in je v teku stoletij na\u0161la razli\u010dne poti, po katerih je \u010dloveka pahnila v greh (prim.\u00a0<em>Vsi smo bratje<\/em>, 166). Ena od teh poti je nevarnost zasvojenosti od digitalnih\u00a0<em>medijev<\/em>, ki osiroma\u0161i \u010dlove\u0161ke odnose. Post je ugoden \u010das, da se upremo tem pastem in namesto tega gojimo celovitej\u0161o \u010dlove\u0161ko komunikacijo (prim. prav tam, 43), ki jo sestavljajo \u00bbresni\u010dna sre\u010danja\u00ab (prav tam, 50), iz o\u010di v o\u010di.<\/span><\/p>\n<p><span style=\"font-size: 14pt;\"><em>Ne naveli\u010dajmo se delati dobro v dejavni ljubezni do bli\u017enjega<\/em>. V tem postu delimo milo\u0161\u010dino z veseljem (prim.\u00a0<em>2 Kor<\/em>\u00a09,7). Bog, \u00bbki sejalcu\u00a0priskrbi\u00a0seme in kruh za \u017eive\u017e\u00ab (<em>2 Kor<\/em>\u00a09,10), poskrbi za vsakega izmed nas ne le, da bi imeli hrano, ampak tudi da bi mogli biti velikodu\u0161ni v dobrih delih do drugih. \u010ce je res, da je vse na\u0161e \u017eivljenje \u010das za sejanje dobrega, na poseben na\u010din izkoristimo ta postni \u010das, da bomo poskrbeli za tiste, ki so nam blizu, da se pribli\u017eamo tistim bratom in sestram, ki so ranjeni na poti \u017eivljenja (Prim.\u00a0<em>Lk<\/em>\u00a025-37). Post je ugoden \u010das za iskanje in ne za izogibanje tistim, ki potrebujejo pomo\u010d; da pokli\u010demo in ne da se ne menimo za tiste, ki si \u017eelijo lepo besedo in da jih nekdo poslu\u0161a; da obiskujemo in ne da zapu\u0161\u010damo tiste, ki trpi v osamljenosti. Uresni\u010dujmo poziv k delanju dobrega vsem, vzemimo si \u010das za ljubezen do najmanj\u0161ih in neza\u0161\u010ditenih, do zapu\u0161\u010denih in prezrtih, do diskriminiranih in odrinjenih (prim. okro\u017enica\u00a0<em>Vsi smo bratje<\/em>, 193).<\/span><\/p>\n<p><span style=\"font-size: 14pt;\"><strong>3. \u00bb\u010cE SE NE UTRTUDIMO, BOMO OB SVOJEM \u010cASU \u017dELI\u00ab\u00a0<\/strong><\/span><br \/>\n<span style=\"font-size: 14pt;\">Post nas spominja, da \u00bbblaginje, pa tudi ljubezni, pravi\u010dnosti in vzajemnosti ne dose\u017eemo enkrat za vselej; zanje se moramo boriti iz dneva v dan\u00ab (prav tam, 11). Prosimo torej Boga za potrpe\u017eljivo stanovitnost poljedelca (prim.\u00a0<em>Jak<\/em>\u00a05,7), da se ne bomo utrudili pri delanju dobrega, korak za korakom. Kdor pade, naj stegne roko k O\u010detu, ki nas vedno dvigne. Kdor je izgubljen, prevaran od zapeljevanja hudobca, naj ne odla\u0161a z vrnitvijo k Njemu, \u00bbki je velik v odpu\u0161\u010danju\u00ab (<em>Iz<\/em>\u00a055,7). V tem \u010dasu spreobrnjenja, v katerem najdemo oporo v Bo\u017eji milosti in v ob\u010destvu Cerkve, se ne naveli\u010dajmo sejati dobro. Post pripravlja tla, molitev namaka, ljubezen daje rodovitnost. V veri imamo zagotovilo, da \u00bb\u010de se ne utrdimo, bomo ob svojem \u010dasu \u017eeli\u00ab in da bomo z darom vztrajnosti dosegli obljubljene darove (prim. Heb 10,36) za odre\u0161enje sebe in drugih (prim.\u00a0<em>1 Tim<\/em>\u00a04,16). Ko \u017eivimo bratsko ljubezen do vseh, smo zdru\u017eeni s Kristusom, ki je dal svoje \u017eivljenje za nas (prim.\u00a0<em>2 Kor<\/em>\u00a05,14-15), in vnaprej oku\u0161amo veselje nebe\u0161kega kraljestva, ko bo Bog \u00bbvse v vsem\u00ab (<em>1 Kor<\/em>\u00a015,28).<\/span><\/p>\n<p><span style=\"font-size: 14pt;\">Naj nam Devica Marija, iz katerega naro\u010dja je vzbrstel Odre\u0161enik in ki je \u00bbvse shranila in premi\u0161ljevala v svojem srcu\u00ab (<em>Lk<\/em>\u00a02,19), pridobi dar potrpe\u017eljivosti in naj nam bo blizu s svojo materinsko prisotnostjo, da bo ta \u010das spreobrnjenja obrodil sadove ve\u010dnega odre\u0161enja.<\/span><\/p>\n<div>\n<p><span style=\"font-size: 14pt;\">Rim, Sv. Janez v Lateranu, 11. novembra 2021, god sv. Martina, \u0161kofa.<\/span><\/p>\n<\/div>\n<p>&nbsp;<\/p>\n<p><span style=\"font-size: 14pt;\">Fran\u010di\u0161ek<\/span><\/p>\n","protected":false},"excerpt":{"rendered":"<p>&nbsp; II. del 8. NEDELJA MED LETOM, 27. FEBRUARJA 2022 2. \u00bbNE NAVELI\u010cAJMO SE, KO DELAMO DOBRO\u00ab Kristusovo vstajenje o\u017eivlja zemeljske upe z \u00bbvelikim upanjem\u00ab na ve\u010dno \u017eivljenje in vna\u0161a seme odre\u0161enja \u017ee v sedanji \u010das (prim. Benedikt XVI., okro\u017enica\u00a0Re\u0161eni v upanju, 3; 7). Ob bridkem razo\u010daranju zaradi tolikih poru\u0161enih sanj, ob zaskrbljenosti zaradi izzivov, <a class=\"read-more\" href=\"https:\/\/www.ztz.rkc.si\/index.php\/2022\/02\/27\/sporocilo-svetega-oceta-za-post-2022-ii-del\/\">Preberi ve\u010d<\/a><\/p>\n","protected":false},"author":2,"featured_media":1435,"comment_status":"closed","ping_status":"closed","sticky":false,"template":"","format":"standard","meta":{"footnotes":""},"categories":[1],"tags":[],"class_list":["post-1678","post","type-post","status-publish","format-standard","has-post-thumbnail","hentry","category-uncategorized"],"_links":{"self":[{"href":"https:\/\/www.ztz.rkc.si\/index.php\/wp-json\/wp\/v2\/posts\/1678","targetHints":{"allow":["GET"]}}],"collection":[{"href":"https:\/\/www.ztz.rkc.si\/index.php\/wp-json\/wp\/v2\/posts"}],"about":[{"href":"https:\/\/www.ztz.rkc.si\/index.php\/wp-json\/wp\/v2\/types\/post"}],"author":[{"embeddable":true,"href":"https:\/\/www.ztz.rkc.si\/index.php\/wp-json\/wp\/v2\/users\/2"}],"replies":[{"embeddable":true,"href":"https:\/\/www.ztz.rkc.si\/index.php\/wp-json\/wp\/v2\/comments?post=1678"}],"version-history":[{"count":1,"href":"https:\/\/www.ztz.rkc.si\/index.php\/wp-json\/wp\/v2\/posts\/1678\/revisions"}],"predecessor-version":[{"id":1679,"href":"https:\/\/www.ztz.rkc.si\/index.php\/wp-json\/wp\/v2\/posts\/1678\/revisions\/1679"}],"wp:featuredmedia":[{"embeddable":true,"href":"https:\/\/www.ztz.rkc.si\/index.php\/wp-json\/wp\/v2\/media\/1435"}],"wp:attachment":[{"href":"https:\/\/www.ztz.rkc.si\/index.php\/wp-json\/wp\/v2\/media?parent=1678"}],"wp:term":[{"taxonomy":"category","embeddable":true,"href":"https:\/\/www.ztz.rkc.si\/index.php\/wp-json\/wp\/v2\/categories?post=1678"},{"taxonomy":"post_tag","embeddable":true,"href":"https:\/\/www.ztz.rkc.si\/index.php\/wp-json\/wp\/v2\/tags?post=1678"}],"curies":[{"name":"wp","href":"https:\/\/api.w.org\/{rel}","templated":true}]}}