{"id":1645,"date":"2022-01-23T09:22:57","date_gmt":"2022-01-23T07:22:57","guid":{"rendered":"https:\/\/www.ztz.rkc.si\/?p=1645"},"modified":"2022-01-23T09:22:57","modified_gmt":"2022-01-23T07:22:57","slug":"deseta-kateheza-v-letu-druzine-duhovnost-v-zakonu-in-druzini","status":"publish","type":"post","link":"https:\/\/www.ztz.rkc.si\/index.php\/2022\/01\/23\/deseta-kateheza-v-letu-druzine-duhovnost-v-zakonu-in-druzini\/","title":{"rendered":"Deseta kateheza v Letu dru\u017eine \u2013 Duhovnost v zakonu in dru\u017eini"},"content":{"rendered":"<div class=\"text\">\n<p><span style=\"font-family: arial, helvetica, sans-serif; font-size: 14pt;\">Pred nami je \u0161e zadnja od desetih katehez in spremljajo\u010dih videov, ki jih je v tem Letu dru\u017eine pripravil Dikasterij za laike, dru\u017eino in \u017eivljenje. Duhovnost v dru\u017eini si \u0161e vedno preve\u010dkrat predstavljamo kot nekaj abstraktnega. Pape\u017e Fran\u010di\u0161ek pa pravi, da se \u00bbduhovnost odra\u017ea v konkretnih dejanjih ljubezni, v katerih je Jezus konkretno navzo\u010d.\u00ab<\/span><\/p>\n<p><span style=\"font-family: arial, helvetica, sans-serif; font-size: 14pt;\">Kateheza vklju\u010duje naslednje teme:<\/span><\/p>\n<ul>\n<li><span style=\"font-family: arial, helvetica, sans-serif; font-size: 14pt;\">Jezus \u017eivi v dru\u017eini<\/span><\/li>\n<li><span style=\"font-family: arial, helvetica, sans-serif; font-size: 14pt;\">Poklicani k oznanjevanju<\/span><\/li>\n<li><span style=\"font-family: arial, helvetica, sans-serif; font-size: 14pt;\">Hodimo skupaj kot dru\u017eina. Hodimo naprej po poti!<\/span><\/li>\n<li><span style=\"font-family: arial, helvetica, sans-serif; font-size: 14pt;\">Graditi doma\u010do Cerkev<\/span><\/li>\n<\/ul>\n<h3><span style=\"font-family: arial, helvetica, sans-serif; font-size: 14pt;\"><a href=\"https:\/\/katoliska-cerkev.si\/media\/datoteke\/2022\/kateheza10-slo.pdf\"><em>10. kateheza<\/em><\/a><\/span><\/h3>\n<p><span style=\"font-family: arial, helvetica, sans-serif; font-size: 14pt;\"><em>Vabilo k branju spodbude Radost ljubezni<\/em><em>\u00a0\u0161t. 313-325 \u2013\u00a0<\/em>Duhovnost zakona in dru\u017eine\u00a0(povezava)<\/span><\/p>\n<p><span style=\"font-family: arial, helvetica, sans-serif; font-size: 14pt;\">Pri\u010dujo\u010de kateheze so nastajale kot priprava na 10. svetovno sre\u010danje dru\u017ein, ki bo potekalo v Rimu od 22. do 26. junija 2022 z naslovom: \u00bbDru\u017einska ljubezen: poklicanost in pot svetosti\u00ab. Pape\u017eeva \u017eelja je, da bi v \u010dasu tega sre\u010danja po vsem svetu tudi na lokalni ravni potekala sre\u010danja dru\u017ein. Kako bomo svetovno sre\u010danje dru\u017ein junija obhajali v Cerkvi na Slovenskem, bomo \u0161e objavili v naslednjih prispevkih.<\/span><\/p>\n<p><span style=\"font-family: arial, helvetica, sans-serif; font-size: 14pt;\"><strong>Molitev za X. svetovno sre\u010danje dru\u017ein\u00a0<\/strong><\/span><br \/>\n<span style=\"font-family: arial, helvetica, sans-serif; font-size: 14pt;\"><strong>RIM, 22. \u2013 26. junija 2022<\/strong><\/span><\/p>\n<p><span style=\"font-family: arial, helvetica, sans-serif; font-size: 14pt;\">Nebe\u0161ki O\u010de,<\/span><br \/>\n<span style=\"font-family: arial, helvetica, sans-serif; font-size: 14pt;\">predte prihajamo, da bi te slavili<\/span><br \/>\n<span style=\"font-family: arial, helvetica, sans-serif; font-size: 14pt;\">in se ti zahvaljevali za veliki dar dru\u017eine.\u00a0<\/span><\/p>\n<p><span style=\"font-family: arial, helvetica, sans-serif; font-size: 14pt;\">Prosimo te za vse dru\u017eine, posve\u010dene z zakramentom zakona.<\/span><br \/>\n<span style=\"font-family: arial, helvetica, sans-serif; font-size: 14pt;\">Naj vsak dan znova odkrivajo prejete milosti,<\/span><br \/>\n<span style=\"font-family: arial, helvetica, sans-serif; font-size: 14pt;\">in naj kot majhne doma\u010de cerkve<\/span><br \/>\n<span style=\"font-family: arial, helvetica, sans-serif; font-size: 14pt;\">spoznajo, kako biti pri\u010de Tvoje navzo\u010dnosti<\/span><br \/>\n<span style=\"font-family: arial, helvetica, sans-serif; font-size: 14pt;\">in ljubezni, s katero Kristus ljubi Cerkev.\u00a0<\/span><\/p>\n<p><span style=\"font-family: arial, helvetica, sans-serif; font-size: 14pt;\">Prosimo Te za vse dru\u017eine, ki jih pestijo te\u017eave in trpljenje,<\/span><br \/>\n<span style=\"font-family: arial, helvetica, sans-serif; font-size: 14pt;\">ki jih povzro\u010dajo bolezen ali okoli\u0161\u010dine, ki jih pozna\u0161 le Ti.<\/span><br \/>\n<span style=\"font-family: arial, helvetica, sans-serif; font-size: 14pt;\">Vlivaj jim mo\u010di in jih vodi<\/span><br \/>\n<span style=\"font-family: arial, helvetica, sans-serif; font-size: 14pt;\">po poti svetosti, na katero jih kli\u010de\u0161,<\/span><br \/>\n<span style=\"font-family: arial, helvetica, sans-serif; font-size: 14pt;\">da bodo lahko dele\u017ene tvojega neskon\u010dnega usmiljenja<\/span><br \/>\n<span style=\"font-family: arial, helvetica, sans-serif; font-size: 14pt;\">in bodo na\u0161le nove na\u010dine za rast v ljubezni.<\/span><\/p>\n<p><span style=\"font-family: arial, helvetica, sans-serif; font-size: 14pt;\">Prosimo Te za otroke in mlade.<\/span><br \/>\n<span style=\"font-family: arial, helvetica, sans-serif; font-size: 14pt;\">Naj Te spoznajo in z veseljem sprejmejo poklicanost,<\/span><br \/>\n<span style=\"font-family: arial, helvetica, sans-serif; font-size: 14pt;\">ki si jim jo namenil.<\/span><br \/>\n<span style=\"font-family: arial, helvetica, sans-serif; font-size: 14pt;\">Prosimo za njihove star\u0161e in stare star\u0161e.<\/span><br \/>\n<span style=\"font-family: arial, helvetica, sans-serif; font-size: 14pt;\">Naj se zavedajo, da so znamenja bo\u017ejega o\u010detovstva in materinstva<\/span><br \/>\n<span style=\"font-family: arial, helvetica, sans-serif; font-size: 14pt;\">v skrbi za svoje otroke, ki jim jih zaupa\u0161 v telesu in duhu<\/span><br \/>\n<span style=\"font-family: arial, helvetica, sans-serif; font-size: 14pt;\">in tudi v izku\u0161nji bratstva,<\/span><br \/>\n<span style=\"font-family: arial, helvetica, sans-serif; font-size: 14pt;\">ki jo dru\u017eina lahko da svetu.\u00a0<\/span><\/p>\n<p><span style=\"font-family: arial, helvetica, sans-serif; font-size: 14pt;\">Gospod, nakloni vsem dru\u017einam,<\/span><br \/>\n<span style=\"font-family: arial, helvetica, sans-serif; font-size: 14pt;\">da bodo lahko \u017eivele svojo posebno poklicanost k svetosti v Cerkvi,<\/span><br \/>\n<span style=\"font-family: arial, helvetica, sans-serif; font-size: 14pt;\">kot klic k poslanstvu misijonarskih u\u010dencev,<\/span><br \/>\n<span style=\"font-family: arial, helvetica, sans-serif; font-size: 14pt;\">v slu\u017ebi \u017eivljenja in miru,<\/span><br \/>\n<span style=\"font-family: arial, helvetica, sans-serif; font-size: 14pt;\">v ob\u010destvu z na\u0161imi duhovniki, redovniki in vsemi poklici v Cerkvi.\u00a0<\/span><\/p>\n<p><span style=\"font-family: arial, helvetica, sans-serif; font-size: 14pt;\">Blagoslovi svetovno sre\u010danje dru\u017ein v Rimu.<\/span><br \/>\n<span style=\"font-family: arial, helvetica, sans-serif; font-size: 14pt;\">Amen.<\/span><\/p>\n<\/div>\n","protected":false},"excerpt":{"rendered":"<p>Pred nami je \u0161e zadnja od desetih katehez in spremljajo\u010dih videov, ki jih je v tem Letu dru\u017eine pripravil Dikasterij za laike, dru\u017eino in \u017eivljenje. Duhovnost v dru\u017eini si \u0161e vedno preve\u010dkrat predstavljamo kot nekaj abstraktnega. Pape\u017e Fran\u010di\u0161ek pa pravi, da se \u00bbduhovnost odra\u017ea v konkretnih dejanjih ljubezni, v katerih je Jezus konkretno navzo\u010d.\u00ab Kateheza <a class=\"read-more\" href=\"https:\/\/www.ztz.rkc.si\/index.php\/2022\/01\/23\/deseta-kateheza-v-letu-druzine-duhovnost-v-zakonu-in-druzini\/\">Preberi ve\u010d<\/a><\/p>\n","protected":false},"author":2,"featured_media":1646,"comment_status":"closed","ping_status":"closed","sticky":false,"template":"","format":"standard","meta":{"footnotes":""},"categories":[1],"tags":[],"class_list":["post-1645","post","type-post","status-publish","format-standard","has-post-thumbnail","hentry","category-uncategorized"],"_links":{"self":[{"href":"https:\/\/www.ztz.rkc.si\/index.php\/wp-json\/wp\/v2\/posts\/1645","targetHints":{"allow":["GET"]}}],"collection":[{"href":"https:\/\/www.ztz.rkc.si\/index.php\/wp-json\/wp\/v2\/posts"}],"about":[{"href":"https:\/\/www.ztz.rkc.si\/index.php\/wp-json\/wp\/v2\/types\/post"}],"author":[{"embeddable":true,"href":"https:\/\/www.ztz.rkc.si\/index.php\/wp-json\/wp\/v2\/users\/2"}],"replies":[{"embeddable":true,"href":"https:\/\/www.ztz.rkc.si\/index.php\/wp-json\/wp\/v2\/comments?post=1645"}],"version-history":[{"count":1,"href":"https:\/\/www.ztz.rkc.si\/index.php\/wp-json\/wp\/v2\/posts\/1645\/revisions"}],"predecessor-version":[{"id":1647,"href":"https:\/\/www.ztz.rkc.si\/index.php\/wp-json\/wp\/v2\/posts\/1645\/revisions\/1647"}],"wp:featuredmedia":[{"embeddable":true,"href":"https:\/\/www.ztz.rkc.si\/index.php\/wp-json\/wp\/v2\/media\/1646"}],"wp:attachment":[{"href":"https:\/\/www.ztz.rkc.si\/index.php\/wp-json\/wp\/v2\/media?parent=1645"}],"wp:term":[{"taxonomy":"category","embeddable":true,"href":"https:\/\/www.ztz.rkc.si\/index.php\/wp-json\/wp\/v2\/categories?post=1645"},{"taxonomy":"post_tag","embeddable":true,"href":"https:\/\/www.ztz.rkc.si\/index.php\/wp-json\/wp\/v2\/tags?post=1645"}],"curies":[{"name":"wp","href":"https:\/\/api.w.org\/{rel}","templated":true}]}}