{"id":1470,"date":"2021-09-10T10:18:07","date_gmt":"2021-09-10T08:18:07","guid":{"rendered":"https:\/\/www.ztz.rkc.si\/?p=1470"},"modified":"2021-09-19T10:34:49","modified_gmt":"2021-09-19T08:34:49","slug":"izbira-clanov-zps","status":"publish","type":"post","link":"https:\/\/www.ztz.rkc.si\/index.php\/2021\/09\/10\/izbira-clanov-zps\/","title":{"rendered":"Novi \u010dlani \u017dPS in G\u017dS"},"content":{"rendered":"<p><strong><span style=\"font-size: 14pt;\">\u010clani \u017dPS V TRNJU: <\/span><\/strong><\/p>\n<p><span style=\"font-size: 14pt;\">Mateja Debevec, Trnje 96 <\/span><\/p>\n<p><span style=\"font-size: 14pt;\">Janez Margon, Trnje 62 <\/span><\/p>\n<p><span style=\"font-size: 14pt;\">Ervin Bursy, Trnje 98 <\/span><\/p>\n<p><span style=\"font-size: 14pt;\">Vesna Bursy, Trnje 98<\/span><\/p>\n<p><span style=\"font-size: 14pt;\">Sonja Brajlih, Klenik 39<\/span><\/p>\n<p><span style=\"font-size: 14pt;\"> Tamara Rotar, Klenik 56\/a<\/span><\/p>\n<p><span style=\"font-size: 14pt;\"> Judita Primc, Pal\u010dje 3\/a<\/span><\/p>\n<p><span style=\"font-size: 14pt;\"> Tadeja Rebec, Pal\u010dje 47<\/span><\/p>\n<p><span style=\"font-size: 14pt;\"> Ur\u0161ka \u017du\u017eek, Jur\u0161\u010de 37<\/span><\/p>\n<p><span style=\"font-size: 14pt;\">Maru\u0161a \u017du\u017eek, Jur\u0161\u010de 62<\/span><\/p>\n<p><span style=\"font-size: 14pt;\"><strong>Po slu\u017ebi so \u0161e:<\/strong> <\/span><\/p>\n<p><span style=\"font-size: 14pt;\">predstavnik \u017dGS Branko Ga\u017ear, Jur\u0161\u010de 72<\/span><\/p>\n<p><span style=\"font-size: 14pt;\">me\u017enar Stane Ule, Vilharjeva ul. 21, Pivka<\/span><\/p>\n<p><span style=\"font-size: 14pt;\">katehistinja Marta Ule (isti naslov)<\/span><\/p>\n<p><span style=\"font-size: 14pt;\">Karitas Ester \u0160antelj, Klenik 85<\/span><\/p>\n<p><span style=\"font-size: 14pt;\">zborovodkinja Bruna Dekleva, Klenik 4\/b<\/span><\/p>\n<p><span style=\"font-size: 14pt;\">predstavnika mladih Tinkara Rebec, Pal\u010dje 47 in Benjamin Smrdelj, Tovarni\u0161ka, Pivka.<\/span><\/p>\n<p><strong><span style=\"font-size: 14pt;\">Za \u017dGS:<\/span><\/strong><\/p>\n<p><span style=\"font-size: 14pt;\">v Trnju Janeza Margona in Ervina Bursy-ja<\/span><\/p>\n<p><span style=\"font-size: 14pt;\">v Kleniku Sonjo Brajlih<\/span><\/p>\n<p><span style=\"font-size: 14pt;\">v Pal\u010dju Judito Primc<\/span><\/p>\n<p><span style=\"font-size: 14pt;\">na Jur\u0161\u010dah Branka Gla\u017earja.<\/span><\/p>\n<p>&nbsp;<\/p>\n<p>&nbsp;<\/p>\n<p><span style=\"font-size: 14pt;\"><strong>\u010clani \u017dPS V ZAGORJU:<\/strong> <\/span><\/p>\n<p><span style=\"font-size: 14pt;\">Roman Bro\u017ei\u010d, Parje 25\/a<\/span><\/p>\n<p><span style=\"font-size: 14pt;\">Suzana \u010cesnik, Zagorje 8<\/span><\/p>\n<p><span style=\"font-size: 14pt;\">Matja\u017e Fatur, Zagorje 75<\/span><\/p>\n<p><span style=\"font-size: 14pt;\"> Jana Gr\u017eini\u010d, Parje 23\/a<\/span><\/p>\n<p><span style=\"font-size: 14pt;\"> Jo\u017ee Tom\u0161i\u010d, Drskov\u010de 15<\/span><\/p>\n<p><span style=\"font-size: 14pt;\">Jo\u017ea Valen\u010di\u010d, Rate\u010devo Brdo 12.<\/span><\/p>\n<p><span style=\"font-size: 14pt;\"><strong>Po slu\u017ebi so \u0161e:<\/strong> <\/span><\/p>\n<p><span style=\"font-size: 14pt;\">Iva \u0160tavar, me\u017enarica<\/span><\/p>\n<p><span style=\"font-size: 14pt;\">Zinka vadnjal, Karitas<\/span><\/p>\n<p><span style=\"font-size: 14pt;\">Miha \u010cesnik zastopa pevce<\/span><\/p>\n<p><span style=\"font-size: 14pt;\">Tatjana Lutar, Zagorje 39, katehistinja<\/span><\/p>\n<p><span style=\"font-size: 14pt;\">Milo\u0161 Mo\u017eina, Drskov\u010de 7, predstavnik \u017dGS<\/span><\/p>\n<p><span style=\"font-size: 14pt;\"><strong>\u010clani \u017dGS so:<\/strong> <\/span><\/p>\n<p><span style=\"font-size: 14pt;\">Milo\u0161 Mo\u017eina, Drskov\u010de 7<\/span><\/p>\n<p><span style=\"font-size: 14pt;\">Maks Vadnjal, Zagorje 72<\/span><\/p>\n<p><span style=\"font-size: 14pt;\">Roman Bro\u017ei\u010d, Parje 25\/a<\/span><\/p>\n<p><span style=\"font-size: 14pt;\">Andrej \u0160tavar, \u0160ilentabor 2.<\/span><\/p>\n","protected":false},"excerpt":{"rendered":"<p>\u010clani \u017dPS V TRNJU: Mateja Debevec, Trnje 96 Janez Margon, Trnje 62 Ervin Bursy, Trnje 98 Vesna Bursy, Trnje 98 Sonja Brajlih, Klenik 39 Tamara Rotar, Klenik 56\/a Judita Primc, Pal\u010dje 3\/a Tadeja Rebec, Pal\u010dje 47 Ur\u0161ka \u017du\u017eek, Jur\u0161\u010de 37 Maru\u0161a \u017du\u017eek, Jur\u0161\u010de 62 Po slu\u017ebi so \u0161e: predstavnik \u017dGS Branko Ga\u017ear, Jur\u0161\u010de 72 me\u017enar <a class=\"read-more\" href=\"https:\/\/www.ztz.rkc.si\/index.php\/2021\/09\/10\/izbira-clanov-zps\/\">Preberi ve\u010d<\/a><\/p>\n","protected":false},"author":2,"featured_media":339,"comment_status":"closed","ping_status":"closed","sticky":false,"template":"","format":"standard","meta":{"footnotes":""},"categories":[1],"tags":[],"class_list":["post-1470","post","type-post","status-publish","format-standard","has-post-thumbnail","hentry","category-uncategorized"],"_links":{"self":[{"href":"https:\/\/www.ztz.rkc.si\/index.php\/wp-json\/wp\/v2\/posts\/1470","targetHints":{"allow":["GET"]}}],"collection":[{"href":"https:\/\/www.ztz.rkc.si\/index.php\/wp-json\/wp\/v2\/posts"}],"about":[{"href":"https:\/\/www.ztz.rkc.si\/index.php\/wp-json\/wp\/v2\/types\/post"}],"author":[{"embeddable":true,"href":"https:\/\/www.ztz.rkc.si\/index.php\/wp-json\/wp\/v2\/users\/2"}],"replies":[{"embeddable":true,"href":"https:\/\/www.ztz.rkc.si\/index.php\/wp-json\/wp\/v2\/comments?post=1470"}],"version-history":[{"count":3,"href":"https:\/\/www.ztz.rkc.si\/index.php\/wp-json\/wp\/v2\/posts\/1470\/revisions"}],"predecessor-version":[{"id":1484,"href":"https:\/\/www.ztz.rkc.si\/index.php\/wp-json\/wp\/v2\/posts\/1470\/revisions\/1484"}],"wp:featuredmedia":[{"embeddable":true,"href":"https:\/\/www.ztz.rkc.si\/index.php\/wp-json\/wp\/v2\/media\/339"}],"wp:attachment":[{"href":"https:\/\/www.ztz.rkc.si\/index.php\/wp-json\/wp\/v2\/media?parent=1470"}],"wp:term":[{"taxonomy":"category","embeddable":true,"href":"https:\/\/www.ztz.rkc.si\/index.php\/wp-json\/wp\/v2\/categories?post=1470"},{"taxonomy":"post_tag","embeddable":true,"href":"https:\/\/www.ztz.rkc.si\/index.php\/wp-json\/wp\/v2\/tags?post=1470"}],"curies":[{"name":"wp","href":"https:\/\/api.w.org\/{rel}","templated":true}]}}