{"id":1433,"date":"2021-07-18T08:33:44","date_gmt":"2021-07-18T06:33:44","guid":{"rendered":"https:\/\/www.ztz.rkc.si\/?p=1433"},"modified":"2021-07-18T08:34:36","modified_gmt":"2021-07-18T06:34:36","slug":"prvi-dan-starih-starsev-in-ostarelih-pastoralne-smernice","status":"publish","type":"post","link":"https:\/\/www.ztz.rkc.si\/index.php\/2021\/07\/18\/prvi-dan-starih-starsev-in-ostarelih-pastoralne-smernice\/","title":{"rendered":"Prvi dan starih star\u0161ev in ostarelih \u2013 Pastoralne smernice"},"content":{"rendered":"<h1 class=\"page-title\"><a href=\"https:\/\/katoliska-cerkev.si\/sporocilo-svetega-oceta-franciska-za-1-svetovni-dan-starih-starsev-in-ostarelih\" target=\"_blank\" rel=\"noopener\"><span style=\"font-size: 14pt;\">Sporo\u010dilo svetega o\u010deta Fran\u010di\u0161ka za 1. svetovni dan starih star\u0161ev in ostarelih<\/span><\/a><\/h1>\n<p><span style=\"font-size: 14pt;\">Odlo\u010ditev za svetovni dan starih star\u0161ev in starej\u0161ih je pri\u0161la v \u010dasu, ki ga v zadnjih mesecih v vseh delih sveta zaznamujeta pandemija in trpljenje na\u0161ih starej\u0161ih generacij. Poro\u010danje o tem, da so ostareli morali umirati sami in nato niso bili dele\u017eni pogreba, so Cerkvi povzro\u010dali veliko bole\u010dino.<\/span><\/p>\n<p><span style=\"font-size: 14pt;\">To je eden od kri\u017eev na\u0161ega \u010dasa, ki so se ga na kri\u017eevem potu s pape\u017eem letos na veliki petek upravi\u010deno spomnili: \u00bbLjudje so sko\u010dili iz re\u0161evalnega vozila oble\u010deni kot astronavti, v za\u0161\u010ditnih obla\u010dilih, rokavicah, maskah in z obraznimi \u0161\u010ditniki. Odpeljali so mojega dedka, ki je te\u017eko dihal. Takrat sem ga videl zadnjikrat. Nekaj \u200b\u200bdni kasneje je umrl v bolni\u0161nici. Kako osamljenega se je moral po\u010dutiti. Nisem mogel biti ob njem, da bi se poslovil od njega in ga tola\u017eil\u00ab.<a title=\"\" href=\"applewebdata:\/\/B4CA205B-39DE-477E-9F99-1FB604A62F7B#_ftn1\" name=\"_ftnref1\">[1]<\/a><\/span><\/p>\n<p><span style=\"font-size: 14pt;\">Ko ne moremo biti blizu tistim, ki trpijo, je to v nasprotju s kr\u0161\u010danskim klicem k izra\u017eanju so\u010dutja. Ta svetovni dan je prilo\u017enost za potrditev dejstva, da Cerkev nikoli ne sme biti oddaljena od tistih, ki nosijo kri\u017e. Tema, ki jo je izbral sveti o\u010de, \u00bbJaz sem vedno z vami\u00ab, jasno izra\u017ea, da si v \u010dasu pandemije in v bolj\u0161ih \u010dasih, ki bodo sledili, vsaka cerkvena skupnost \u017eeli\u00a0<em>vedno biti s starej\u0161imi<\/em>.<\/span><\/p>\n<p><span style=\"font-size: 14pt;\">Pred dobrim letom dni, ko je bil prvi val pandemije na vrhuncu, so v Dikasteriju za laike, dru\u017eino in \u017eivljenje zapisali: \u00bbKot posamezniki in kot krajevne Cerkve lahko veliko storimo za ostarele: molimo zanje, ozdravljamo bolezen osamljenosti, spro\u017eimo mre\u017ee solidarnostni in \u0161e veliko ve\u010d. Ob dejstvu, da je starej\u0161a generacija tako mo\u010dno prizadeta, imamo skupno odgovornost.\u00ab<a title=\"\" href=\"applewebdata:\/\/B4CA205B-39DE-477E-9F99-1FB604A62F7B#_ftn2\" name=\"_ftnref2\">[2]<\/a>\u00a0Ko se bo nevihta pomirila, mora ta naloga postati del obi\u010dajne razse\u017enosti v \u017eivljenju \u017eupnij in celotne Cerkve. Vsakoletno praznovanje dneva, posve\u010denega ostarelim, je vklju\u010devanje pozornosti do \u0161ibkih starej\u0161ih v obi\u010dajno strukturo na\u0161ega pastoralnega dela.<\/span><\/p>\n<p><span style=\"font-size: 14pt;\">Ne moremo re\u010di, da je skrb za ostarele, ki jo ka\u017ee pape\u017e Fran\u010di\u0161ek, nekaj novega. Zadnji pape\u017ei so ostarelim namenjali podobno pozornost in jih nagovarjali z besedami modrosti in \u010dlove\u0161ke topline.<a title=\"\" href=\"applewebdata:\/\/B4CA205B-39DE-477E-9F99-1FB604A62F7B#_ftn3\" name=\"_ftnref3\">[3]<\/a>\u00a0Pape\u017e Fran\u010di\u0161ek je v svojem pontifikatu dokazoval svojo duhovno bli\u017eino ostarelim, kar je treba brati v lu\u010di ekleziologije, ki je zna\u010dilna zanj. Tako kot druga podro\u010dja, ki niso bila vedno dele\u017ene ustrezne pastoralne skrbi, imajo tudi starej\u0161i ljudje natan\u010dno poslanstvo, da Bo\u017eje ljudstvo izpopolnjujejo v svetosti. Pape\u017e Fran\u010di\u0161ek opredeljuje njihovo nalogo, ki je v tem, da ohranjajo spomine pri \u017eivljenju in prena\u0161ajo vero na mlaj\u0161e generacije, kar pa je \u0161e pomembnej\u0161e, meni, da so pomemben sestavni del katoli\u0161kih laikov. Niso zgolj \u00bbuporabniki\u00ab Cerkve, ampak so tudi spremljevalci na poti. Zato ta svetovni dan ni prilo\u017enost za pripravo dokumenta o starosti, temve\u010d je sporo\u010dilo, namenjeno ostarelim, v katerem jih sveti o\u010de prosi, naj delijo odgovornost za pot Cerkve v prihodnosti in sodelujejo pri gradnji sveta po pandemiji. To je novost, ki se sklada s sinodalno perspektivo, ki jo zagovarja pape\u017e Fran\u010di\u0161ek. Po njegovem mnenju so starej\u0161i ljudje del \u00bbvseh kr\u0161\u010denih, ki so predmet\u00a0<em>sensus fidei<\/em>\u00a0\u2013 nezmotno \u2013\u00a0<em>in credendo<\/em>.<a title=\"\" href=\"applewebdata:\/\/B4CA205B-39DE-477E-9F99-1FB604A62F7B#_ftn4\" name=\"_ftnref4\">[4]<\/a>\u00a0Ta perspektiva nam ka\u017ee, kako pomembno je zagotoviti bolj\u0161o pastoralno skrb za generacijo, na katero smo pogosto pozabljali, predvsem zato, ker radi mislimo, da so ostareli \u017ee evangelizirani.<\/span><\/p>\n<p><span style=\"font-size: 14pt;\">Ta prvi svetovni dan starih star\u0161ev in ostarelih obhajamo sredi leta, ki ga je sveti o\u010de posvetil dru\u017eini, ob peti obletnici apostolske spodbude Radost ljubezni. To je namerna izbira, ki izhaja iz zavedanja, da starej\u0161i \u2013 vsi starej\u0161i, tudi tisti, ki niso stari star\u0161i \u2013 potrebujejo dru\u017einsko okolje, v katerem lahko \u017eivijo, in da se morajo dru\u017eine zavedati vloge, ki jo imajo njihovi starej\u0161i \u010dlani. V globaliziranem svetu odnos med ostarelimi in dru\u017einami ni ve\u010d samoumeven, nasprotno, nenehno se postavlja pod vpra\u0161aj. To je trend, ki ima razli\u010dne konotacije glede na geografski in kulturni kontekst, vendar obstajajo nekatere ponavljajo\u010de se zna\u010dilnosti, ki ka\u017eejo na to, da lahko med starej\u0161imi in dru\u017eino poteka kriza, znamenje \u010dasa, ki ga je treba upo\u0161tevati. Dru\u017einsko pastoralno delo, ki se pogosto ukvarja le z odnosi v parih in odnosi med star\u0161i in otroki, se te\u017eko osredoto\u010di na odnos med ostarelimi star\u0161i in odraslimi otroki ter med starimi star\u0161i in vnuki.<\/span><\/p>\n<p><span style=\"font-size: 14pt;\">O tem je pape\u017e jasno napisal v okro\u017enici Vsi smo bratje. Rekel je: \u00bbVideli smo, kaj se je v nekaterih predelih sveta dogajalo s starej\u0161imi zaradi koronavirusa. Ne bi smeli tako umirati. A dejansko jih je nekaj podobnega doletelo tudi ob vro\u010dinskih valovih in drugih okoli\u0161\u010dinah: bili so okrutno zavr\u017eeni. Ne zavedamo se, da se s potiskanjem starej\u0161ih v osamo in s prelaganjem na ramena drugih, brez primernega in skrbnega spremljanja dru\u017eine, pohablja in siroma\u0161i dru\u017eina sama. Poleg tega ostajajo mladi brez nujno potrebnega stika s svojimi koreninami in z modrostjo, ki je sami od sebe ne morejo dose\u010di.\u00ab (FT 19). To so pomembne besede, ki jih je treba znova priklicati v zavest. Lahko nam pomagajo razmisliti o dolgu, ki ga imajo dru\u017eine \u2013 in dru\u017einska pastorala \u2013 do generacije, ki je v nekaterih pogledih padla v pozabo.<\/span><\/p>\n<p><span style=\"font-size: 14pt;\">Ta zapleteni scenarij (pandemija, iskanje nove vodilne vloge ostarelih in kriza v dru\u017einskih odnosih) je poleg tega, da je treba ljudem pomagati, da se izognejo malodu\u0161ju in potrtosti, pripeljal Cerkev do tega, da je izbrala preprost na\u010din postavljanja na skupno pot in negovanja solidarnosti: praznovanje. Ostareli in mladi skupaj: star\u0161i in otroci; stari star\u0161i in vnuki; ljudje, ki morda ne pripadajo isti dru\u017eini. Cerkev se zaveda potrebe po spravi med generacijami in te\u017eav, s katerimi se sre\u010dujejo ostareli, vendar krivda ni vezana na nikogar\u0161nje napake. Izbrana je bila pot skupnega veselega praznovanja.<\/span><\/p>\n<p><span style=\"font-size: 14pt;\">Kot vidimo v priliki o izgubljenem sinu in usmiljenem o\u010detu, lahko praznovanja premagajo razdore, ki so povzro\u010dili brazgotine v dru\u017eini. Sinu se je o\u010de najbr\u017e zdel star in blizu smrti, zato je prosil za dedi\u0161\u010dino, ki jo je nato zapravil. O\u010de ga je sprejel nazaj in mu odpustil, zato se je sin z ostarelim o\u010detom in tudi sam s seboj spravil. Vse to so obele\u017eili s praznovanjem, na katerem so se vsi zbrali. Usmiljeni o\u010de se zaveda te\u017eav, izdaje in nedore\u010denega, a se kljub temu odlo\u010di za praznovanje. To je zato, ker nam samo veselje evangelija napolni srce in nas odre\u0161i \u00bbgreha, \u017ealosti, notranje praznine, osamljenosti\u00ab (VE 1). Veselje evangelija je osnova, na kateri lahko gradimo obnovljene odnose med generacijami, in zahvaljujo\u010d modrosti, ki jo izkazujejo ostareli, je tudi skala, na kateri lahko gradimo na\u0161e dru\u017ebe po pandemiji.<\/span><\/p>\n<p><span style=\"font-size: 14pt;\">Zato si \u017eelimo, da bi praznovanje prvega svetovnega dneva starih star\u0161ev in ostarelih do\u017eiveli kot praznovanje, ki vklju\u010duje vse generacije. Ne gre samo za sre\u010do, temve\u010d za veselje, ki se rodi iz vedenja, da je Gospod blizu \u017eivljenja tako ostarelih kot mladih, saj\u00a0<em>je Bog vedno z nami.<\/em><\/span><\/p>\n<p><span style=\"font-size: 14pt;\">Veliko pastoralnih orodij lahko konkretno izrazi na\u0161o pastoralno skrb za starej\u0161e ljudi. V ta namen bi bilo koristno sklicevati se na dokument o starej\u0161ih, ki ga je pred leti objavil Pape\u0161ki svet za laike.<a title=\"\" href=\"applewebdata:\/\/B4CA205B-39DE-477E-9F99-1FB604A62F7B#_ftn5\" name=\"_ftnref5\">[5]<\/a>\u00a0Vsebuje obse\u017een razmislek o pomenu in vrednosti starosti in daje konkretne pastoralne predloge, ki so tudi danes enako veljavni in ustrezni. Med \u0161tevilnimi na\u010dini, ki krajevnim cerkvam in posameznikom omogo\u010dajo, da so blizu starej\u0161im, bi radi predlagali enega, ki je preprost za izvedbo in zelo u\u010dinkovit, to je obiskovanje starej\u0161ih. To je otipljivo znamenje Cerkve, ki gre naprej. Obiskovanje izhaja iz izro\u010dila in z njim izkazujemo so\u010dutje, tudi do tistih, ki so bolni, ali v zaporu. Danes se zdi, da moramo dobro znanem seznamu sedmih del usmiljenja dodati \u0161e &#8216;delo&#8217;\u00a0<em>obiskovanja starej\u0161ih, ki so sami<\/em>. Odlo\u010ditev Apostolske penitenzierie, da podeli popolni odpustek tistim, ki to izvajajo, \u0161e poudarja njeno nujnost.<\/span><\/p>\n<p><span style=\"font-size: 14pt;\">Tu bi radi ponudili tudi razli\u010dne druge ideje, kako praznovati ta svetovni dan. Vsaka \u017eupnija ali cerkvena skupnost bi lahko ob tem svetovnem dnevu starih star\u0161ev in ostarelih obhajala ma\u0161o v spomin na ostarele v svoji skupnosti, ki so umrli zaradi Covida-19; prosite mlade, naj obi\u0161\u010dejo babice in dedke, \u0161e posebej starej\u0161e, ki so sami, da jim predajo sporo\u010dilo svetega o\u010deta. Poleg tega, kar smo predlagali, smo prepri\u010dani, da bo vsaka cerkvena skupnost na\u0161la najbolj\u0161i na\u010din za praznovanje v svojem posebnem kontekstu.<\/span><\/p>\n<p><span style=\"font-size: 14pt;\">Naj bo ta svetovni dan starih star\u0161ev in ostarelih praznovanje, polno veselja evangelija za vse!<\/span><\/p>\n<p><span style=\"font-size: 14pt;\">Alexandre Awi Mello, I. Sch.<\/span><br \/>\n<span style=\"font-size: 14pt;\"><em>Tajnik<\/em><\/span><br \/>\n<span style=\"font-size: 14pt;\">Dikasterij za laike, dru\u017eino in \u017eivljenje<\/span><\/p>\n<p><span style=\"font-size: 14pt;\">Kard. Kevin Farrell<\/span><br \/>\n<span style=\"font-size: 14pt;\"><em>Prefekt<\/em><\/span><br \/>\n<span style=\"font-size: 14pt;\">Dikasterij za laike, dru\u017eino in \u017eivljenje<\/span><\/p>\n<hr \/>\n<p><span style=\"font-size: 14pt;\"><strong>OBISKOVANJE STARIH STAR\u0160EV IN OSTARELIH, KI SO SAMI<\/strong><\/span><\/p>\n<p><span style=\"font-size: 14pt;\">\u00b7\u00a0\u00a0\u00a0\u00a0\u00a0\u00a0Prvi svetovni dan starih star\u0161ev in ostarelih bomo praznovali v razmerah, v katerih v mnogih dr\u017eavah \u0161e vedno ne bo mogo\u010de, da bi starej\u0161i fizi\u010dno obiskali ma\u0161o.<\/span><\/p>\n<p><span style=\"font-size: 14pt;\">\u00b7\u00a0\u00a0\u00a0\u00a0\u00a0\u00a0Da bi sporo\u010dilo bli\u017eine in tola\u017ebe na ta svetovni dan pri\u0161lo do vseh \u2013 tudi do tistih, ki so najbolj odmaknjeni \u2013 pros\u00edmo ljudi, naj v svoji skupnosti obi\u0161\u010dejo stare star\u0161e in ostarele, ki \u017eivijo sami, ter jim prenesejo sporo\u010dilo svetega o\u010deta.<\/span><\/p>\n<p><span style=\"font-size: 14pt;\">\u00b7\u00a0\u00a0\u00a0\u00a0\u00a0\u00a0Obisk je oprijemljiv znak pomo\u010di Cerkve. V \u010dasu socialne distance zaradi pandemije obisk poka\u017ee, da smo lahko blizu starej\u0161im, hkrati pa \u0161e vedno upo\u0161tevati varnostne ukrepe.<\/span><\/p>\n<p><span style=\"font-size: 14pt;\">\u00b7\u00a0\u00a0\u00a0\u00a0\u00a0\u00a0Obisk je osebna izbira, da\u00a0<em>vstanemo in se v naglici odpravimo\u00a0<\/em>k drugim (prim. Lk 1,39), tako kot je to storila Marija, ko je obiskala svojo ostarelo sestri\u010dno Elizabeto.<\/span><\/p>\n<p><span style=\"font-size: 14pt;\">\u00b7\u00a0\u00a0\u00a0\u00a0\u00a0\u00a0Obisk je prilo\u017enost, da vnuk re\u010de babici in dedku, ali mlad \u010dlovek ostarelemu, ki ga obi\u0161\u010de, re\u010de: \u00bbJaz sem vedno sem z vami\u00ab.<\/span><\/p>\n<p><span style=\"font-size: 14pt;\">\u00b7\u00a0\u00a0\u00a0\u00a0\u00a0\u00a0Obisk je lahko prilo\u017enost, da prinesete darilo, na primer ro\u017eo, in skupaj preberete molitev ob svetovnem dnevu.<\/span><\/p>\n<p><span style=\"font-size: 14pt;\">\u00b7\u00a0\u00a0\u00a0\u00a0\u00a0\u00a0Obisk je lahko tudi prilo\u017enost, da se ostarelim, zlasti tistim, ki \u017ee dlje \u010dasa niso zapustili domov, ponudi prilo\u017enost za prejem zakramentov sprave in evharistije.<\/span><\/p>\n<p><span style=\"font-size: 14pt;\">\u00b7\u00a0\u00a0\u00a0\u00a0\u00a0\u00a0Obisk ostarelega, ki \u017eivi sam, je eden od na\u010dinov za pridobitev popolnega odpustka, podeljenega ob tem svetovnem dnevu.<\/span><\/p>\n<p><span style=\"font-size: 14pt;\">\u00b7\u00a0\u00a0\u00a0\u00a0\u00a0\u00a0Kjer nujni zdravstveni ukrepi \u0161e vedno onemogo\u010dajo osebni obisk, lahko v ljubezni z domi\u0161ljijo ugotovite, kako po telefonu ali dru\u017eabnih medijih dose\u010di osamljene ostarele.<\/span><\/p>\n<p><span style=\"font-size: 14pt;\">\u00b7\u00a0\u00a0\u00a0\u00a0\u00a0\u00a0Sporo\u010dilo o svetovnem dnevu lahko delite tudi z objavljanjem fotografij obiskov na dru\u017ebenih omre\u017ejih z oznako #IamWithYouAlways.<\/span><\/p>\n<hr \/>\n<p><span style=\"font-size: 14pt;\"><strong>PRIPRAVLJANJE SVETOVNEGA DNE Z OSTARELIMI<\/strong><\/span><\/p>\n<p><span style=\"font-size: 14pt;\">\u00b7\u00a0\u00a0\u00a0\u00a0\u00a0\u00a0Starej\u0161i so glavna ciljna skupina dejavnosti tega dneva. Sporo\u010dilo svetega o\u010deta je namenjeno njim.<\/span><\/p>\n<p><span style=\"font-size: 14pt;\">\u00b7\u00a0\u00a0\u00a0\u00a0\u00a0\u00a0Pomembno je zagotoviti, da se \u010dim ve\u010d starej\u0161ih osebno udele\u017ei nedeljskega bogoslu\u017eja, ki se bo obhajalo ob tem svetovnem dnevu.<\/span><\/p>\n<p><span style=\"font-size: 14pt;\">\u00b7\u00a0\u00a0\u00a0\u00a0\u00a0\u00a0Ostarele iz \u017eupnije ali cerkvene skupine lahko povabite na razmi\u0161ljanje o pape\u017eevem sporo\u010dilu za njihov svetovni dan. Natisnjeno razli\u010dico lahko razdelite vsem navzo\u010dim, video sporo\u010dilo pa si lahko ogledate skupaj.<\/span><\/p>\n<p><span style=\"font-size: 14pt;\">\u00b7\u00a0\u00a0\u00a0\u00a0\u00a0\u00a0Vsak, ki obi\u0161\u010de ostarele, ki \u017eivijo sami, lahko besede sporo\u010dila izro\u010di tistim, ki se ne morejo udele\u017eiti sre\u010danj.<\/span><\/p>\n<p><span style=\"font-size: 14pt;\">\u00b7\u00a0\u00a0\u00a0\u00a0\u00a0\u00a0Vsem babicam in dedkom ter ostarelim, ki jih boste dosegli ob njihovem svetovnem dnevu, lahko izro\u010dite molitvene namene svetega o\u010deta ter posebne namene njihove lastne skupnosti.<\/span><\/p>\n<hr \/>\n<p><span style=\"font-size: 14pt;\"><strong>PRIPRAVLJANJE SVETOVNEGA DNE Z MLADIMI<\/strong><\/span><\/p>\n<p><span style=\"font-size: 14pt;\">\u00b7\u00a0\u00a0\u00a0\u00a0\u00a0\u00a0Nekaj tednov pred svetovnim dnevom lahko skli\u010dete mlade iz svoje skupnosti, da jim vse pojasnite in poskrbite, da bodo z obiski dosegli \u010dim ve\u010d ostarelih.<\/span><\/p>\n<p><span style=\"font-size: 14pt;\">\u00b7\u00a0\u00a0\u00a0\u00a0\u00a0\u00a0Podobno se lahko po praznovanju sre\u010date z mladimi, da vam bodo zaupali svoje odzive na obiske.<\/span><\/p>\n<p><span style=\"font-size: 14pt;\">\u00b7\u00a0\u00a0\u00a0\u00a0\u00a0\u00a0Mladi lahko organizirajo dru\u017eabne kampanje za \u0161irjenje informacij o svetovnem dnevu z uporabo oznake #IamWithYouAlways.<\/span><\/p>\n<hr \/>\n<p><span style=\"font-size: 14pt;\"><strong>SPOMIN NA OSTARELE, KI SO UMRLI ZARADI COVID-19<\/strong><\/span><\/p>\n<p><span style=\"font-size: 14pt;\">\u00b7\u00a0\u00a0\u00a0\u00a0\u00a0\u00a0Med evharisti\u010dnim praznovanjem ob svetovnem dnevu ali ob posebno dolo\u010denem \u010dasu lahko posvetite nekaj trenutkov spominu na ostarele v \u017eupniji ali skupnosti, ki so umrli zaradi pandemije, in zlasti tiste, za katere ni bilo mogo\u010de opraviti pogreba.<\/span><\/p>\n<p><span style=\"font-size: 14pt;\">\u00b7\u00a0\u00a0\u00a0\u00a0\u00a0\u00a0Ena od mo\u017enosti je tudi, da preberete imena ostarelih po pro\u0161njah vernikov in pri\u017egete sve\u010do za vsakogar, ki se ga \u017eelite spominjati.<\/span><\/p>\n<hr \/>\n<p><span style=\"font-size: 14pt;\"><strong>POPOLNI ODPUSTEK<\/strong><\/span><\/p>\n<p><span style=\"font-size: 14pt;\">\u00b7\u00a0\u00a0\u00a0\u00a0\u00a0\u00a0Apostolska penitenzieria je 13. maja objavila odlok o popolnem odpustku ob svetovnem dnevu starih star\u0161ev in ostarelih.<\/span><\/p>\n<p><span style=\"font-size: 14pt;\">\u00b7\u00a0\u00a0\u00a0\u00a0\u00a0\u00a0Ostareli lahko dobijo odpustek z udele\u017ebo pri eni od ma\u0161, ki se bodo praznovale ob tem svetovnem dnevu.<\/span><\/p>\n<p><span style=\"font-size: 14pt;\">\u00b7\u00a0\u00a0\u00a0\u00a0\u00a0\u00a0Glede na to, da nujne zdravstvene razmere \u0161e trajajo, in dejstvo, da nekateri starej\u0161i zaradi zdravstvenih razlogov ne morejo osebno obiskovati ma\u0161, se odpustek podeli tudi tistim, ki se bodo ma\u0161e udele\u017eili prek televizije, radia ali interneta.<\/span><\/p>\n<p><span style=\"font-size: 14pt;\">\u00b7\u00a0\u00a0\u00a0\u00a0\u00a0\u00a0Odpustek se podeli tudi vsem, ki na ta svetovni dan opravijo &#8216;delo usmiljenja&#8217; in obi\u0161\u010dejo ostarelega, ki je sam.<\/span><\/p>\n<p><span style=\"font-size: 14pt;\">\u00b7\u00a0\u00a0\u00a0\u00a0\u00a0\u00a0Kjer javne oblasti izrecno prepovedujejo osebne obiske, da bi se izognili oku\u017ebi, je odpustek mogo\u010de dobiti tudi na virtualnem sre\u010danju.<\/span><\/p>\n<div>\n<hr align=\"left\" size=\"1\" width=\"33%\" \/>\n<div id=\"ftn1\">\n<p><a title=\"\" href=\"applewebdata:\/\/B4CA205B-39DE-477E-9F99-1FB604A62F7B#_ftnref1\" name=\"_ftn1\">[1]<\/a>\u00a0Kri\u017eev pot, ki ga je vodil pape\u017e Fran\u010di\u0161ek na veliki petek, 2. aprila 2021 na Trgu Svetega Petra, 13. postaja.<\/p>\n<\/div>\n<div id=\"ftn2\">\n<p><a title=\"\" href=\"applewebdata:\/\/B4CA205B-39DE-477E-9F99-1FB604A62F7B#_ftnref2\" name=\"_ftn2\">[2]<\/a>\u00a0Dikasterij za laike, dru\u017eino in \u017eivljenje, V samoti je koronavirus \u0161e bolj smrtonosen, 7. april 2020.\u00a0<u>http:\/\/www.laityfamilylife.va\/content\/laityfamilylife\/en\/news\/2020\/nella-solitudine-il-coronavirus-uccide-di-piu.html<\/u><\/p>\n<\/div>\n<div id=\"ftn3\">\n<p><a title=\"\" href=\"applewebdata:\/\/B4CA205B-39DE-477E-9F99-1FB604A62F7B#_ftnref3\" name=\"_ftn3\">[3]<\/a>\u00a0Glej na primer, Janez Pavel II. Pismo starej\u0161im, 1. oktober 1999; Benedikt XVI., Govor med obiskom doma za ostarele\u00a0<em>Viva gli anzani,\u00a0<\/em>ki ga vodi Skupnost svetega Egidija, 12. november 2012<\/p>\n<\/div>\n<div id=\"ftn4\">\n<p><a title=\"\" href=\"applewebdata:\/\/B4CA205B-39DE-477E-9F99-1FB604A62F7B#_ftnref4\" name=\"_ftn4\">[4]<\/a>\u00a0Zapis Sinode \u0161kofov, 21. maja 2021<\/p>\n<\/div>\n<div id=\"ftn5\">\n<p><a title=\"\" href=\"applewebdata:\/\/B4CA205B-39DE-477E-9F99-1FB604A62F7B#_ftnref5\" name=\"_ftn5\">[5]<\/a>\u00a0Prim. Pape\u0161ki svet za laike, Dostojanstvo starej\u0161ih ljudi in njihovo poslanstvo v Cerkvi in svetu. 1. oktober 1998<\/p>\n<\/div>\n<\/div>\n","protected":false},"excerpt":{"rendered":"<p>Sporo\u010dilo svetega o\u010deta Fran\u010di\u0161ka za 1. svetovni dan starih star\u0161ev in ostarelih Odlo\u010ditev za svetovni dan starih star\u0161ev in starej\u0161ih je pri\u0161la v \u010dasu, ki ga v zadnjih mesecih v vseh delih sveta zaznamujeta pandemija in trpljenje na\u0161ih starej\u0161ih generacij. Poro\u010danje o tem, da so ostareli morali umirati sami in nato niso bili dele\u017eni pogreba, <a class=\"read-more\" href=\"https:\/\/www.ztz.rkc.si\/index.php\/2021\/07\/18\/prvi-dan-starih-starsev-in-ostarelih-pastoralne-smernice\/\">Preberi ve\u010d<\/a><\/p>\n","protected":false},"author":2,"featured_media":1435,"comment_status":"closed","ping_status":"closed","sticky":false,"template":"","format":"standard","meta":{"footnotes":""},"categories":[1],"tags":[],"class_list":["post-1433","post","type-post","status-publish","format-standard","has-post-thumbnail","hentry","category-uncategorized"],"_links":{"self":[{"href":"https:\/\/www.ztz.rkc.si\/index.php\/wp-json\/wp\/v2\/posts\/1433","targetHints":{"allow":["GET"]}}],"collection":[{"href":"https:\/\/www.ztz.rkc.si\/index.php\/wp-json\/wp\/v2\/posts"}],"about":[{"href":"https:\/\/www.ztz.rkc.si\/index.php\/wp-json\/wp\/v2\/types\/post"}],"author":[{"embeddable":true,"href":"https:\/\/www.ztz.rkc.si\/index.php\/wp-json\/wp\/v2\/users\/2"}],"replies":[{"embeddable":true,"href":"https:\/\/www.ztz.rkc.si\/index.php\/wp-json\/wp\/v2\/comments?post=1433"}],"version-history":[{"count":1,"href":"https:\/\/www.ztz.rkc.si\/index.php\/wp-json\/wp\/v2\/posts\/1433\/revisions"}],"predecessor-version":[{"id":1434,"href":"https:\/\/www.ztz.rkc.si\/index.php\/wp-json\/wp\/v2\/posts\/1433\/revisions\/1434"}],"wp:featuredmedia":[{"embeddable":true,"href":"https:\/\/www.ztz.rkc.si\/index.php\/wp-json\/wp\/v2\/media\/1435"}],"wp:attachment":[{"href":"https:\/\/www.ztz.rkc.si\/index.php\/wp-json\/wp\/v2\/media?parent=1433"}],"wp:term":[{"taxonomy":"category","embeddable":true,"href":"https:\/\/www.ztz.rkc.si\/index.php\/wp-json\/wp\/v2\/categories?post=1433"},{"taxonomy":"post_tag","embeddable":true,"href":"https:\/\/www.ztz.rkc.si\/index.php\/wp-json\/wp\/v2\/tags?post=1433"}],"curies":[{"name":"wp","href":"https:\/\/api.w.org\/{rel}","templated":true}]}}