{"id":1368,"date":"2021-05-09T08:02:37","date_gmt":"2021-05-09T06:02:37","guid":{"rendered":"https:\/\/www.ztz.rkc.si\/?p=1368"},"modified":"2021-05-09T08:04:05","modified_gmt":"2021-05-09T06:04:05","slug":"prva-kateheza-v-letu-druzine-hodimo-skupaj","status":"publish","type":"post","link":"https:\/\/www.ztz.rkc.si\/index.php\/2021\/05\/09\/prva-kateheza-v-letu-druzine-hodimo-skupaj\/","title":{"rendered":"Prva kateheza v Letu dru\u017eine &#8211; Hodimo skupaj"},"content":{"rendered":"<p><span style=\"font-size: 14pt;\"><a href=\"https:\/\/katoliska-cerkev.si\/prva-kateheza-hodimo-skupaj\">https:\/\/katoliska-cerkev.si\/prva-kateheza-hodimo-skupaj<\/a><\/span><\/p>\n<p><span style=\"font-size: 14pt;\"><strong><a href=\"https:\/\/katoliska-cerkev.si\/media\/datoteke\/2021\/amoris-laetitia-1_1-slo-final.pdf\">Kateheza \u0161t. 1:\u00a0Hodimo skupaj<\/a><\/strong><\/span><\/p>\n<p><span style=\"font-size: 14pt;\">Ob vstopu v Leto dru\u017eine, 19. marca 2021, je kard. Farrell, prefekt Dikasterija za laike, dru\u017eino in \u017eivljenje, napovedal serijo desetih videov. V njih nam sveti o\u010de skupaj z dru\u017einami s petih celin \u017eeli spregovoriti o vsebini in duhu apostolske spodbude Amoris Laetitia. S preprostim in oprijemljivim jezikom \u017eeli nagovoriti vso Cerkev, zlasti kr\u0161\u010danske dru\u017eine. Vabi nas, da ponovno skupaj odkrijemo, kak\u0161en velik dar je dru\u017eina, ne glede na vse te\u017eave, ovire in izzive, s katerimi se ta danes spopada.<\/span><\/p>\n<p><span style=\"font-size: 14pt;\">Pred nami je prvi video, zraven pa je pridru\u017eena prva kateheza, ki nosi naslov <em>Hodimo skupaj<\/em>. Kateheze so namenjene premi\u0161ljevanju znotraj dru\u017eine ali v skupnosti dru\u017ein, na primer v zakonskih skupinah, pri dru\u017einski katehezi, idr. Vsaka kateheza je razdeljena na \u0161tiri dele, ki jih lahko uporabljamo za premi\u0161ljevanje ob razli\u010dnih prilo\u017enostih tako v dru\u017eini kot v ob\u010destvih. Prva kateheza izpostavlja \u0161tiri elemente dru\u017einskega \u017eivljenja:<\/span><\/p>\n<p><span style=\"font-size: 14pt;\">1 \u2013 Misijonarsko spreobrnjenje za zavezo med dru\u017einami<\/span><\/p>\n<p><span style=\"font-size: 14pt;\">2 \u2013 Prepoznati darove zakona in dru\u017eine<\/span><\/p>\n<p><span style=\"font-size: 14pt;\">3 \u2013 Dru\u017eina: znak usmiljenja<\/span><\/p>\n<p><span style=\"font-size: 14pt;\">4 \u2013 Skrb za vsako dru\u017eino<\/span><\/p>\n<p><span style=\"font-size: 14pt;\">Cilj katehez je, da nas predvsem spodbudijo k razmisleku in medsebojnemu pogovoru, da najdemo nove poti v pastoralnem delovanju. Z njimi \u017eeli Cerkev dru\u017eine opogumiti in jim pomagati v njihovem duhovnem in konkretnem vsakdanjem \u017eivljenju. Sveti o\u010de upa, \u00bbda se bo ob branju vsak \u010dutil poklicanega, da se z ljubeznijo zavzame za dru\u017eine, kajti te &#8216;niso te\u017eava, temve\u010d so v prvi vrsti prilo\u017enost&#8217;.\u00ab (RL 7)<\/span><\/p>\n<p>&nbsp;<\/p>\n<p><span style=\"font-size: 14pt;\">Luka Mavri\u010d<\/span><\/p>\n","protected":false},"excerpt":{"rendered":"<p>https:\/\/katoliska-cerkev.si\/prva-kateheza-hodimo-skupaj Kateheza \u0161t. 1:\u00a0Hodimo skupaj Ob vstopu v Leto dru\u017eine, 19. marca 2021, je kard. Farrell, prefekt Dikasterija za laike, dru\u017eino in \u017eivljenje, napovedal serijo desetih videov. V njih nam sveti o\u010de skupaj z dru\u017einami s petih celin \u017eeli spregovoriti o vsebini in duhu apostolske spodbude Amoris Laetitia. S preprostim in oprijemljivim jezikom \u017eeli nagovoriti <a class=\"read-more\" href=\"https:\/\/www.ztz.rkc.si\/index.php\/2021\/05\/09\/prva-kateheza-v-letu-druzine-hodimo-skupaj\/\">Preberi ve\u010d<\/a><\/p>\n","protected":false},"author":2,"featured_media":1369,"comment_status":"closed","ping_status":"closed","sticky":false,"template":"","format":"standard","meta":{"footnotes":""},"categories":[1],"tags":[],"class_list":["post-1368","post","type-post","status-publish","format-standard","has-post-thumbnail","hentry","category-uncategorized"],"_links":{"self":[{"href":"https:\/\/www.ztz.rkc.si\/index.php\/wp-json\/wp\/v2\/posts\/1368","targetHints":{"allow":["GET"]}}],"collection":[{"href":"https:\/\/www.ztz.rkc.si\/index.php\/wp-json\/wp\/v2\/posts"}],"about":[{"href":"https:\/\/www.ztz.rkc.si\/index.php\/wp-json\/wp\/v2\/types\/post"}],"author":[{"embeddable":true,"href":"https:\/\/www.ztz.rkc.si\/index.php\/wp-json\/wp\/v2\/users\/2"}],"replies":[{"embeddable":true,"href":"https:\/\/www.ztz.rkc.si\/index.php\/wp-json\/wp\/v2\/comments?post=1368"}],"version-history":[{"count":3,"href":"https:\/\/www.ztz.rkc.si\/index.php\/wp-json\/wp\/v2\/posts\/1368\/revisions"}],"predecessor-version":[{"id":1372,"href":"https:\/\/www.ztz.rkc.si\/index.php\/wp-json\/wp\/v2\/posts\/1368\/revisions\/1372"}],"wp:featuredmedia":[{"embeddable":true,"href":"https:\/\/www.ztz.rkc.si\/index.php\/wp-json\/wp\/v2\/media\/1369"}],"wp:attachment":[{"href":"https:\/\/www.ztz.rkc.si\/index.php\/wp-json\/wp\/v2\/media?parent=1368"}],"wp:term":[{"taxonomy":"category","embeddable":true,"href":"https:\/\/www.ztz.rkc.si\/index.php\/wp-json\/wp\/v2\/categories?post=1368"},{"taxonomy":"post_tag","embeddable":true,"href":"https:\/\/www.ztz.rkc.si\/index.php\/wp-json\/wp\/v2\/tags?post=1368"}],"curies":[{"name":"wp","href":"https:\/\/api.w.org\/{rel}","templated":true}]}}