{"id":1160,"date":"2020-11-28T01:25:03","date_gmt":"2020-11-27T23:25:03","guid":{"rendered":"https:\/\/www.ztz.rkc.si\/?p=1160"},"modified":"2020-11-24T10:27:06","modified_gmt":"2020-11-24T08:27:06","slug":"teden-karitas-nagovor-za-soboto-28-11-2020","status":"publish","type":"post","link":"https:\/\/www.ztz.rkc.si\/index.php\/2020\/11\/28\/teden-karitas-nagovor-za-soboto-28-11-2020\/","title":{"rendered":"Teden KARITAS \u2013 nagovor za soboto, 28. 11. 2020"},"content":{"rendered":"<p><img loading=\"lazy\" decoding=\"async\" class=\"alignnone size-full wp-image-1145\" src=\"https:\/\/www.ztz.rkc.si\/wp-content\/uploads\/2020\/11\/karitas.jpg\" alt=\"\" width=\"301\" height=\"167\" \/><\/p>\n<p><span style=\"font-family: arial, helvetica, sans-serif; font-size: 14pt;\"><strong>SLI\u0160IM TE \u2013 ODPRT SEM ZATE<\/strong><\/span><\/p>\n<p><span style=\"font-family: arial, helvetica, sans-serif; font-size: 14pt;\">Dolgoletna sodelavka pri Karitas je \u017eenski, ki je pri\u0161la po pomo\u010d, povedala, da ima zaradi bolnega mo\u017ea te\u017eek dan, a ker rada pomaga, je vseeno pri\u0161la na Karitas sprejemat pomo\u010di potrebne. Gospa, ki je pri\u0161la po pomo\u010d, je spro\u0161\u010deno poslu\u0161ala sodelavko Karitas, jo sprejela in med njima se je razvil prijeten pogovor. Obe sta imeli te\u017eave, a bili sta dovolj odprti, da sta se lahko podpirali in si v danem trenutku pomagali.<\/span><\/p>\n<p><span style=\"font-family: arial, helvetica, sans-serif; font-size: 14pt;\">Sem kdaj pomislil, kako hitro ljudje zaznamo razpolo\u017eenje drugega? Zunanji znaki, kot je nasmeh, ljube\u010d pogled, so nujni za dober za\u010detek komunikacije, a biti morajo iskreni. Ljudje hitro zaznamo, \u010de nas nekdo sprejme z odprtim srcem in nam prisluhne, ali pa je njegov nasmeh in pogled narejen in neiskren. Zanimivo je, da se to za\u010duti celo pri pogovoru preko telefona, kljub temu da \u010dloveka na drugi strani ne vidimo. Tako kot mi za\u010dutimo stisko pri njem, tudi on dobro za\u010duti (ne)pripravljenost pri nas. Zato je najpomembneje, da imamo ljudi radi. Res iskreno radi. \u010ce ljubimo, bo srce to sporo\u010dalo tudi, ko imamo slab dan in nismo najbolj razpolo\u017eeni. Ljudje bodo zaznali na\u0161o utrujenost, a tudi skrito ljube\u010de srce. In ne bo jim te\u017eko sprejeti, da imamo pa\u010d slab\u0161i dan.<\/span><\/p>\n<p><span style=\"font-family: arial, helvetica, sans-serif; font-size: 14pt;\">Ko se ljudje zate\u010dejo k nam, \u017eelijo, da jih najprej poslu\u0161amo. Na\u0161a pripravljenost je odsko\u010dna deska v odnosu z njimi. Lahko odsko\u010dim ali ne, vstopim v odnos ali ne, odprem srce ali ne. V\u010dasih ni lahko biti na razpolago za pogovor: nimam dovolj mo\u010di, da bi s potrebno pozornostjo, pripravljenostjo in navdu\u0161enjem poslu\u0161al bli\u017enjega. Ni narobe, \u010de sem utrujen. Narobe je, \u010de sem preponosen, da bi si to priznal. Takrat nastopi nevarnost, da \u010dloveka sprejmem premalo ljube\u010de ali morda celo z jezo. Ponavadi se tega niti ne zavedam. Kako pa se tak \u010dlovek po\u010duti po hladnem sprejemu?<\/span><\/p>\n<p><span style=\"font-family: arial, helvetica, sans-serif; font-size: 14pt;\">Janez dobro opazuje in prisluhne dogajanju. Preda se \u017eivljenju in se ga veseli. Veli\u010dina njegovega poslu\u0161anja je v tem, da kljub mnogim nerazumljivim podobam ostaja odprt za pot, za \u017eivljenje. V evangeliju pa Kristus vabi k \u010duje\u010dnosti. Spodbuja nas, da pozorno poslu\u0161amo. Bolj ko sli\u0161imo bli\u017enje in Gospoda, bolj smo pripravljeni za slu\u017eenje drugemu. Ko poslu\u0161am, se odpiram za nekaj, kar bogati vse nas in \u017eivljenje nas vseh.<\/span><\/p>\n<p>&nbsp;<\/p>\n<p><span style=\"font-family: arial, helvetica, sans-serif; font-size: 14pt;\"><strong>Vsak izmed nas ima mo\u017enost in svobodo, da se odpre ali zapre. <\/strong><\/span><\/p>\n<p><span style=\"font-family: arial, helvetica, sans-serif; font-size: 14pt;\"><strong>Kak\u0161en sem jaz? Se trudim, \u017eelim, posku\u0161am odpreti? \u0160e posebej to velja zame, ki sem sodelavec Karitas.<\/strong><\/span><\/p>\n<p>&nbsp;<\/p>\n<p>&nbsp;<\/p>\n<p><span style=\"font-family: arial, helvetica, sans-serif; font-size: 14pt;\"><strong>PRO\u0160NJE:<\/strong><\/span><\/p>\n<p><span style=\"font-family: arial, helvetica, sans-serif; font-size: 14pt;\"><em>Troedini Bog, ti pozna\u0161 na\u0161e slabosti in skrbi, ki jih vsi tako te\u017eko pre-poznamo in izre\u010demo. Z zaupanjem se obra\u010damo k tebi in te prosimo:<\/em><\/span><\/p>\n<ol>\n<li><span style=\"font-family: arial, helvetica, sans-serif; font-size: 14pt;\">Utrdi v nas \u010duje\u010dnost in pripravljenost na slu\u017eenje drugim.<\/span><\/li>\n<li><span style=\"font-family: arial, helvetica, sans-serif; font-size: 14pt;\">Prosimo te za dr\u017eavne voditelje, naj se zavzemajo za pravi\u010dnost in mir na svetu.<\/span><\/li>\n<li><span style=\"font-family: arial, helvetica, sans-serif; font-size: 14pt;\">Usmili se vseh trpe\u010dih in jim po\u0161lji tola\u017ebo.<\/span><\/li>\n<li><span style=\"font-family: arial, helvetica, sans-serif; font-size: 14pt;\">Prosimo te za dru\u017eine, ki so v stiski in v katerih ni prave ljubezni.<\/span><\/li>\n<li><span style=\"font-family: arial, helvetica, sans-serif; font-size: 14pt;\">Sprejmi k sebi vse ljudi, \u0161e posebno tiste, ki so se trudili, da bi pomagali drugim.<\/span><\/li>\n<\/ol>\n<p><span style=\"font-family: arial, helvetica, sans-serif; font-size: 14pt;\"><em>Usli\u0161i na\u0161e poni\u017ene pro\u0161nje in nas podpri s svojo mo\u010djo, ki \u017eivi\u0161 in kraljuje\u0161 vekomaj. Amen.<\/em><\/span><\/p>\n<p><span style=\"font-family: arial, helvetica, sans-serif; font-size: 14pt;\"><em>\u00a0<\/em><\/span><\/p>\n<ol>\n<li><span style=\"font-family: arial, helvetica, sans-serif; font-size: 14pt;\"><em> Beno Lavrih<\/em><\/span><\/li>\n<\/ol>\n","protected":false},"excerpt":{"rendered":"<p>SLI\u0160IM TE \u2013 ODPRT SEM ZATE Dolgoletna sodelavka pri Karitas je \u017eenski, ki je pri\u0161la po pomo\u010d, povedala, da ima zaradi bolnega mo\u017ea te\u017eek dan, a ker rada pomaga, je vseeno pri\u0161la na Karitas sprejemat pomo\u010di potrebne. Gospa, ki je pri\u0161la po pomo\u010d, je spro\u0161\u010deno poslu\u0161ala sodelavko Karitas, jo sprejela in med njima se je <a class=\"read-more\" href=\"https:\/\/www.ztz.rkc.si\/index.php\/2020\/11\/28\/teden-karitas-nagovor-za-soboto-28-11-2020\/\">Preberi ve\u010d<\/a><\/p>\n","protected":false},"author":2,"featured_media":1145,"comment_status":"open","ping_status":"open","sticky":false,"template":"","format":"standard","meta":{"footnotes":""},"categories":[1],"tags":[],"class_list":["post-1160","post","type-post","status-publish","format-standard","has-post-thumbnail","hentry","category-uncategorized"],"_links":{"self":[{"href":"https:\/\/www.ztz.rkc.si\/index.php\/wp-json\/wp\/v2\/posts\/1160","targetHints":{"allow":["GET"]}}],"collection":[{"href":"https:\/\/www.ztz.rkc.si\/index.php\/wp-json\/wp\/v2\/posts"}],"about":[{"href":"https:\/\/www.ztz.rkc.si\/index.php\/wp-json\/wp\/v2\/types\/post"}],"author":[{"embeddable":true,"href":"https:\/\/www.ztz.rkc.si\/index.php\/wp-json\/wp\/v2\/users\/2"}],"replies":[{"embeddable":true,"href":"https:\/\/www.ztz.rkc.si\/index.php\/wp-json\/wp\/v2\/comments?post=1160"}],"version-history":[{"count":1,"href":"https:\/\/www.ztz.rkc.si\/index.php\/wp-json\/wp\/v2\/posts\/1160\/revisions"}],"predecessor-version":[{"id":1161,"href":"https:\/\/www.ztz.rkc.si\/index.php\/wp-json\/wp\/v2\/posts\/1160\/revisions\/1161"}],"wp:featuredmedia":[{"embeddable":true,"href":"https:\/\/www.ztz.rkc.si\/index.php\/wp-json\/wp\/v2\/media\/1145"}],"wp:attachment":[{"href":"https:\/\/www.ztz.rkc.si\/index.php\/wp-json\/wp\/v2\/media?parent=1160"}],"wp:term":[{"taxonomy":"category","embeddable":true,"href":"https:\/\/www.ztz.rkc.si\/index.php\/wp-json\/wp\/v2\/categories?post=1160"},{"taxonomy":"post_tag","embeddable":true,"href":"https:\/\/www.ztz.rkc.si\/index.php\/wp-json\/wp\/v2\/tags?post=1160"}],"curies":[{"name":"wp","href":"https:\/\/api.w.org\/{rel}","templated":true}]}}