{"id":1158,"date":"2020-11-27T01:22:28","date_gmt":"2020-11-26T23:22:28","guid":{"rendered":"https:\/\/www.ztz.rkc.si\/?p=1158"},"modified":"2020-11-24T10:24:58","modified_gmt":"2020-11-24T08:24:58","slug":"teden-karitas-nagovor-za-petek-27-11-2020","status":"publish","type":"post","link":"https:\/\/www.ztz.rkc.si\/index.php\/2020\/11\/27\/teden-karitas-nagovor-za-petek-27-11-2020\/","title":{"rendered":"Teden KARITAS \u2013 nagovor za petek, 27. 11. 2020"},"content":{"rendered":"<p><img loading=\"lazy\" decoding=\"async\" class=\"alignnone wp-image-1109\" src=\"https:\/\/www.ztz.rkc.si\/wp-content\/uploads\/2020\/10\/duhovne.jpg\" alt=\"\" width=\"473\" height=\"316\" srcset=\"https:\/\/www.ztz.rkc.si\/wp-content\/uploads\/2020\/10\/duhovne.jpg 800w, https:\/\/www.ztz.rkc.si\/wp-content\/uploads\/2020\/10\/duhovne-300x200.jpg 300w, https:\/\/www.ztz.rkc.si\/wp-content\/uploads\/2020\/10\/duhovne-768x513.jpg 768w, https:\/\/www.ztz.rkc.si\/wp-content\/uploads\/2020\/10\/duhovne-380x254.jpg 380w\" sizes=\"auto, (max-width: 473px) 100vw, 473px\" \/><\/p>\n<p><span style=\"font-family: arial, helvetica, sans-serif; font-size: 14pt;\"><strong>SLI\u0160IM TE \u2013 SKUPAJ RASTEVA<\/strong><\/span><\/p>\n<p><span style=\"font-family: arial, helvetica, sans-serif; font-size: 14pt;\">Mo\u017e in \u017eena, ki sta se leta in leta trudila, da bi znala spo\u0161tovati in sprejemati drug drugega, pripovedujeta: \u00bbKar nekaj let sva potrebovala, da sva se nau\u010dila, kako prisluhniti drug drugemu. S\u010dasoma sva to dosegla \u2013 da se ne le poslu\u0161ava, ampak se tudi sli\u0161iva. Zdaj v pogovoru hitro za\u010dutiva, kaj se v naju dogaja in kako \u017eiviva. Vse bolj se poznava, vse bolje se zaznava in vse mo\u010dnej\u0161a je vez med nama. Vse zato, ker sva se nau\u010dila poslu\u0161ati in se tudi sli\u0161ati.\u00ab<\/span><\/p>\n<p><span style=\"font-family: arial, helvetica, sans-serif; font-size: 14pt;\">Ko ljudje poslu\u0161amo en drugega in se drug drugega trudimo tudi sli\u0161ati, se v odnosu sooblikujemo in pridemo do skupnega jezika. Tu odnos vzcveti, za\u010dnemo rasti, \u017eivljenje d\u00e1 sadove in do\u017eivimo mnogo lepega in dobrega. \u010ce drugega ne sli\u0161imo, te rasti ni. V odnosu se torej rojeva \u010dustveno in duhovno bogastvo \u0161ele, ko se preko obojestransko odprte zaupne komunikacije na poseben na\u010din pribli\u017eamo drug drugemu. Pri tem ne gre le za to, da sli\u0161imo, kaj drugi dela in kako \u017eivi, ampak gre za rast zna\u010dajev in osebnosti dveh posameznikov, ki sta se drug drugemu odprla.<\/span><\/p>\n<p><span style=\"font-family: arial, helvetica, sans-serif; font-size: 14pt;\">Vsak odnos je svoj svet. Obstajajo razli\u010dno intenzivni in globoki odnosi, nekateri zelo plitvi, v katerih nas ne ve\u017ee veliko skupnega in v katere ne vlagamo veliko energije, obstajajo pa celo negativni odnosi, ki nam jemljejo vso voljo in energijo. A tudi ti nam lahko pomagajo k rasti, \u010de le dopustimo. Ljudje lahko v medsebojnih odnosih odkrijemo neizmerno bogastvo \u017eivljenja.<\/span><\/p>\n<p><span style=\"font-family: arial, helvetica, sans-serif; font-size: 14pt;\">V evangeliju Jezus govori o rasti kot o procesu. Vse ima svoj \u010das in svoj prostor za rast. Smokvino drevo ima pri rasti svoje zakonitosti. To lahko prenesemo na na\u0161e odnose. Vsak odnos je dinami\u010den in raste, to pa zahteva \u010das za razvoj in potrpljenje. Pogosto na zunaj hitrega napredka ne opazimo, kar pa ne pomeni, da rasti in razvoja ni. Rast je vedno nekoliko skrivnostna, v\u010dasih tudi nekoliko zastane, a \u010de jo dopustimo, daje sad.<\/span><\/p>\n<p><span style=\"font-family: arial, helvetica, sans-serif; font-size: 14pt;\">Najve\u010dja mo\u010d slu\u017eenja v Karitas je ustvarjanje odnosa. Izro\u010diti nekomu dar v obliki denarja ali hrane je gotovo dejanje pomo\u010di, a je relativno lahko. Ve\u010dji in te\u017eji pa je dar ljubezni, ki je poslu\u0161anje in sprejemanje osebe, ki jo je Bog v tistem hipu postavil pred nas. To je prvo in najpomembnej\u0161e delo Karitas. Njeno bistvo, na katerega ne smemo pozabiti.<\/span><\/p>\n<p><span style=\"font-family: arial, helvetica, sans-serif; font-size: 14pt;\"><strong>Kako poslu\u0161am jaz, kaj sli\u0161im? Prepoznam potrebe iz \u010dlovekove notranjosti, ali znam dati le kilogram ri\u017ea in liter olja?<\/strong><\/span><\/p>\n<p><span style=\"font-family: arial, helvetica, sans-serif; font-size: 14pt;\"><strong>Kako s poslu\u0161anjem gradim odnos? Vidim le sebe in svojo pomembnost, ali vanj vklju\u010dim tudi bli\u017enjega in predvsem Boga, ki nama omogo\u010da dobro komunikacijo?<\/strong><\/span><\/p>\n<p>&nbsp;<\/p>\n<p>&nbsp;<\/p>\n<p><span style=\"font-family: arial, helvetica, sans-serif; font-size: 14pt;\"><strong>PRO\u0160NJE:<\/strong><\/span><\/p>\n<p><span style=\"font-family: arial, helvetica, sans-serif; font-size: 14pt;\"><em>Dragi bratje in sestre, polo\u017eimo svoje pro\u0161nje na oltar in z zaupanjem prosimo:<\/em><\/span><\/p>\n<ol>\n<li><span style=\"font-family: arial, helvetica, sans-serif; font-size: 14pt;\">Dobri Bog, odpri nam o\u010di, da bomo videli in sli\u0161ali ljudi, ki potrebujejo pomo\u010d, in daj nam mo\u010di, da bomo lahko pomagali.<\/span><\/li>\n<li><span style=\"font-family: arial, helvetica, sans-serif; font-size: 14pt;\">Prosimo te za pape\u017ea, \u0161kofe in duhovnike, naj z besedo in dejanji pomagajo pomo\u010di potrebnim.<\/span><\/li>\n<li><span style=\"font-family: arial, helvetica, sans-serif; font-size: 14pt;\">Pomagaj na\u0161im dru\u017einam, da si bodo prizadevale \u017eiveti v slogi in ljubezni.<\/span><\/li>\n<li><span style=\"font-family: arial, helvetica, sans-serif; font-size: 14pt;\">Dobri Bog, razsvetljuj vse, ki delajo za bolne, zapostavljene in ne-mo\u010dne. Pridru\u017ei jim nove sodelavce.<\/span><\/li>\n<li><span style=\"font-family: arial, helvetica, sans-serif; font-size: 14pt;\">Naj na\u0161i rajni u\u017eivajo ve\u010dno sre\u010do pri tebi.<\/span><\/li>\n<\/ol>\n<p><span style=\"font-size: 14pt;\"><em><span style=\"font-family: arial, helvetica, sans-serif;\">Usli\u0161i na\u0161e poni\u017ene pro\u0161nje in nas podpri s svojo mo\u010djo, ki \u017eivi\u0161 in kraljuje\u0161 vekomaj. Amen.<\/span> <\/em><\/span><\/p>\n","protected":false},"excerpt":{"rendered":"<p>SLI\u0160IM TE \u2013 SKUPAJ RASTEVA Mo\u017e in \u017eena, ki sta se leta in leta trudila, da bi znala spo\u0161tovati in sprejemati drug drugega, pripovedujeta: \u00bbKar nekaj let sva potrebovala, da sva se nau\u010dila, kako prisluhniti drug drugemu. S\u010dasoma sva to dosegla \u2013 da se ne le poslu\u0161ava, ampak se tudi sli\u0161iva. Zdaj v pogovoru hitro <a class=\"read-more\" href=\"https:\/\/www.ztz.rkc.si\/index.php\/2020\/11\/27\/teden-karitas-nagovor-za-petek-27-11-2020\/\">Preberi ve\u010d<\/a><\/p>\n","protected":false},"author":2,"featured_media":1109,"comment_status":"open","ping_status":"open","sticky":false,"template":"","format":"standard","meta":{"footnotes":""},"categories":[1],"tags":[],"class_list":["post-1158","post","type-post","status-publish","format-standard","has-post-thumbnail","hentry","category-uncategorized"],"_links":{"self":[{"href":"https:\/\/www.ztz.rkc.si\/index.php\/wp-json\/wp\/v2\/posts\/1158","targetHints":{"allow":["GET"]}}],"collection":[{"href":"https:\/\/www.ztz.rkc.si\/index.php\/wp-json\/wp\/v2\/posts"}],"about":[{"href":"https:\/\/www.ztz.rkc.si\/index.php\/wp-json\/wp\/v2\/types\/post"}],"author":[{"embeddable":true,"href":"https:\/\/www.ztz.rkc.si\/index.php\/wp-json\/wp\/v2\/users\/2"}],"replies":[{"embeddable":true,"href":"https:\/\/www.ztz.rkc.si\/index.php\/wp-json\/wp\/v2\/comments?post=1158"}],"version-history":[{"count":1,"href":"https:\/\/www.ztz.rkc.si\/index.php\/wp-json\/wp\/v2\/posts\/1158\/revisions"}],"predecessor-version":[{"id":1159,"href":"https:\/\/www.ztz.rkc.si\/index.php\/wp-json\/wp\/v2\/posts\/1158\/revisions\/1159"}],"wp:featuredmedia":[{"embeddable":true,"href":"https:\/\/www.ztz.rkc.si\/index.php\/wp-json\/wp\/v2\/media\/1109"}],"wp:attachment":[{"href":"https:\/\/www.ztz.rkc.si\/index.php\/wp-json\/wp\/v2\/media?parent=1158"}],"wp:term":[{"taxonomy":"category","embeddable":true,"href":"https:\/\/www.ztz.rkc.si\/index.php\/wp-json\/wp\/v2\/categories?post=1158"},{"taxonomy":"post_tag","embeddable":true,"href":"https:\/\/www.ztz.rkc.si\/index.php\/wp-json\/wp\/v2\/tags?post=1158"}],"curies":[{"name":"wp","href":"https:\/\/api.w.org\/{rel}","templated":true}]}}