{"id":1152,"date":"2020-11-25T01:16:15","date_gmt":"2020-11-24T23:16:15","guid":{"rendered":"https:\/\/www.ztz.rkc.si\/?p=1152"},"modified":"2020-11-24T10:19:30","modified_gmt":"2020-11-24T08:19:30","slug":"teden-karitas-nagovor-za-sredo-25-11-2020","status":"publish","type":"post","link":"https:\/\/www.ztz.rkc.si\/index.php\/2020\/11\/25\/teden-karitas-nagovor-za-sredo-25-11-2020\/","title":{"rendered":"Teden KARITAS \u2013 nagovor za sredo, 25. 11. 2020"},"content":{"rendered":"<p><img loading=\"lazy\" decoding=\"async\" class=\"alignnone size-full wp-image-1153\" src=\"https:\/\/www.ztz.rkc.si\/wp-content\/uploads\/2020\/11\/karitas2.jpg\" alt=\"\" width=\"206\" height=\"245\" \/><\/p>\n<p><span style=\"font-family: arial, helvetica, sans-serif; font-size: 14pt;\"><strong>SLI\u0160IM TE \u2013 DAJEVA SI MO\u010c<\/strong><\/span><\/p>\n<p><span style=\"font-family: arial, helvetica, sans-serif; font-size: 14pt;\">Mo\u017e pove: \u00bbZelo te\u017eko mi je bilo. Bil sem sam, obupan, nisem vedel, kam naj se obrnem, a zavedal sem se, kako nujno je, da se nekomu izpovem. Kon\u010dno sem se le odlo\u010dil, da pokli\u010dem prijatelja. Pozorno me je poslu\u0161al. Z njegove strani nisem pri\u010dakoval odgovora in re\u0161itve za moje te\u017eave, a ob pogovoru sem dobil mo\u010d in duha za sprejemanje stanja, v katerem sem se zna\u0161el.\u00ab<\/span><\/p>\n<p><span style=\"font-family: arial, helvetica, sans-serif; font-size: 14pt;\">V \u017eivljenju se sre\u010dujemo z mnogimi te\u017ekimi situacijami in odnosi, kjer se konflikti kopi\u010dijo in se kar ne razre\u0161ijo. Pogosto re\u0161itve niti ni, kar nas lahko zelo potre. Koliko la\u017eje nam je, \u010de se lahko pogovorimo z zaupanja vrednim prijateljem, ki nas poslu\u0161a, ki nas sli\u0161i, ki nam da \u010dutiti, da v stiski nismo sami! Ozavestimo zdaj \u0161e svoj na\u010din poslu\u0161anja: poslu\u0161am, sprejemam, ali sproti premi\u0161ljujem, kaj in kako bom odgovoril, da se bom pohvalil, kako sem sam re\u0161il podobno situacijo, podal re\u0161itev ali morda samo tola\u017eil? Ne, ne delajmo tega! Ni potrebno, lahko je celo mote\u010de. \u010clovek v stiski potrebuje le, da ga poslu\u0161am, sli\u0161im in sprejmem.<\/span><\/p>\n<p><span style=\"font-family: arial, helvetica, sans-serif; font-size: 14pt;\">Sem bil kdaj v stiski in nisem vedel, ne kod ne kam? Sem kdaj osamljen taval v svoji nesre\u010di, dokler mi prijatelj ni ponudil pomo\u010di, opore, spremstva in pogovora? Kako sem se po\u010dutil? Verjetno je prav vsak od nas \u017ee \u0161el skozi tak\u0161no situacijo. Ko sem sam hodil po taki temni dolini, sem pri\u0161el do spoznanja, kako pomembno in potrebno je, da imam nekoga, ki me poslu\u0161a, sli\u0161i, razume in sprejema. Kako pomembno je, da sli\u0161im, da mi nekdo \u017eeli pomagati! S \u010dlovekom, ki me poslu\u0161a, se pove\u017eem in dobim nenavadno mo\u010d. Te\u017eko opi\u0161em, kaj to\u010dno se tedaj dogaja, a to mo\u010d dobro \u010dutim in je izjemno do\u017eivetje. Je Bo\u017eji dar.<\/span><\/p>\n<p><span style=\"font-family: arial, helvetica, sans-serif; font-size: 14pt;\">Dana\u0161nji evangelij je na prvi pogled poln negotovosti in strahu. \u010ce ne zmorem pogleda preko stiske, je vse skupaj ena velika beda, \u017ealost, obup. Mar ne delam pogosto tega tudi sam, ko poslu\u0161am in berem vsakodnevne novice? Gledam le nesre\u010do in ne vidim obljube in Bo\u017ejega posega, re\u0161itve, kot je v evangeliju, kjer beremo, da se ne smemo ustaviti pod bremenom preizku\u0161enj.<\/span><\/p>\n<p><span style=\"font-family: arial, helvetica, sans-serif; font-size: 14pt;\">Treba je sli\u0161ati. Sli\u0161ati kaj? Sli\u0161ati Gospoda, ki nam daje obljubo, pogum in mo\u010d. Bog nas sli\u0161i in to nam sporo\u010da po znamenjih, le mi jih pogosto ne prepoznamo. To, da nas Bog sli\u0161i, je za nas velika tola\u017eba. Z mirom v srcu lahko pri\u010dakujemo, da nas bo v trenutkih stiske sli\u0161al in re\u0161il. Na na\u010din, ki je v njegovih o\u010deh za nas najbolj\u0161i.<\/span><\/p>\n<p><span style=\"font-family: arial, helvetica, sans-serif; font-size: 14pt;\"><strong>\u00a0<\/strong><\/span><\/p>\n<p><span style=\"font-family: arial, helvetica, sans-serif; font-size: 14pt;\"><strong>Kako se po\u010dutim, ko me zares sli\u0161ijo? Ali se zavedam, kako pomembno je, da tudi jaz sli\u0161im bli\u017enjega?<\/strong><\/span><\/p>\n<p>&nbsp;<\/p>\n<p>&nbsp;<\/p>\n<p><span style=\"font-family: arial, helvetica, sans-serif; font-size: 14pt;\"><strong>PRO\u0160NJE:<\/strong><\/span><\/p>\n<p><span style=\"font-family: arial, helvetica, sans-serif; font-size: 14pt;\"><em>Dobri Jezus, prisluhni na\u0161im pro\u0161njam:<\/em><\/span><\/p>\n<ol>\n<li><span style=\"font-family: arial, helvetica, sans-serif; font-size: 14pt;\">Prosimo te za pogum in modrost, da bomo znali o tebi spregovoriti tudi drugim ljudem.<\/span><\/li>\n<li><span style=\"font-family: arial, helvetica, sans-serif; font-size: 14pt;\">Prosimo te za pape\u017ea, \u0161kofe in duhovnike. Naj nas s svojim zgledom in besedami usmerjajo v \u017eivljenje.<\/span><\/li>\n<li><span style=\"font-family: arial, helvetica, sans-serif; font-size: 14pt;\">Blagoslavljaj delo vseh, ki se trudijo za bolne, onemogle, umirajo\u010de.<\/span><\/li>\n<li><span style=\"font-family: arial, helvetica, sans-serif; font-size: 14pt;\">Jezus, pomagaj nam, da bomo v svetu prina\u0161ali veselje in tola\u017ebo vsem, ki jo potrebujejo.<\/span><\/li>\n<li><span style=\"font-family: arial, helvetica, sans-serif; font-size: 14pt;\">Usmiljeno sprejmi k sebi vse, ki v teh dneh kon\u010dujejo svoje zemeljsko \u017eivljenje.<\/span><\/li>\n<\/ol>\n<p><span style=\"font-family: arial, helvetica, sans-serif; font-size: 14pt;\"><em>Dobri Jezus, usli\u0161i na\u0161e poni\u017ene pro\u0161nje, ki \u017eivi\u0161 in kraljuje\u0161 vekomaj. Amen.<\/em><\/span><\/p>\n","protected":false},"excerpt":{"rendered":"<p>SLI\u0160IM TE \u2013 DAJEVA SI MO\u010c Mo\u017e pove: \u00bbZelo te\u017eko mi je bilo. Bil sem sam, obupan, nisem vedel, kam naj se obrnem, a zavedal sem se, kako nujno je, da se nekomu izpovem. Kon\u010dno sem se le odlo\u010dil, da pokli\u010dem prijatelja. Pozorno me je poslu\u0161al. Z njegove strani nisem pri\u010dakoval odgovora in re\u0161itve za <a class=\"read-more\" href=\"https:\/\/www.ztz.rkc.si\/index.php\/2020\/11\/25\/teden-karitas-nagovor-za-sredo-25-11-2020\/\">Preberi ve\u010d<\/a><\/p>\n","protected":false},"author":2,"featured_media":1153,"comment_status":"open","ping_status":"open","sticky":false,"template":"","format":"standard","meta":{"footnotes":""},"categories":[1],"tags":[],"class_list":["post-1152","post","type-post","status-publish","format-standard","has-post-thumbnail","hentry","category-uncategorized"],"_links":{"self":[{"href":"https:\/\/www.ztz.rkc.si\/index.php\/wp-json\/wp\/v2\/posts\/1152","targetHints":{"allow":["GET"]}}],"collection":[{"href":"https:\/\/www.ztz.rkc.si\/index.php\/wp-json\/wp\/v2\/posts"}],"about":[{"href":"https:\/\/www.ztz.rkc.si\/index.php\/wp-json\/wp\/v2\/types\/post"}],"author":[{"embeddable":true,"href":"https:\/\/www.ztz.rkc.si\/index.php\/wp-json\/wp\/v2\/users\/2"}],"replies":[{"embeddable":true,"href":"https:\/\/www.ztz.rkc.si\/index.php\/wp-json\/wp\/v2\/comments?post=1152"}],"version-history":[{"count":1,"href":"https:\/\/www.ztz.rkc.si\/index.php\/wp-json\/wp\/v2\/posts\/1152\/revisions"}],"predecessor-version":[{"id":1154,"href":"https:\/\/www.ztz.rkc.si\/index.php\/wp-json\/wp\/v2\/posts\/1152\/revisions\/1154"}],"wp:featuredmedia":[{"embeddable":true,"href":"https:\/\/www.ztz.rkc.si\/index.php\/wp-json\/wp\/v2\/media\/1153"}],"wp:attachment":[{"href":"https:\/\/www.ztz.rkc.si\/index.php\/wp-json\/wp\/v2\/media?parent=1152"}],"wp:term":[{"taxonomy":"category","embeddable":true,"href":"https:\/\/www.ztz.rkc.si\/index.php\/wp-json\/wp\/v2\/categories?post=1152"},{"taxonomy":"post_tag","embeddable":true,"href":"https:\/\/www.ztz.rkc.si\/index.php\/wp-json\/wp\/v2\/tags?post=1152"}],"curies":[{"name":"wp","href":"https:\/\/api.w.org\/{rel}","templated":true}]}}