{"id":1148,"date":"2020-11-24T08:57:42","date_gmt":"2020-11-24T06:57:42","guid":{"rendered":"https:\/\/www.ztz.rkc.si\/?p=1148"},"modified":"2020-11-24T08:57:42","modified_gmt":"2020-11-24T06:57:42","slug":"teden-karitas-nagovor-za-torek-24-11-2020","status":"publish","type":"post","link":"https:\/\/www.ztz.rkc.si\/index.php\/2020\/11\/24\/teden-karitas-nagovor-za-torek-24-11-2020\/","title":{"rendered":"Teden KARITAS \u2013 nagovor za torek, 24. 11. 2020"},"content":{"rendered":"<p><img loading=\"lazy\" decoding=\"async\" class=\"alignnone size-full wp-image-1149\" src=\"https:\/\/www.ztz.rkc.si\/wp-content\/uploads\/2020\/11\/karitas1.jpg\" alt=\"\" width=\"375\" height=\"135\" srcset=\"https:\/\/www.ztz.rkc.si\/wp-content\/uploads\/2020\/11\/karitas1.jpg 375w, https:\/\/www.ztz.rkc.si\/wp-content\/uploads\/2020\/11\/karitas1-300x108.jpg 300w\" sizes=\"auto, (max-width: 375px) 100vw, 375px\" \/><\/p>\n<p><span style=\"font-family: arial, helvetica, sans-serif; font-size: 14pt;\"><strong>SLI\u0160IM TE \u2013 ZAME SI ZNAMENJE<\/strong><\/span><\/p>\n<p><span style=\"font-family: arial, helvetica, sans-serif; font-size: 14pt;\">Mo\u017e pripoveduje: \u00bbVe\u010dkrat sva se pogovarjala, a ne razumela. Ravno tega ni bilo, \u010desar sem si najbolj \u017eelel: da bi se sli\u0161ala. Tega sva se morala nau\u010diti. Po\u010dasi, a vztrajno sem se u\u010dil, da sem se pred vsakim pogovorom ustavil, umiril sebe, svoje misli, \u010dute, \u010dustva in pozorno poslu\u0161al. Posku\u0161al sem ozavestiti, da je pravilno poslu\u0161anje nujno. Za\u010del sem poslu\u0161ati potrpe\u017eljivo, skrbno, predano, brez nestrpnosti in prekinjanja. Zato sem se lahko veselil rezultatov najinega sporazumevanja: za\u010dela sva se zbli\u017eevati in vse je postalo dar in posebno znamenje najinega odnosa.\u00ab<\/span><\/p>\n<p><span style=\"font-family: arial, helvetica, sans-serif; font-size: 14pt;\">Tako kot v zakonu je pravzaprav v vsakem odnosu, ki \u017eeli za\u017eiveti in pre\u017eiveti: poslu\u0161anje je ena temeljnih nujnosti, brez tega ni odnosa. Je dar in pomembno znamenje ljubezni, kajti po njem Bo\u017eja ljubezen in Kristusovo veselo oznanilo prihajata do mojega bli\u017enjega. Najve\u010d mu lahko dam, ko ga zares poslu\u0161am in tudi sli\u0161im: le tako sem jaz odprt zanj, on pa se bo \u010dutil sprejetega in se bo odprl. V nasprotnem primeru se bo po\u010dutil izlo\u010denega in se bo prizadet zaprl. S poslu\u0161anjem izrazim spo\u0161tovanje do njega, mu dam dostojanstvo, ki mu gre, in postanem znamenje in orodje Bo\u017eje ljubezni.<\/span><\/p>\n<p><span style=\"font-family: arial, helvetica, sans-serif; font-size: 14pt;\">Sli\u0161al sem ljudi, ki so rekli: \u00bbNih\u010de me ni zares poslu\u0161al. Po\u010dutil sem se poni\u017eanega, nikoli ve\u010d se ne vrnem po pomo\u010d.\u00ab Pa tudi: \u00bbLej, noro, poslu\u0161ali so me! Ve\u010d kot pomo\u010d mi je pomenilo, da so me sli\u0161ali.\u00ab Ve\u010d kot sama finan\u010dna ali materialna pomo\u010d je vredno to, da \u010dloveku do-pustim biti to, kar on sam v svoji stiski in bole\u010dini je. \u0160ele, ko se kot tak \u010duti sprejetega, lahko brez ob\u010dutka podcenjevanja sledi moj drugi korak \u2013 pomo\u010d, ki bli\u017enjemu ni v poni\u017eanje.<\/span><\/p>\n<p><span style=\"font-family: arial, helvetica, sans-serif; font-size: 14pt;\">\u010ce pomislim na Karitas: ne moremo vedno pomagati vsem ljudem v njihovih potrebah, a bli\u017enjemu darovana pozornost in \u010das je bila, je in naj ostane ogledalo Karitas.<\/span><\/p>\n<p><span style=\"font-family: arial, helvetica, sans-serif; font-size: 14pt;\">Prepoznavati Bo\u017eja znamenja, sli\u0161ati Bo\u017ejo govorico &#8211; to je milost in poseben dar. Jezus nas vabi, da se ob njih ustavimo. V Bo\u017eji besedi odkrivamo, kako Bog Janeza vodi po znamenjih. Enako \u017eeli voditi in spremljati tudi nas, zato nam preko drugih stalno po\u0161ilja znamenja in nas postavlja za znamenje drugim. Poslu\u0161ati in sli\u0161ati je veliko znamenje. Je znamenje spo\u0161tovanja, zanimanja, sprejemanja, ljubezni. Je znamenje Bo\u017ejega dotika. Po na\u0161em resnem medsebojnem poslu\u0161anju Bog prihaja k nam.<\/span><\/p>\n<p>&nbsp;<\/p>\n<p><span style=\"font-family: arial, helvetica, sans-serif; font-size: 14pt;\"><strong>In jaz \u2013 poslu\u0161am? <\/strong><\/span><\/p>\n<p><span style=\"font-family: arial, helvetica, sans-serif; font-size: 14pt;\"><strong>Tudi sli\u0161im? Kak\u0161no znamenje sem bli\u017enjemu?<\/strong><\/span><\/p>\n<p>&nbsp;<\/p>\n<p>&nbsp;<\/p>\n<p><span style=\"font-family: arial, helvetica, sans-serif; font-size: 14pt;\"><strong>PRO\u0160NJE:<\/strong><\/span><\/p>\n<p><span style=\"font-family: arial, helvetica, sans-serif; font-size: 14pt;\"><em>Dobri Bog, prisluhni pro\u0161njam, ki jih polagamo predte:<\/em><\/span><\/p>\n<ol>\n<li><span style=\"font-family: arial, helvetica, sans-serif; font-size: 14pt;\">Prosimo te za mo\u010d, da bomo vedno zmogli delati to, kar je prav.<\/span><\/li>\n<li><span style=\"font-family: arial, helvetica, sans-serif; font-size: 14pt;\">Pomagaj nam, da bomo znali prepoznavati tvoja znamenja, s kate-rimi nas \u017eeli\u0161 voditi po pravi poti.<\/span><\/li>\n<li><span style=\"font-family: arial, helvetica, sans-serif; font-size: 14pt;\">Po\u017eivi v na\u0161ih srcih so\u010dutnost, solidarnost in dobrodelnost.<\/span><\/li>\n<li><span style=\"font-family: arial, helvetica, sans-serif; font-size: 14pt;\">Ohranjaj v nas veselje in nam pomagaj, da ga bomo delili z drugimi.<\/span><\/li>\n<li><span style=\"font-family: arial, helvetica, sans-serif; font-size: 14pt;\">Sprejmi k sebi v ve\u010dno veselje vse ljudi, \u0161e posebno tiste, ki so v teh dneh umrli zaradi oku\u017ebe s koronavirusom.<\/span><\/li>\n<\/ol>\n<p><span style=\"font-family: arial, helvetica, sans-serif; font-size: 14pt;\"><em>Usli\u0161i na\u0161e poni\u017ene pro\u0161nje in ohrani v nas ljubezen do tebe, ki \u017eivi\u0161 in kraljuje\u0161 vekomaj. Amen.<\/em><\/span><\/p>\n","protected":false},"excerpt":{"rendered":"<p>SLI\u0160IM TE \u2013 ZAME SI ZNAMENJE Mo\u017e pripoveduje: \u00bbVe\u010dkrat sva se pogovarjala, a ne razumela. Ravno tega ni bilo, \u010desar sem si najbolj \u017eelel: da bi se sli\u0161ala. Tega sva se morala nau\u010diti. Po\u010dasi, a vztrajno sem se u\u010dil, da sem se pred vsakim pogovorom ustavil, umiril sebe, svoje misli, \u010dute, \u010dustva in pozorno poslu\u0161al. <a class=\"read-more\" href=\"https:\/\/www.ztz.rkc.si\/index.php\/2020\/11\/24\/teden-karitas-nagovor-za-torek-24-11-2020\/\">Preberi ve\u010d<\/a><\/p>\n","protected":false},"author":2,"featured_media":1149,"comment_status":"open","ping_status":"open","sticky":false,"template":"","format":"standard","meta":{"footnotes":""},"categories":[1],"tags":[],"class_list":["post-1148","post","type-post","status-publish","format-standard","has-post-thumbnail","hentry","category-uncategorized"],"_links":{"self":[{"href":"https:\/\/www.ztz.rkc.si\/index.php\/wp-json\/wp\/v2\/posts\/1148","targetHints":{"allow":["GET"]}}],"collection":[{"href":"https:\/\/www.ztz.rkc.si\/index.php\/wp-json\/wp\/v2\/posts"}],"about":[{"href":"https:\/\/www.ztz.rkc.si\/index.php\/wp-json\/wp\/v2\/types\/post"}],"author":[{"embeddable":true,"href":"https:\/\/www.ztz.rkc.si\/index.php\/wp-json\/wp\/v2\/users\/2"}],"replies":[{"embeddable":true,"href":"https:\/\/www.ztz.rkc.si\/index.php\/wp-json\/wp\/v2\/comments?post=1148"}],"version-history":[{"count":1,"href":"https:\/\/www.ztz.rkc.si\/index.php\/wp-json\/wp\/v2\/posts\/1148\/revisions"}],"predecessor-version":[{"id":1150,"href":"https:\/\/www.ztz.rkc.si\/index.php\/wp-json\/wp\/v2\/posts\/1148\/revisions\/1150"}],"wp:featuredmedia":[{"embeddable":true,"href":"https:\/\/www.ztz.rkc.si\/index.php\/wp-json\/wp\/v2\/media\/1149"}],"wp:attachment":[{"href":"https:\/\/www.ztz.rkc.si\/index.php\/wp-json\/wp\/v2\/media?parent=1148"}],"wp:term":[{"taxonomy":"category","embeddable":true,"href":"https:\/\/www.ztz.rkc.si\/index.php\/wp-json\/wp\/v2\/categories?post=1148"},{"taxonomy":"post_tag","embeddable":true,"href":"https:\/\/www.ztz.rkc.si\/index.php\/wp-json\/wp\/v2\/tags?post=1148"}],"curies":[{"name":"wp","href":"https:\/\/api.w.org\/{rel}","templated":true}]}}