{"id":1143,"date":"2020-11-23T18:13:41","date_gmt":"2020-11-23T16:13:41","guid":{"rendered":"https:\/\/www.ztz.rkc.si\/?p=1143"},"modified":"2020-11-23T18:15:44","modified_gmt":"2020-11-23T16:15:44","slug":"teden-karitas-nagovor-za-ponedeljek-23-11-2020","status":"publish","type":"post","link":"https:\/\/www.ztz.rkc.si\/index.php\/2020\/11\/23\/teden-karitas-nagovor-za-ponedeljek-23-11-2020\/","title":{"rendered":"Teden KARITAS &#8211; nagovor za ponedeljek, 23. 11. 2020"},"content":{"rendered":"<p><img loading=\"lazy\" decoding=\"async\" class=\"alignnone size-full wp-image-1145\" src=\"https:\/\/www.ztz.rkc.si\/wp-content\/uploads\/2020\/11\/karitas.jpg\" alt=\"\" width=\"301\" height=\"167\" \/><\/p>\n<p><span style=\"font-family: arial, helvetica, sans-serif; font-size: 14pt;\"><strong>SLI\u0160IM TE \u2013 PA TE TUDI RAZUMEM?<\/strong><\/span><\/p>\n<p><span style=\"font-family: arial, helvetica, sans-serif; font-size: 14pt;\">V skupini so si pripovedovali zgodbo, ki je \u0161la od ust do ust. Treba jo je bilo poslu\u0161ati zbrano. Prvotna razli\u010dica zgodbe je bila precej druga\u010dna od kon\u010dne. Zakaj? Nekateri udele\u017eenci niso pozorno poslu\u0161ali, drugi so kak\u0161no podrobnost pozabili, eni so sli\u0161ali in drugim posredovali tisto, kar jim je bilo bolj v\u0161e\u010d, zanimivo, zabavno. Ob vsem tem je pripovedovanje in poslu\u0161anje motil tudi hrup.<\/span><\/p>\n<p><span style=\"font-family: arial, helvetica, sans-serif; font-size: 14pt;\">Prijatelja sta v pogovoru drug drugega pozorno poslu\u0161ala. Vendar je eden od njiju govoril v prispodobah in pogosto menjal smer pogovora, v katerem so bila sporo\u010dila nejasna in skrita. Kljub pozornemu poslu\u0161anju jih prijatelj ni uspel razbrati in komunikacija ni bila uspe\u0161na.<\/span><\/p>\n<p><span style=\"font-family: arial, helvetica, sans-serif; font-size: 14pt;\">V vsakdanjem \u017eivljenju se nam vsem dogaja, da je v na\u0161i komunikaciji mnogo \u0161umov: na\u010din govora, mote\u010de okoli\u0161\u010dine, te\u017eka ali neprijetna tematika pogovora, nezbranost in slaba osredoto\u010denost na pogovor &#8230; Pogosto se nam zgodi, da poslu\u0161amo, a ne razumemo. Pred seboj vidimo \u010dloveka, sli\u0161imo njegov glas, a ne dojamemo njegovega sporo-\u010dila. Omenjenih \u0161umov se lahko zavedamo ali ne. Lahko se jih trudimo odpraviti, lahko jih dopu\u0161\u010damo ali celo namerno povzro\u010damo.<\/span><\/p>\n<p><span style=\"font-family: arial, helvetica, sans-serif; font-size: 14pt;\">Znati poslu\u0161ati in sli\u0161ati je dar. So ljudje, ki tega ne zmorejo: te\u017eko se v\u017eivijo v drugega, zato ne sli\u0161ijo. Te\u017eko se pribli\u017eajo potrebam bli\u017enjega. Nekateri pa no\u010dejo poslu\u0161ati. Morda jih odbija oseba ali jih vznemirja njen problem in se vsemu raje izognejo. A z nekaj truda se poslu\u0161anja lahko priu\u010dimo.<\/span><\/p>\n<p><span style=\"font-family: arial, helvetica, sans-serif; font-size: 14pt;\">V dana\u0161nji Bo\u017eji besedi je Janez sli\u0161al, a preko \u0161umenja voda in bobnenja groma je sli\u0161al nerazlo\u010dno. Posku\u0161al si je ustvariti neko podobo, ki pa je ostala nedoumljiva, nedokon\u010dna, skrivnostna. Taka je tudi Bo\u017eja govorica z nami, ki jo moramo vplesti v svoje \u017eivljenje. Jezus nam govori v prilikah. Vdova v evangeliju je primer dialoga med Bogom in njenim srcem, kjer se rodi ljubezen. Tista ljubezen, ki se ne kon\u010da z lepo bese-do, ampak v dejanju. V tem pa je tudi na\u0161 cilj, da s poslu\u0161anjem sli\u0161imo sporo\u010dilo, ki nas pritegne v dejanja iz ljubezni.<\/span><\/p>\n<p><span style=\"font-family: arial, helvetica, sans-serif; font-size: 14pt;\"><strong>Koga poslu\u0161am? Kaj vse je v meni, ko poslu\u0161am? Kaj sli\u0161im?<\/strong><\/span><\/p>\n<p><span style=\"font-family: arial, helvetica, sans-serif; font-size: 14pt;\">Geslo leto\u0161njega tedna Karitas \u00bbSLI\u0160IM TE\u00ab je zanimivo, izzivalno in je klju\u010dno pri na\u0161em vsakodnevnem sporazumevanju ter nepogre\u0161ljiva osnova za na\u0161o pomo\u010d bli\u017enjim v razli\u010dnih potrebah. Naj v nas prebudi nesebi\u010dno ljubezen!<\/span><\/p>\n<p><span style=\"font-family: arial, helvetica, sans-serif; font-size: 14pt;\"><strong>PRO\u0160NJE:<\/strong><\/span><\/p>\n<p><span style=\"font-family: arial, helvetica, sans-serif; font-size: 14pt;\">Jezus, vabi\u0161 nas, da odgovorimo na tvoj klic. Prisluhni na\u0161im pro\u0161njam, ki jih polagamo predte:<\/span><\/p>\n<ol>\n<li><span style=\"font-family: arial, helvetica, sans-serif; font-size: 14pt;\">Prosimo Te za vse kristjane, da bomo s svojo dobroto zgled drugim ljudem.<\/span><\/li>\n<li><span style=\"font-family: arial, helvetica, sans-serif; font-size: 14pt;\">Prosimo te za pape\u017ea, \u0161kofe in duhovnike, da bodo radi izpolnjevali to, kar u\u010dijo.<\/span><\/li>\n<li><span style=\"font-family: arial, helvetica, sans-serif; font-size: 14pt;\">Odpri na\u0161a u\u0161esa in srca, da bomo sli\u0161ali tvojo besedo in klice so-ljudi, ki so v stiski.<\/span><\/li>\n<li><span style=\"font-family: arial, helvetica, sans-serif; font-size: 14pt;\">Stoj v teh te\u017ekih \u010dasih ob strani zdravstvenim delavcem, da bodo zmogli prena\u0161ati vse napore.<\/span><\/li>\n<li><span style=\"font-family: arial, helvetica, sans-serif; font-size: 14pt;\">Sprejmi k sebi v ve\u010dno veselje vse ljudi, \u0161e posebno tiste, ki so radi delali dobro.<\/span><\/li>\n<\/ol>\n<p><span style=\"font-family: arial, helvetica, sans-serif; font-size: 14pt;\">Gospod Jezus, odvra\u010daj nas od hudega in nas nagibaj k dobremu. Usli\u0161i na\u0161e pro\u0161nje zdaj in vekomaj. Amen.<\/span><\/p>\n<p>&nbsp;<\/p>\n","protected":false},"excerpt":{"rendered":"<p>SLI\u0160IM TE \u2013 PA TE TUDI RAZUMEM? V skupini so si pripovedovali zgodbo, ki je \u0161la od ust do ust. Treba jo je bilo poslu\u0161ati zbrano. Prvotna razli\u010dica zgodbe je bila precej druga\u010dna od kon\u010dne. Zakaj? Nekateri udele\u017eenci niso pozorno poslu\u0161ali, drugi so kak\u0161no podrobnost pozabili, eni so sli\u0161ali in drugim posredovali tisto, kar jim <a class=\"read-more\" href=\"https:\/\/www.ztz.rkc.si\/index.php\/2020\/11\/23\/teden-karitas-nagovor-za-ponedeljek-23-11-2020\/\">Preberi ve\u010d<\/a><\/p>\n","protected":false},"author":2,"featured_media":1145,"comment_status":"open","ping_status":"open","sticky":false,"template":"","format":"standard","meta":{"footnotes":""},"categories":[1],"tags":[],"class_list":["post-1143","post","type-post","status-publish","format-standard","has-post-thumbnail","hentry","category-uncategorized"],"_links":{"self":[{"href":"https:\/\/www.ztz.rkc.si\/index.php\/wp-json\/wp\/v2\/posts\/1143","targetHints":{"allow":["GET"]}}],"collection":[{"href":"https:\/\/www.ztz.rkc.si\/index.php\/wp-json\/wp\/v2\/posts"}],"about":[{"href":"https:\/\/www.ztz.rkc.si\/index.php\/wp-json\/wp\/v2\/types\/post"}],"author":[{"embeddable":true,"href":"https:\/\/www.ztz.rkc.si\/index.php\/wp-json\/wp\/v2\/users\/2"}],"replies":[{"embeddable":true,"href":"https:\/\/www.ztz.rkc.si\/index.php\/wp-json\/wp\/v2\/comments?post=1143"}],"version-history":[{"count":3,"href":"https:\/\/www.ztz.rkc.si\/index.php\/wp-json\/wp\/v2\/posts\/1143\/revisions"}],"predecessor-version":[{"id":1147,"href":"https:\/\/www.ztz.rkc.si\/index.php\/wp-json\/wp\/v2\/posts\/1143\/revisions\/1147"}],"wp:featuredmedia":[{"embeddable":true,"href":"https:\/\/www.ztz.rkc.si\/index.php\/wp-json\/wp\/v2\/media\/1145"}],"wp:attachment":[{"href":"https:\/\/www.ztz.rkc.si\/index.php\/wp-json\/wp\/v2\/media?parent=1143"}],"wp:term":[{"taxonomy":"category","embeddable":true,"href":"https:\/\/www.ztz.rkc.si\/index.php\/wp-json\/wp\/v2\/categories?post=1143"},{"taxonomy":"post_tag","embeddable":true,"href":"https:\/\/www.ztz.rkc.si\/index.php\/wp-json\/wp\/v2\/tags?post=1143"}],"curies":[{"name":"wp","href":"https:\/\/api.w.org\/{rel}","templated":true}]}}