{"id":1057,"date":"2020-09-20T05:59:24","date_gmt":"2020-09-20T05:59:24","guid":{"rendered":"https:\/\/www.ztz.rkc.si\/?p=1057"},"modified":"2020-09-20T05:59:24","modified_gmt":"2020-09-20T05:59:24","slug":"razglasitev-sv-hieronima-za-glavnega-zavetnika-skofije-koper","status":"publish","type":"post","link":"https:\/\/www.ztz.rkc.si\/index.php\/2020\/09\/20\/razglasitev-sv-hieronima-za-glavnega-zavetnika-skofije-koper\/","title":{"rendered":"RAZGLASITEV SV. HIERONIMA ZA GLAVNEGA ZAVETNIKA \u0160KOFIJE KOPER"},"content":{"rendered":"<p style=\"text-align: center;\"><span style=\"color: #800080;\"><strong><span style=\"font-family: arial, helvetica, sans-serif; font-size: 14pt;\">Z veseljem vas vabim na razglasitev svetega Hieronima,<\/span><\/strong><\/span><\/p>\n<p style=\"text-align: center;\"><span style=\"color: #800080;\"><strong><span style=\"font-family: arial, helvetica, sans-serif; font-size: 14pt;\">duhovnika in cerkvenega u\u010ditelja,<\/span><\/strong><\/span><\/p>\n<p style=\"text-align: center;\"><span style=\"color: #800080;\"><strong><span style=\"font-family: arial, helvetica, sans-serif; font-size: 14pt;\">za glavnega zavetnika \u0160kofije Koper,<\/span><\/strong><\/span><\/p>\n<p style=\"text-align: center;\"><span style=\"color: #800080;\"><strong><span style=\"font-family: arial, helvetica, sans-serif; font-size: 14pt;\">ki bo v soboto 26. septembra 2020 ob 10.00 v stolnici v Kopru.<\/span><\/strong><\/span><\/p>\n<p style=\"text-align: center;\"><span style=\"color: #800080;\"><strong><span style=\"font-family: arial, helvetica, sans-serif; font-size: 14pt;\">Slovesnost bo vodil nj. eksc. msgr. dr. Jean-Marie Speich,<\/span><\/strong><\/span><\/p>\n<p style=\"text-align: center;\"><span style=\"color: #800080;\"><strong><span style=\"font-family: arial, helvetica, sans-serif; font-size: 14pt;\">apostolski nuncij v Sloveniji.<\/span><\/strong><\/span><\/p>\n<p style=\"text-align: center;\"><span style=\"color: #800080;\"><strong><span style=\"font-family: arial, helvetica, sans-serif; font-size: 14pt;\">Jurij Bizjak, koprski \u0161kof<\/span><\/strong><\/span><\/p>\n<p><img loading=\"lazy\" decoding=\"async\" class=\"alignnone size-full wp-image-1058 aligncenter\" src=\"https:\/\/www.ztz.rkc.si\/wp-content\/uploads\/2020\/09\/hieronim.jpg\" alt=\"\" width=\"189\" height=\"300\" \/><\/p>\n<p>&nbsp;<\/p>\n<hr \/>\n<p><span style=\"font-family: arial, helvetica, sans-serif; font-size: 14pt;\">\u00bbKdor ne pozna Svetega pisma, ne pozna tudi, kaj je bo\u017eja mo\u010d in njegova modrost: nepoznanje Svetega pisma je nepoznanje Kristusa,\u00ab je zapisal sv. Hieronim, ki ga Cerkev \u010dasti kot prevajalca in razlagalca Svetega pisma ter enega od \u0161tirih velikih zahodnih cerkvenih u\u010diteljev. V zgodovino Cerkve se je zapisal predvsem s prevodom celotnega Svetega pisma v latin\u0161\u010dino, ki ga je v nekaj desetletjih pripravil sam, in je bilo za tiste \u010dase nekaj izrednega in je upravi\u010deno vzbujalo ob\u010dudovanje. Zaslovel pa je tudi z bistrimi razlagami Svetega pisma in z drugimi spisi, zlasti asketskimi.<\/span><\/p>\n<p><span style=\"font-family: arial, helvetica, sans-serif; font-size: 14pt;\">Hieronim (gr\u0161ko \u201c\u010dlovek s svetim imenom\u201d) se je rodil okoli leta 345 v mestu Stridon na meji z Dalmacijo, ju\u017eno od \u010drte Akvileja-Emona, morda na sedanjih slovenskih tleh (obstaja ve\u010d domnev). Star\u0161i so bili premo\u017eni in so bistrega sina poslali v \u0161ole, najprej v Milan, nato v Rim. Imel je \u010dudovit spomin in izreden dar za u\u010denje jezikov. Nekaj \u010dasa se je dru\u017eil z veselja\u0161ko mladino. Proti koncu rimskih \u0161tudij se je vpisal med katehumene in na velikono\u010dno vigilijo leta 366 ga je pape\u017e Liberij krstil. To je zanj pomenilo za\u010detek novega \u017eivljenja. Veliko je potoval in si \u0161iril obzorje. Leta 370 je \u0161el v Oglej, kjer se je pridru\u017eil ob\u010destvu, v katerem so prebirali Sveto pismo in razpravljali o bogoslovnih vpra\u0161anjih. Bili so povezani s podobno bogoljubno dru\u017ebo v Emoni (Ljubljani). Pot ga je zanesla na Vzhod, v sirsko Antiohijo, kjer se je u\u010dil gr\u0161\u010dine in hebrej\u0161\u010dine ter se poglabljal v \u0161tudij Svetega pisma. Tri leta je pre\u017eivel kot spokornik v pu\u0161\u010davi, pa je uvidel, da to ni zanj. Leta 379 se je dal posvetiti za duhovnika in se spet odpravil na pot. Ustavil se je v Carigradu pri \u0161kofu Gregorju Nacian\u0161kem, ki mu je bil predvsem u\u010ditelj v razlaganju Svetega pisma. Leta 382 je pri\u0161el v Rim in pape\u017e Damaz ga je izbral za tajnika. Spoznal je njegovo u\u010denost in spodbudil ga je, naj predela neustrezni latinski prevod Svetega pisma. Najprej je pregledal evangelije nato \u0161e druge knjige Nove zaveze. V Rimu je postal duhovni voditelj pobo\u017enih \u017een, katerim je razlagal Sveto pismo. Pape\u017e Siricij, ki je na Petrovem sede\u017eu nasledil Damaza, ni kazal posebnega zanimanja za Hieronimovo delo, zato je sklenil zapustiti Rim in se za zmeraj preseliti na Vzhod. To je storil leta 385.<\/span><\/p>\n<p><span style=\"font-family: arial, helvetica, sans-serif; font-size: 14pt;\">Ko je pri\u0161el v Palestino, je Hieronim kot romar in raziskovalec obiskal najprej kraje, omenjene v Svetem pismu, nato je od\u0161el v Egipt. Leta 386 se je s svojimi spremljevalci vrnil v Betlehem, kjer je vodil mo\u0161ki samostan; od takrat Palestine ni ve\u010d zapustil. Tedaj se je za Hieronima za\u010delo obdobje prizadevnega dela, ki je trajalo skoraj trideset let. \u017divel je v najstro\u017eji askezi in ves \u010das posvetil prevajanju in pisanju. V Betlehemu je napisal svoja najpomembnej\u0161a bogoslovna in asketska dela, tam je dokon\u010dal svoje \u017eivljenjsko delo \u2013 prevod \u2013 Svetega pisma Stare zaveze iz hebrej\u0161\u010dine in aramej\u0161\u010dine. To je bilo delo, ki bi dandanes za ve\u010d let zaposlilo mno\u017eico strokovnjakov, on pa ga je opravil sam (pri prevajanju je imel v pomo\u010d mnogo pisarjev) in sicer tako temeljito, da je bil prevod splo\u0161no sprejet; tridentinski koncil je leta 1546 Hieronimov prevod sprejel za uradno svetopisemsko besedilo rimskokatoli\u0161ke Cerkve. Delal je do zadnjega, k ve\u010dnemu po\u010ditku je od\u0161el 30. septembra, najverjetneje leta 420 in na ta dan je njegov god v svetni\u0161kem koledarju vesoljne Cerkve.<\/span><\/p>\n<p align=\"right\"><span style=\"font-family: arial, helvetica, sans-serif; font-size: 14pt;\">Silvester \u010cUK (Vir: ognjisce.si)<\/span><\/p>\n","protected":false},"excerpt":{"rendered":"<p>Z veseljem vas vabim na razglasitev svetega Hieronima, duhovnika in cerkvenega u\u010ditelja, za glavnega zavetnika \u0160kofije Koper, ki bo v soboto 26. septembra 2020 ob 10.00 v stolnici v Kopru. Slovesnost bo vodil nj. eksc. msgr. dr. Jean-Marie Speich, apostolski nuncij v Sloveniji. Jurij Bizjak, koprski \u0161kof &nbsp; \u00bbKdor ne pozna Svetega pisma, ne pozna <a class=\"read-more\" href=\"https:\/\/www.ztz.rkc.si\/index.php\/2020\/09\/20\/razglasitev-sv-hieronima-za-glavnega-zavetnika-skofije-koper\/\">Preberi ve\u010d<\/a><\/p>\n","protected":false},"author":2,"featured_media":1058,"comment_status":"open","ping_status":"open","sticky":false,"template":"","format":"standard","meta":{"footnotes":""},"categories":[1],"tags":[],"class_list":["post-1057","post","type-post","status-publish","format-standard","has-post-thumbnail","hentry","category-uncategorized"],"_links":{"self":[{"href":"https:\/\/www.ztz.rkc.si\/index.php\/wp-json\/wp\/v2\/posts\/1057","targetHints":{"allow":["GET"]}}],"collection":[{"href":"https:\/\/www.ztz.rkc.si\/index.php\/wp-json\/wp\/v2\/posts"}],"about":[{"href":"https:\/\/www.ztz.rkc.si\/index.php\/wp-json\/wp\/v2\/types\/post"}],"author":[{"embeddable":true,"href":"https:\/\/www.ztz.rkc.si\/index.php\/wp-json\/wp\/v2\/users\/2"}],"replies":[{"embeddable":true,"href":"https:\/\/www.ztz.rkc.si\/index.php\/wp-json\/wp\/v2\/comments?post=1057"}],"version-history":[{"count":1,"href":"https:\/\/www.ztz.rkc.si\/index.php\/wp-json\/wp\/v2\/posts\/1057\/revisions"}],"predecessor-version":[{"id":1059,"href":"https:\/\/www.ztz.rkc.si\/index.php\/wp-json\/wp\/v2\/posts\/1057\/revisions\/1059"}],"wp:featuredmedia":[{"embeddable":true,"href":"https:\/\/www.ztz.rkc.si\/index.php\/wp-json\/wp\/v2\/media\/1058"}],"wp:attachment":[{"href":"https:\/\/www.ztz.rkc.si\/index.php\/wp-json\/wp\/v2\/media?parent=1057"}],"wp:term":[{"taxonomy":"category","embeddable":true,"href":"https:\/\/www.ztz.rkc.si\/index.php\/wp-json\/wp\/v2\/categories?post=1057"},{"taxonomy":"post_tag","embeddable":true,"href":"https:\/\/www.ztz.rkc.si\/index.php\/wp-json\/wp\/v2\/tags?post=1057"}],"curies":[{"name":"wp","href":"https:\/\/api.w.org\/{rel}","templated":true}]}}