{"id":1051,"date":"2020-09-13T05:51:45","date_gmt":"2020-09-13T05:51:45","guid":{"rendered":"https:\/\/www.ztz.rkc.si\/?p=1051"},"modified":"2020-09-13T05:51:45","modified_gmt":"2020-09-13T05:51:45","slug":"24-nedelja-med-letom-katehetska-rim-147-9-mt-1821-35","status":"publish","type":"post","link":"https:\/\/www.ztz.rkc.si\/index.php\/2020\/09\/13\/24-nedelja-med-letom-katehetska-rim-147-9-mt-1821-35\/","title":{"rendered":"24. nedelja med letom (katehetska), Rim 14,7-9; Mt 18,21-35"},"content":{"rendered":"<div class=\"yF0IC\" data-hook=\"post-description\">\n<article class=\"blog-post-page-font\">\n<div class=\"post-content__body\">\n<div class=\"Bkj7Z _3zFq8 _2fe0R\" data-rce-version=\"7.19.2\">\n<div class=\"kcuBq YK7RC blog-post-page-font _3EDx7 uatYj\" dir=\"ltr\">\n<div class=\"kaqlz _2QFkw blog-post-page-font VqbkD\">\n<p id=\"viewer-foo\" class=\"XzvDs _208Ie tFDi5 blog-post-text-font blog-post-text-color _2QAo- _25MYV _6RI6N tFDi5 public-DraftStyleDefault-block-depth0 public-DraftStyleDefault-text-ltr\"><span style=\"font-family: arial, helvetica, sans-serif; font-size: 14pt;\">Bog nama zagotavlja: \u00bbJaz sem odre\u0161enje ljudstva. V kakr\u0161ni koli preizku\u0161nji me bodo klicali, jih bom usli\u0161al. Jaz bom njihov Bog za vedno.\u00ab Ve\u010d kakor o\u010ditno je, da niti midva niti vsi drugi te Bo\u017eje izjave ne jemljemo preve\u010d resno. Navadno se zaradi dogodkov zunanje in notranje zgodovine z Bogom prepirava. Prito\u017eujeva se in ugovarjava. \u010ce bi Bog res bil, se nama zlo ne bi moglo dogajati. O tej na\u0161i te\u017eavi govori prilika, ki jo bereva v dana\u0161njem evangeliju. V najinih o\u010deh se gospodar iz prilike obna\u0161a zelo krivi\u010dno. Vsem delavcem namre\u010d pla\u010da enako. Ne glede na to, koliko \u010dasa je kdo delal dobro, vsi prejmemo enako pla\u010dilo. Tudi tisti, ki se je zadnji hip spreobrnil in odrekel zlu, pokvarjenosti, kraji in zlorabam, ki jih je v \u017eivljenju, morda na\u010drtno, delal. To se nama ne zdi pravi\u010dno.<\/span><\/p>\n<p id=\"viewer-baoii\" class=\"XzvDs _208Ie tFDi5 blog-post-text-font blog-post-text-color _2QAo- _25MYV _6RI6N tFDi5 public-DraftStyleDefault-block-depth0 public-DraftStyleDefault-text-ltr\"><span style=\"font-family: arial, helvetica, sans-serif; font-size: 14pt;\">Spet se sre\u010dujeva s temeljnim vpra\u0161anjem bivanja: Zakaj so najine misli vedno tako druga\u010dne in dale\u010d od Bo\u017ejih? Kaj pri\u010dakujeva od Boga in \u017eivljenja, da so najine misli tako druga\u010dne od Bo\u017ejih?<\/span><\/p>\n<p id=\"viewer-9qeov\" class=\"XzvDs _208Ie tFDi5 blog-post-text-font blog-post-text-color _2QAo- _25MYV _6RI6N tFDi5 public-DraftStyleDefault-block-depth0 public-DraftStyleDefault-text-ltr\"><span style=\"font-family: arial, helvetica, sans-serif; font-size: 14pt;\">Tudi midva sva prepri\u010dana, da Bog ne upo\u0161teva najinih zaslug. Tudi midva sva prepri\u010dana, da si od Boga zaslu\u017eiva posebno obravnavo. \u017dal je ne dobiva. Zakaj torej tak\u0161na razlika med Bo\u017ejimi in najinimi mislimi?<\/span><\/p>\n<p id=\"viewer-bt8ji\" class=\"XzvDs _208Ie tFDi5 blog-post-text-font blog-post-text-color _2QAo- _25MYV _6RI6N tFDi5 public-DraftStyleDefault-block-depth0 public-DraftStyleDefault-text-ltr\"><span style=\"font-family: arial, helvetica, sans-serif; font-size: 14pt;\">Pravi odgovor nama da tudi prerok Izaija: \u00bbI\u0161\u010dite Gospoda \/\u2026\/ Krivi\u010dni naj zapusti svojo pot in hudobni svoje misli. Vrne naj se h Gospodu.\u00ab Ali midva res i\u0161\u010deva Gospoda ali zgolj njegove darove? Ne vrneva se k njemu, ampak kljub temu zahtevava, da dela to, kar ho\u010deva midva.<\/span><\/p>\n<p id=\"viewer-cf85r\" class=\"XzvDs _208Ie tFDi5 blog-post-text-font blog-post-text-color _2QAo- _25MYV _6RI6N tFDi5 public-DraftStyleDefault-block-depth0 public-DraftStyleDefault-text-ltr\"><span style=\"font-family: arial, helvetica, sans-serif; font-size: 14pt;\">Njegova \u017eelja, da bi bil z nama, naju verjetno ne zanima kaj dosti. Ker njegovega hrepenenja ne zaznavava, se med seboj primerjava in tekmujeva. Treseva se, da ne bi imela manj od drugih. To ka\u017ee, kako \u0161ibek je najin odnos z Bogom in kako neob\u010dutljiva sva za njegovo hrepenenje. Zato ni \u010dudno, \u010de sva nevo\u0161\u010dljiva in nama ta nevo\u0161\u010dljivost jemlje veselje do drobnih \u010dude\u017eev \u017eivljenja, ki jih Bog vsak dan dela za naju in slehernega \u010dloveka.<\/span><\/p>\n<p id=\"viewer-e4lel\" class=\"XzvDs _208Ie tFDi5 blog-post-text-font blog-post-text-color _2QAo- _25MYV _6RI6N tFDi5 public-DraftStyleDefault-block-depth0 public-DraftStyleDefault-text-ltr\"><span style=\"font-family: arial, helvetica, sans-serif; font-size: 14pt;\">K sre\u010di Bog ne odneha in naju spra\u0161uje: \u00bbAli ne smem storiti s svojim, kar ho\u010dem? Ali je tvoje oko hudobno, ker sem jaz dober?\u00ab Iz kak\u0161nih razlogov midva omejujeva Bo\u017eje usmiljenje in dobroto, \u010de ne zato, ker je v resnici sama \u0161e nisva nikdar do\u017eivela? Nisva mu dovolila, da se naju dotakne. Morda sva kakor starej\u0161i sin iz prilike o izgubljenem sinu, ki se prito\u017euje: \u00bbGlej, toliko let ti slu\u017eim in nikoli nisem prestopil tvojega ukaza, pa mi nisi \u0161e nikoli dal kozli\u010da, da bi se poveselil s svojimi prijatelji\u00ab (Lk 15,29).<\/span><\/p>\n<p id=\"viewer-dfjqn\" class=\"XzvDs _208Ie tFDi5 blog-post-text-font blog-post-text-color _2QAo- _25MYV _6RI6N tFDi5 public-DraftStyleDefault-block-depth0 public-DraftStyleDefault-text-ltr\"><span style=\"font-family: arial, helvetica, sans-serif; font-size: 14pt;\">\u010ce se ne moreva razveseliti, da ima brat ali sestra toliko kakor jaz ali ve\u010d, potem imava isto te\u017eavo. \u010ce se ne razveseliva z Bogom O\u010detom, ki \u017eeli razveseliti vse ljudi, ki jih je ustvaril, \u010deprav si to zaslu\u017eijo le nekateri, sva kakor starej\u0161i brat. Midva zagotovo nisva kakor sveti Pavel. On se bolj veseli tega, da se Bog podarja vsem, kakor tega, da se podarja samo njemu. Ker se ne vrti okrog sebe, lahko mirno re\u010de, da je njegovo veselje v tem, da bova midva napredovala in se veselila v svoji veri ter se \u0161e bolj pona\u0161ala v Jezusu Kristusu (Flp 1,25\u201326).<\/span><\/p>\n<p id=\"viewer-ao38u\" class=\"XzvDs _208Ie tFDi5 blog-post-text-font blog-post-text-color _2QAo- _25MYV _6RI6N tFDi5 public-DraftStyleDefault-block-depth0 public-DraftStyleDefault-text-ltr\"><span style=\"font-family: arial, helvetica, sans-serif; font-size: 14pt;\">On se veseli najinega napredovanja in veselja v zaupljivem odnosu z Bogom O\u010detom v mo\u010di Jezusa Kristusa, v katerem odkrivava njegovo skrb zase in za vse. \u010ce to sprejmeva, ne bova ve\u010d potrebovala nevo\u0161\u010dljivosti in ljubosumnosti. Najino srce ne bo ve\u010d mislilo samo nase, ampak na Boga in njegovo veselje nad vsakim \u010dlovekom. Vrniva se k njemu in mu dopustiva, da naju pre\u017eame njegovo hrepenenje in njegova misel za naju in za vsakega \u010dloveka, ki ga sre\u010dava.<br \/>\n<\/span><\/p>\n<p><span style=\"font-family: arial, helvetica, sans-serif; font-size: 14pt;\">p. Dr. Vili Lov\u0161e<\/span><\/p>\n<\/div>\n<\/div>\n<\/div>\n<\/div>\n<\/article>\n<\/div>\n","protected":false},"excerpt":{"rendered":"<p>Bog nama zagotavlja: \u00bbJaz sem odre\u0161enje ljudstva. V kakr\u0161ni koli preizku\u0161nji me bodo klicali, jih bom usli\u0161al. Jaz bom njihov Bog za vedno.\u00ab Ve\u010d kakor o\u010ditno je, da niti midva niti vsi drugi te Bo\u017eje izjave ne jemljemo preve\u010d resno. Navadno se zaradi dogodkov zunanje in notranje zgodovine z Bogom prepirava. Prito\u017eujeva se in ugovarjava. <a class=\"read-more\" href=\"https:\/\/www.ztz.rkc.si\/index.php\/2020\/09\/13\/24-nedelja-med-letom-katehetska-rim-147-9-mt-1821-35\/\">Preberi ve\u010d<\/a><\/p>\n","protected":false},"author":2,"featured_media":129,"comment_status":"open","ping_status":"open","sticky":false,"template":"","format":"standard","meta":{"footnotes":""},"categories":[1],"tags":[],"class_list":["post-1051","post","type-post","status-publish","format-standard","has-post-thumbnail","hentry","category-uncategorized"],"_links":{"self":[{"href":"https:\/\/www.ztz.rkc.si\/index.php\/wp-json\/wp\/v2\/posts\/1051","targetHints":{"allow":["GET"]}}],"collection":[{"href":"https:\/\/www.ztz.rkc.si\/index.php\/wp-json\/wp\/v2\/posts"}],"about":[{"href":"https:\/\/www.ztz.rkc.si\/index.php\/wp-json\/wp\/v2\/types\/post"}],"author":[{"embeddable":true,"href":"https:\/\/www.ztz.rkc.si\/index.php\/wp-json\/wp\/v2\/users\/2"}],"replies":[{"embeddable":true,"href":"https:\/\/www.ztz.rkc.si\/index.php\/wp-json\/wp\/v2\/comments?post=1051"}],"version-history":[{"count":1,"href":"https:\/\/www.ztz.rkc.si\/index.php\/wp-json\/wp\/v2\/posts\/1051\/revisions"}],"predecessor-version":[{"id":1052,"href":"https:\/\/www.ztz.rkc.si\/index.php\/wp-json\/wp\/v2\/posts\/1051\/revisions\/1052"}],"wp:featuredmedia":[{"embeddable":true,"href":"https:\/\/www.ztz.rkc.si\/index.php\/wp-json\/wp\/v2\/media\/129"}],"wp:attachment":[{"href":"https:\/\/www.ztz.rkc.si\/index.php\/wp-json\/wp\/v2\/media?parent=1051"}],"wp:term":[{"taxonomy":"category","embeddable":true,"href":"https:\/\/www.ztz.rkc.si\/index.php\/wp-json\/wp\/v2\/categories?post=1051"},{"taxonomy":"post_tag","embeddable":true,"href":"https:\/\/www.ztz.rkc.si\/index.php\/wp-json\/wp\/v2\/tags?post=1051"}],"curies":[{"name":"wp","href":"https:\/\/api.w.org\/{rel}","templated":true}]}}